{"id":17668,"date":"2019-01-03T16:10:40","date_gmt":"2019-01-03T19:10:40","guid":{"rendered":"http:\/\/blogs.correio24horas.com.br\/mesalte\/?p=17668"},"modified":"2019-01-03T16:20:58","modified_gmt":"2019-01-03T19:20:58","slug":"azul-ou-rosa-eu-prefiro-vestir-vermelho-branco-amarelo","status":"publish","type":"post","link":"https:\/\/blogs.correio24horas.com.br\/mesalte\/azul-ou-rosa-eu-prefiro-vestir-vermelho-branco-amarelo\/","title":{"rendered":"Azul ou rosa? Eu prefiro vestir vermelho, branco, amarelo&#8230;."},"content":{"rendered":"<p><em>&#8216;- Vestido pra menina? Tem esse rosa aqui&#8217;. <\/em><br \/>\n<em>-&#8216;N\u00e3o, obrigado. Eu prefiro cores alternativas para meninas. Prefiro verde ou azul. Rosa \u00e9 muito clich\u00ea&#8217;.\u00a0<\/em><br \/>\n<em>-&#8216;Ah, t\u00e1! O senhor \u00e9 diferente, n\u00e9?!&#8221;<\/em><\/p>\n<p>Nos \u00faltimos tr\u00eas anos, todas as vezes que vou a uma loja de roupas infantis comprar algo para minha afilhada tenho esse di\u00e1logo como via de regra em qualquer lugar. Sofia, pelas minhas m\u00e3os, nunca ganhou um vestido rosa. Realmente, acho muito clich\u00ea, especialmente pelas conven\u00e7\u00f5es de achar que &#8216;rosa \u00e9 cor de menina&#8217; e &#8216;azul cor de menino&#8217;.\u00a0Sofia at\u00e9 tem roupas rosa e at\u00e9 gosta de us\u00e1-las, mas adora os vestidos que o dindo lhe presenteia.<\/p>\n<p>N\u00e3o sei se no futuro ela mudar\u00e1 de ideia e ser\u00e1 uma pink girl, mas a quem isso importa mesmo? Colocar regras sobre a cor da roupa que se usa \u00e9 t\u00e3o ultrapassado que todas as vezes que ou\u00e7o esse tema tenho a sensa\u00e7\u00e3o de que estou vendo uma novela antiga no Vale a Pena Ver de Novo.<\/p>\n<p>Sempre odiei a regra de &#8216;ter que&#8217; usar azul somente por ter nascido menino. Gra\u00e7as aos seres celestiais, meus pais pensavam igual a mim. J\u00e1 na maternidade, sa\u00ed de branco. Meu ber\u00e7o n\u00e3o era azul. At\u00e9 tinha roupas azuis quando era pequeno, mas n\u00e3o era condicionado a usar elas assim. Minha bab\u00e1, Rosa (que odiava usar a cor rosa), adorava me vestir de branco, verde, amarelo e at\u00e9 mesmo de vermelho (para espantar o olhado, como ela dizia).<\/p>\n<p>Sim, eu brincava de bola, era craque de futebol (com bem mostra a foto acima) e&#8230;n\u00e3o usava azul com regularidade. Ter ou n\u00e3o ter usado azul n\u00e3o me faria mais ou menos homem. Sofia usar pouco ou muito rosa n\u00e3o far\u00e1 dela menos ou mais mulher.<\/p>\n<p>Afinal, a quem importa saber a cor da roupa que est\u00e1 sobre minha pele? O que vai interferir na roupa de algu\u00e9m ter um tecido azul ou rosa no meu corpo? Nossa sociedade est\u00e1 precisando se preocupar com outras prioridades. At\u00e9 hoje eu s\u00f3 acho equ\u00edvoco madrinha de casamento usar preto e convidado usar branco. Tirando isso, uso a cor que eu quiser, na hora que me der vontade.<\/p>\n<p>Nesse R\u00e9veillon, por exemplo, usei uma bermuda azul. N\u00e3o &#8216;fiquei mais homem&#8217; por ter feito isso. A bermuda poderia ter sido rosa e isso n\u00e3o mudaria nada na minha vida nem na vida de quem me viu. No m\u00e1ximo, mudaria a energia de coisas para o ano novo.<\/p>\n<p>Precisamos nos despir dos preconceitos, conceitos e regras que est\u00e3o encrustadas na nossa sociedade de forma desnecess\u00e1ria. Cor n\u00e3o tem g\u00eanero. Uma vez ouvi de uma vendedora, em uma loja, que &#8216;Jesus n\u00e3o usava rosa&#8217;.\u00a0Confesso que n\u00e3o achei nenhum lugar na b\u00edblia falando do dress code de Jesus. Ser\u00e1 que ele poderia ter usado t\u00fanica branca? E o looks vermelhos? Jesus pode ou n\u00e3o pode? Ai, gente!<\/p>\n<p>&nbsp;<\/p>\n<p><iframe loading=\"lazy\" style=\"border: none; overflow: hidden;\" src=\"https:\/\/www.facebook.com\/plugins\/video.php?href=https%3A%2F%2Fwww.facebook.com%2FDireitaDF%2Fvideos%2F304507120173908%2F&amp;show_text=0&amp;width=846\" width=\"846\" height=\"1100\" frameborder=\"0\" scrolling=\"no\" allowfullscreen=\"allowfullscreen\"><\/iframe><\/p>\n<p>Em v\u00eddeo que circulou nesta quarta-feira (2), em redes sociais, a ministra nova da Mulher, Fam\u00edlia e Direitos Humanos, Damares Alves, afirmou que o Brasil est\u00e1 em &#8220;nova era&#8221; em que &#8220;menino veste azul e menina veste rosa&#8221;. Fiquei aqui imaginando agora todo mundo futucando as roupas e vendo se \u00e9 homem ou \u00e9 mulher s\u00f3 com essa norma de cores que est\u00e3o inventando.<\/p>\n<p>Damares\u00a0 \u00e9 educadora, advogada e foi assessora parlamentar no gabinete do senador Magno Malta (ES), um dos principais aliados do presidente Jair Bolsonaro.\u00a0 Caber\u00e1 \u00e0 pasta coordenar as pol\u00edticas e as diretrizes destinadas \u00e0 promo\u00e7\u00e3o dos direitos humanos.\u00a0A pasta que est\u00e1 sob o comando de Damares \u00e9 densa, intensa e complicada. Certamente, ela ter\u00e1 bastante coisa para se ocupar do que indicar as diretrizes de qual cor da roupa mais &#8216;adequada&#8217; para serem usadas por homens e mulheres.<\/p>\n<p>Infelizmente, nobre ministra, lamento que n\u00e3o poderei seguir as normas de cores dessa era.\u00a0 Meu guarda-roupa \u00e9 mais colorido do que o arco-\u00edris! At\u00e9 tenho umas blusinhas completamente azuis, mas acho uma cor t\u00e3o apagada que n\u00e3o consigo criar empatia por ela. Prefiro cores mais vibrantes. Acho que elas combinam mais com meu tom de pele.<\/p>\n<p><img loading=\"lazy\" decoding=\"async\" class=\"aligncenter size-large wp-image-17676\" src=\"https:\/\/blogs.correio24h.com.br\/mesalte\/wp-content\/uploads\/2019\/01\/cancun-819x1024.jpg\" alt=\"cancun\" width=\"819\" height=\"1024\" srcset=\"https:\/\/blogs.correio24h.com.br\/mesalte\/wp-content\/uploads\/2019\/01\/cancun-819x1024.jpg 819w, https:\/\/blogs.correio24h.com.br\/mesalte\/wp-content\/uploads\/2019\/01\/cancun-240x300.jpg 240w, https:\/\/blogs.correio24h.com.br\/mesalte\/wp-content\/uploads\/2019\/01\/cancun-768x960.jpg 768w, https:\/\/blogs.correio24h.com.br\/mesalte\/wp-content\/uploads\/2019\/01\/cancun-117x146.jpg 117w, https:\/\/blogs.correio24h.com.br\/mesalte\/wp-content\/uploads\/2019\/01\/cancun-40x50.jpg 40w, https:\/\/blogs.correio24h.com.br\/mesalte\/wp-content\/uploads\/2019\/01\/cancun-60x75.jpg 60w, https:\/\/blogs.correio24h.com.br\/mesalte\/wp-content\/uploads\/2019\/01\/cancun.jpg 1080w\" sizes=\"auto, (max-width: 819px) 100vw, 819px\" \/><\/p>\n","protected":false},"excerpt":{"rendered":"<p>&#8216;- Vestido pra menina? Tem esse rosa aqui&#8217;. -&#8216;N\u00e3o, obrigado. Eu prefiro cores alternativas para meninas. Prefiro verde ou azul. Rosa \u00e9 muito clich\u00ea&#8217;.\u00a0 -&#8216;Ah, t\u00e1! [&hellip;]<\/p>\n","protected":false},"author":1,"featured_media":17674,"comment_status":"open","ping_status":"open","sticky":false,"template":"","format":"image","meta":{"footnotes":""},"categories":[80,9],"tags":[],"class_list":["post-17668","post","type-post","status-publish","format-image","has-post-thumbnail","hentry","category-home","category-me-orgulho","post_format-post-format-image"],"_links":{"self":[{"href":"https:\/\/blogs.correio24horas.com.br\/mesalte\/wp-json\/wp\/v2\/posts\/17668","targetHints":{"allow":["GET"]}}],"collection":[{"href":"https:\/\/blogs.correio24horas.com.br\/mesalte\/wp-json\/wp\/v2\/posts"}],"about":[{"href":"https:\/\/blogs.correio24horas.com.br\/mesalte\/wp-json\/wp\/v2\/types\/post"}],"author":[{"embeddable":true,"href":"https:\/\/blogs.correio24horas.com.br\/mesalte\/wp-json\/wp\/v2\/users\/1"}],"replies":[{"embeddable":true,"href":"https:\/\/blogs.correio24horas.com.br\/mesalte\/wp-json\/wp\/v2\/comments?post=17668"}],"version-history":[{"count":10,"href":"https:\/\/blogs.correio24horas.com.br\/mesalte\/wp-json\/wp\/v2\/posts\/17668\/revisions"}],"predecessor-version":[{"id":17682,"href":"https:\/\/blogs.correio24horas.com.br\/mesalte\/wp-json\/wp\/v2\/posts\/17668\/revisions\/17682"}],"wp:featuredmedia":[{"embeddable":true,"href":"https:\/\/blogs.correio24horas.com.br\/mesalte\/wp-json\/wp\/v2\/media\/17674"}],"wp:attachment":[{"href":"https:\/\/blogs.correio24horas.com.br\/mesalte\/wp-json\/wp\/v2\/media?parent=17668"}],"wp:term":[{"taxonomy":"category","embeddable":true,"href":"https:\/\/blogs.correio24horas.com.br\/mesalte\/wp-json\/wp\/v2\/categories?post=17668"},{"taxonomy":"post_tag","embeddable":true,"href":"https:\/\/blogs.correio24horas.com.br\/mesalte\/wp-json\/wp\/v2\/tags?post=17668"}],"curies":[{"name":"wp","href":"https:\/\/api.w.org\/{rel}","templated":true}]}}