{"id":17662,"date":"2019-01-03T11:04:25","date_gmt":"2019-01-03T14:04:25","guid":{"rendered":"http:\/\/blogs.correio24horas.com.br\/mesalte\/?p=17662"},"modified":"2019-01-03T19:10:07","modified_gmt":"2019-01-03T22:10:07","slug":"cortejo-afro-recebe-marienedecasto-e-a-banda-jammil-no-ensaio-desta-segunda-feira-07","status":"publish","type":"post","link":"https:\/\/blogs.correio24horas.com.br\/mesalte\/cortejo-afro-recebe-marienedecasto-e-a-banda-jammil-no-ensaio-desta-segunda-feira-07\/","title":{"rendered":"Cortejo Afro recebe Mariene de Castro e banda Jammil no ensaio desta segunda (07)"},"content":{"rendered":"<p>&nbsp;<\/p>\n<p>O Cortejo Afro realiza mais uma edi\u00e7\u00e3o do Ensaio, nesta segunda-feira (07), no Largo Quincas Berro D\u00b4\u00c1gua &#8211; Pelourinho, a partir das 21 horas, e recebe como convidadas Mariene de\u00a0 \u00a0Castro e a banda Jammil.<\/p>\n<p>Durante o show, que tem a dire\u00e7\u00e3o art\u00edstica de Alberto Pitta, a banda promete agitar o p\u00fablico com o som de suas composi\u00e7\u00f5es, mescladas a releituras de can\u00e7\u00f5es da MPB, do Pop e da batida percussiva, promovendo experi\u00eancias est\u00e9ticas inovadoras que v\u00e3o unir dan\u00e7a, m\u00fasica e artes visuais em um mesmo espet\u00e1culo.<\/p>\n<p>O projeto \u00e9 uma realiza\u00e7\u00e3o da Entidade Cultural Cortejo Afro e conta com os apoios do Clube Correio e da Secretaria de Cultura do Estado da Bahia.<\/p>\n<p>Servi\u00e7o:<br \/>\nO qu\u00ea: Ensaio do Cortejo Afro<br \/>\nConvidado: Jammil<br \/>\nQuando: Segunda-feira, 07\/01\/2019.<br \/>\nOnde: Largo Quincas Berro D\u2019\u00c1gua &#8211; Pelourinho \/ Salvador \u2013 Bahia.<br \/>\nHor\u00e1rio: 21h<br \/>\nQuanto: R$60,00 (inteira) e R$30,00 (meia-entrada). Vendas antecipadas nos Restaurantes Odoy\u00e1 e Portal do Pel\u00f4 (Pelourinho), site: www.sambavivo.com.br e na bilheteria do local, no dia do evento.<br \/>\nAbertura: DJ Pimenta<br \/>\nRealiza\u00e7\u00e3o: Entidade Cultural Cortejo Afro.<br \/>\nApoio: Clube Correio e Secretaria de Cultura do Estado da Bahia<\/p>\n","protected":false},"excerpt":{"rendered":"<p>&nbsp; O Cortejo Afro realiza mais uma edi\u00e7\u00e3o do Ensaio, nesta segunda-feira (07), no Largo Quincas Berro D\u00b4\u00c1gua &#8211; Pelourinho, a partir das 21 horas, e [&hellip;]<\/p>\n","protected":false},"author":1,"featured_media":17663,"comment_status":"open","ping_status":"open","sticky":false,"template":"","format":"image","meta":{"footnotes":""},"categories":[80],"tags":[],"class_list":["post-17662","post","type-post","status-publish","format-image","has-post-thumbnail","hentry","category-home","post_format-post-format-image"],"_links":{"self":[{"href":"https:\/\/blogs.correio24horas.com.br\/mesalte\/wp-json\/wp\/v2\/posts\/17662","targetHints":{"allow":["GET"]}}],"collection":[{"href":"https:\/\/blogs.correio24horas.com.br\/mesalte\/wp-json\/wp\/v2\/posts"}],"about":[{"href":"https:\/\/blogs.correio24horas.com.br\/mesalte\/wp-json\/wp\/v2\/types\/post"}],"author":[{"embeddable":true,"href":"https:\/\/blogs.correio24horas.com.br\/mesalte\/wp-json\/wp\/v2\/users\/1"}],"replies":[{"embeddable":true,"href":"https:\/\/blogs.correio24horas.com.br\/mesalte\/wp-json\/wp\/v2\/comments?post=17662"}],"version-history":[{"count":3,"href":"https:\/\/blogs.correio24horas.com.br\/mesalte\/wp-json\/wp\/v2\/posts\/17662\/revisions"}],"predecessor-version":[{"id":17685,"href":"https:\/\/blogs.correio24horas.com.br\/mesalte\/wp-json\/wp\/v2\/posts\/17662\/revisions\/17685"}],"wp:featuredmedia":[{"embeddable":true,"href":"https:\/\/blogs.correio24horas.com.br\/mesalte\/wp-json\/wp\/v2\/media\/17663"}],"wp:attachment":[{"href":"https:\/\/blogs.correio24horas.com.br\/mesalte\/wp-json\/wp\/v2\/media?parent=17662"}],"wp:term":[{"taxonomy":"category","embeddable":true,"href":"https:\/\/blogs.correio24horas.com.br\/mesalte\/wp-json\/wp\/v2\/categories?post=17662"},{"taxonomy":"post_tag","embeddable":true,"href":"https:\/\/blogs.correio24horas.com.br\/mesalte\/wp-json\/wp\/v2\/tags?post=17662"}],"curies":[{"name":"wp","href":"https:\/\/api.w.org\/{rel}","templated":true}]}}