{"id":17627,"date":"2019-01-01T21:32:39","date_gmt":"2019-01-02T00:32:39","guid":{"rendered":"http:\/\/blogs.correio24horas.com.br\/mesalte\/?p=17627"},"modified":"2019-01-01T21:34:01","modified_gmt":"2019-01-02T00:34:01","slug":"17627-2","status":"publish","type":"post","link":"https:\/\/blogs.correio24horas.com.br\/mesalte\/17627-2\/","title":{"rendered":"&#8216;Canto alegria, que \u00e9 a minha revolu\u00e7\u00e3o&#8217;, diz Daniela Mercury em show do Festival"},"content":{"rendered":"<p><em>Por Thais Borges, Victor Lahiri, Larissa Silva* e Gabriel Amorim*<\/em><\/p>\n<p>Daniela Mercury tem muitos sonhos. H\u00e1 20 anos, um deles se transformou no projeto P\u00f4r do Som, o tradicional show que d\u00e1 as boas-vindas ao primeiro dia do ano.<\/p>\n<p>Neste 1\u00ba de janeiro, no 20\u00ba anivers\u00e1rio do projeto, a Rainha do Ax\u00e9 trouxe os sonhos para o palco no \u00faltimo dia do Festival Virada Salvador, na Boca do Rio. Com um olhar sobre o povo, Daniela trouxe o sonho de igualdade e respeito \u00e0s minorias. Com a arte, convidou o p\u00fablico para uma reflex\u00e3o sobre a Declara\u00e7\u00e3o Universal dos Direitos Humanos, uma de suas inspira\u00e7\u00f5es para a apresenta\u00e7\u00e3o.<\/p>\n<blockquote><p>\u201cO tema\u00a0\u00e9 a liberdade, a democracia e a arte como express\u00e3o \u00fanica para o pa\u00eds. A coisa mais linda do ax\u00e9 \u00e9 que a gente canta o que a gente deseja. Por isso, come\u00e7o o ano cantando o que desejo. Canto alegria, que \u00e9 a minha revolu\u00e7\u00e3o\u201d, explicou a cantora, momentos antes de subir ao palco na arena que leva seu nome.<\/p><\/blockquote>\n\n\t\t\t<style type='text\/css'>\n\t\t\t\t#gallery-1 {\n\t\t\t\t\tmargin: auto;\n\t\t\t\t}\n\t\t\t\t#gallery-1 .gallery-item {\n\t\t\t\t\tfloat: left;\n\t\t\t\t\tmargin-top: 10px;\n\t\t\t\t\ttext-align: center;\n\t\t\t\t\twidth: 33.33%;\n\t\t\t\t}\n\t\t\t\t#gallery-1 img {\n\t\t\t\t\tborder: 2px solid #cfcfcf;\n\t\t\t\t}\n\t\t\t\t#gallery-1 .gallery-caption {\n\t\t\t\t\tmargin-left: 0;\n\t\t\t\t}\n\t\t\t\t\/* see gallery_shortcode() in wp-includes\/media.php *\/\n\t\t\t<\/style>\n\t\t<div id='gallery-1' class='gallery galleryid-17627 gallery-columns-3 gallery-size-thumbnail '><dl class='gallery-item'>\n\t\t\t\t<dt class='gallery-icon landscape'>\n\t\t\t\t\t<a href='https:\/\/blogs.correio24horas.com.br\/mesalte\/17627-2\/daniela-mercury_festival-virada-salvador-2019_foto_jefferson-pei-2\/'><img loading=\"lazy\" decoding=\"async\" width=\"150\" height=\"150\" src=\"https:\/\/blogs.correio24h.com.br\/mesalte\/wp-content\/uploads\/2019\/01\/01_01_2019_Daniela-Mercury_Festival-Virada-Salvador-2019_Foto_Jefferson-Peixoto_Secom_Pms-20-150x150.jpg\" class=\"attachment-thumbnail size-thumbnail\" alt=\"\" srcset=\"https:\/\/blogs.correio24h.com.br\/mesalte\/wp-content\/uploads\/2019\/01\/01_01_2019_Daniela-Mercury_Festival-Virada-Salvador-2019_Foto_Jefferson-Peixoto_Secom_Pms-20-150x150.jpg 150w, https:\/\/blogs.correio24h.com.br\/mesalte\/wp-content\/uploads\/2019\/01\/01_01_2019_Daniela-Mercury_Festival-Virada-Salvador-2019_Foto_Jefferson-Peixoto_Secom_Pms-20-80x80.jpg 80w, https:\/\/blogs.correio24h.com.br\/mesalte\/wp-content\/uploads\/2019\/01\/01_01_2019_Daniela-Mercury_Festival-Virada-Salvador-2019_Foto_Jefferson-Peixoto_Secom_Pms-20-85x85.jpg 85w\" sizes=\"auto, (max-width: 150px) 100vw, 150px\" \/><\/a>\n\t\t\t\t<\/dt>\n\t\t\t\t\t<dd class='wp-caption-text gallery-caption'>\n\t\t\t\t\tJefferson Peixoto\/Secom\n\t\t\t\t\t<\/dd><\/dl><dl class='gallery-item'>\n\t\t\t\t<dt class='gallery-icon landscape'>\n\t\t\t\t\t<a href='https:\/\/blogs.correio24horas.com.br\/mesalte\/17627-2\/daniela-mercury_festival-virada-salvador-2019_foto_jefferson-pei-3\/'><img loading=\"lazy\" decoding=\"async\" width=\"150\" height=\"150\" src=\"https:\/\/blogs.correio24h.com.br\/mesalte\/wp-content\/uploads\/2019\/01\/01_01_2019_Daniela-Mercury_Festival-Virada-Salvador-2019_Foto_Jefferson-Peixoto_Secom_Pms-9-1-150x150.jpg\" class=\"attachment-thumbnail size-thumbnail\" alt=\"\" srcset=\"https:\/\/blogs.correio24h.com.br\/mesalte\/wp-content\/uploads\/2019\/01\/01_01_2019_Daniela-Mercury_Festival-Virada-Salvador-2019_Foto_Jefferson-Peixoto_Secom_Pms-9-1-150x150.jpg 150w, https:\/\/blogs.correio24h.com.br\/mesalte\/wp-content\/uploads\/2019\/01\/01_01_2019_Daniela-Mercury_Festival-Virada-Salvador-2019_Foto_Jefferson-Peixoto_Secom_Pms-9-1-80x80.jpg 80w, https:\/\/blogs.correio24h.com.br\/mesalte\/wp-content\/uploads\/2019\/01\/01_01_2019_Daniela-Mercury_Festival-Virada-Salvador-2019_Foto_Jefferson-Peixoto_Secom_Pms-9-1-85x85.jpg 85w\" sizes=\"auto, (max-width: 150px) 100vw, 150px\" \/><\/a>\n\t\t\t\t<\/dt>\n\t\t\t\t\t<dd class='wp-caption-text gallery-caption'>\n\t\t\t\t\tJefferson Peixoto\/Secom\n\t\t\t\t\t<\/dd><\/dl><dl class='gallery-item'>\n\t\t\t\t<dt class='gallery-icon landscape'>\n\t\t\t\t\t<a href='https:\/\/blogs.correio24horas.com.br\/mesalte\/17627-2\/daniela-mercury_festival-virada-salvador-2019_foto_jefferson-pei-4\/'><img loading=\"lazy\" decoding=\"async\" width=\"150\" height=\"150\" src=\"https:\/\/blogs.correio24h.com.br\/mesalte\/wp-content\/uploads\/2019\/01\/01_01_2019_Daniela-Mercury_Festival-Virada-Salvador-2019_Foto_Jefferson-Peixoto_Secom_Pms-11-150x150.jpg\" class=\"attachment-thumbnail size-thumbnail\" alt=\"\" srcset=\"https:\/\/blogs.correio24h.com.br\/mesalte\/wp-content\/uploads\/2019\/01\/01_01_2019_Daniela-Mercury_Festival-Virada-Salvador-2019_Foto_Jefferson-Peixoto_Secom_Pms-11-150x150.jpg 150w, https:\/\/blogs.correio24h.com.br\/mesalte\/wp-content\/uploads\/2019\/01\/01_01_2019_Daniela-Mercury_Festival-Virada-Salvador-2019_Foto_Jefferson-Peixoto_Secom_Pms-11-80x80.jpg 80w, https:\/\/blogs.correio24h.com.br\/mesalte\/wp-content\/uploads\/2019\/01\/01_01_2019_Daniela-Mercury_Festival-Virada-Salvador-2019_Foto_Jefferson-Peixoto_Secom_Pms-11-85x85.jpg 85w\" sizes=\"auto, (max-width: 150px) 100vw, 150px\" \/><\/a>\n\t\t\t\t<\/dt>\n\t\t\t\t\t<dd class='wp-caption-text gallery-caption'>\n\t\t\t\t\tJefferson Peixoto\/Secom\n\t\t\t\t\t<\/dd><\/dl><br style=\"clear: both\" \/><dl class='gallery-item'>\n\t\t\t\t<dt class='gallery-icon landscape'>\n\t\t\t\t\t<a href='https:\/\/blogs.correio24horas.com.br\/mesalte\/17627-2\/daniela-mercury_festival-virada-salvador-2019_foto_jefferson-pei-5\/'><img loading=\"lazy\" decoding=\"async\" width=\"150\" height=\"150\" src=\"https:\/\/blogs.correio24h.com.br\/mesalte\/wp-content\/uploads\/2019\/01\/01_01_2019_Daniela-Mercury_Festival-Virada-Salvador-2019_Foto_Jefferson-Peixoto_Secom_Pms-6-150x150.jpg\" class=\"attachment-thumbnail size-thumbnail\" alt=\"\" srcset=\"https:\/\/blogs.correio24h.com.br\/mesalte\/wp-content\/uploads\/2019\/01\/01_01_2019_Daniela-Mercury_Festival-Virada-Salvador-2019_Foto_Jefferson-Peixoto_Secom_Pms-6-150x150.jpg 150w, https:\/\/blogs.correio24h.com.br\/mesalte\/wp-content\/uploads\/2019\/01\/01_01_2019_Daniela-Mercury_Festival-Virada-Salvador-2019_Foto_Jefferson-Peixoto_Secom_Pms-6-80x80.jpg 80w, https:\/\/blogs.correio24h.com.br\/mesalte\/wp-content\/uploads\/2019\/01\/01_01_2019_Daniela-Mercury_Festival-Virada-Salvador-2019_Foto_Jefferson-Peixoto_Secom_Pms-6-85x85.jpg 85w\" sizes=\"auto, (max-width: 150px) 100vw, 150px\" \/><\/a>\n\t\t\t\t<\/dt>\n\t\t\t\t\t<dd class='wp-caption-text gallery-caption'>\n\t\t\t\t\tJefferson Peixoto\/Secom\n\t\t\t\t\t<\/dd><\/dl><dl class='gallery-item'>\n\t\t\t\t<dt class='gallery-icon landscape'>\n\t\t\t\t\t<a href='https:\/\/blogs.correio24horas.com.br\/mesalte\/17627-2\/daniela-mercury_festival-virada-salvador-2019_foto_jefferson-pei-6\/'><img loading=\"lazy\" decoding=\"async\" width=\"150\" height=\"150\" src=\"https:\/\/blogs.correio24h.com.br\/mesalte\/wp-content\/uploads\/2019\/01\/01_01_2019_Daniela-Mercury_Festival-Virada-Salvador-2019_Foto_Jefferson-Peixoto_Secom_Pms-16-150x150.jpg\" class=\"attachment-thumbnail size-thumbnail\" alt=\"\" srcset=\"https:\/\/blogs.correio24h.com.br\/mesalte\/wp-content\/uploads\/2019\/01\/01_01_2019_Daniela-Mercury_Festival-Virada-Salvador-2019_Foto_Jefferson-Peixoto_Secom_Pms-16-150x150.jpg 150w, https:\/\/blogs.correio24h.com.br\/mesalte\/wp-content\/uploads\/2019\/01\/01_01_2019_Daniela-Mercury_Festival-Virada-Salvador-2019_Foto_Jefferson-Peixoto_Secom_Pms-16-80x80.jpg 80w, https:\/\/blogs.correio24h.com.br\/mesalte\/wp-content\/uploads\/2019\/01\/01_01_2019_Daniela-Mercury_Festival-Virada-Salvador-2019_Foto_Jefferson-Peixoto_Secom_Pms-16-85x85.jpg 85w\" sizes=\"auto, (max-width: 150px) 100vw, 150px\" \/><\/a>\n\t\t\t\t<\/dt>\n\t\t\t\t\t<dd class='wp-caption-text gallery-caption'>\n\t\t\t\t\tJefferson Peixoto\/Secom\n\t\t\t\t\t<\/dd><\/dl><dl class='gallery-item'>\n\t\t\t\t<dt class='gallery-icon landscape'>\n\t\t\t\t\t<a href='https:\/\/blogs.correio24horas.com.br\/mesalte\/17627-2\/daniela-mercury_festival-virada-salvador-2019_foto_jefferson-pei-7\/'><img loading=\"lazy\" decoding=\"async\" width=\"150\" height=\"150\" src=\"https:\/\/blogs.correio24h.com.br\/mesalte\/wp-content\/uploads\/2019\/01\/01_01_2019_Daniela-Mercury_Festival-Virada-Salvador-2019_Foto_Jefferson-Peixoto_Secom_Pms-1-150x150.jpg\" class=\"attachment-thumbnail size-thumbnail\" alt=\"\" srcset=\"https:\/\/blogs.correio24h.com.br\/mesalte\/wp-content\/uploads\/2019\/01\/01_01_2019_Daniela-Mercury_Festival-Virada-Salvador-2019_Foto_Jefferson-Peixoto_Secom_Pms-1-150x150.jpg 150w, https:\/\/blogs.correio24h.com.br\/mesalte\/wp-content\/uploads\/2019\/01\/01_01_2019_Daniela-Mercury_Festival-Virada-Salvador-2019_Foto_Jefferson-Peixoto_Secom_Pms-1-80x80.jpg 80w, https:\/\/blogs.correio24h.com.br\/mesalte\/wp-content\/uploads\/2019\/01\/01_01_2019_Daniela-Mercury_Festival-Virada-Salvador-2019_Foto_Jefferson-Peixoto_Secom_Pms-1-85x85.jpg 85w\" sizes=\"auto, (max-width: 150px) 100vw, 150px\" \/><\/a>\n\t\t\t\t<\/dt>\n\t\t\t\t\t<dd class='wp-caption-text gallery-caption'>\n\t\t\t\t\tJefferson Peixoto\/Secom\n\t\t\t\t\t<\/dd><\/dl><br style=\"clear: both\" \/>\n\t\t\t<\/div>\n\n<p>E ela fez quest\u00e3o de refor\u00e7ar que, em 20 anos, nenhum P\u00f4r do Som foi igual. Dessa vez, com cerca de duas horas e meia de dura\u00e7\u00e3o, o show contou com as participa\u00e7\u00f5es da Banda Did\u00e1, da cantora Tulipa Ruiz e de quatro crian\u00e7as que participaram do clipe de Pantera Negra Deusa, lan\u00e7ado em novembro por Daniela.<\/p>\n<blockquote><p>\u201cA voca\u00e7\u00e3o de Salvador, sem d\u00favida, \u00e9 a arte. Somos o ber\u00e7o de dezenas de important\u00edssimos movimentos art\u00edsticos brasileiros\u201d, afirmou Daniela, que vestia um dos figurinos do novo clipe, criado por ela.<\/p><\/blockquote>\n<table>\n<tbody>\n<tr>\n<td class=\"text-center\"><img loading=\"lazy\" decoding=\"async\" src=\"http:\/\/redacao.correio24horas.com.br\/fileadmin\/_processed_\/4\/a\/csm_arissondani2_f93dc3d6c4.jpg\" alt=\"\" width=\"999\" height=\"660\" data-htmlarea-file-table=\"sys_file\" data-htmlarea-file-uid=\"778898\" \/><\/td>\n<\/tr>\n<tr>\n<td class=\"text-center\">(Foto: Arisson Marinho\/CORREIO)<\/td>\n<\/tr>\n<\/tbody>\n<\/table>\n<p>A noite come\u00e7ou com O Sal da Terra e Charles Yl\u00ea, mas seguiu com m\u00fasicas da pr\u00f3pria artista, como Menino do Pel\u00f4, Swing da Cor e Rainha M\u00e1.<\/p>\n<p>Para del\u00edrio de f\u00e3s como o balconista R\u00e9gis Oliveira, 51 anos, tamb\u00e9m n\u00e3o faltou a nov\u00edssima Pantera Negra Deusa. F\u00e3 de Daniela, R\u00e9gis saiu de Aracaju (SE) ontem mesmo e veio a Salvador somente para v\u00ea-la. \u201cEla \u00e9 uma artista completa\u201d, derreteu-se. A professora Adriana Oliveira, 35, e a servidora p\u00fablica Synthya Torquato, 29, chegaram \u00e0 arena para seguir a tradi\u00e7\u00e3o dos \u00faltimos quatro anos, em que acompanham Daniela no P\u00f4r do Som. \u201cDaniela \u00e9 muito vers\u00e1til\u201d.<\/p>\n<p>Outro ponto alto do show foi quando a paulista Tulipa Ruiz subiu no\u00a0palco e cantou\u00a0Nobre Vagabundo com a rainha Daniela Mercury. Juntas, elas at\u00e9 arriscaram fazer da m\u00fasica um pagod\u00e3o.<\/p>\n<p>O \u00faltimo dia do Festival\u00a0come\u00e7ou, literalmente, quente. Quem chegou por volta das 16h, para acompanhar o show do sertanejo Danniel Vieira, precisou enfrentar um forte sol, mas o calor n\u00e3o desanimou quem foi ao local disposto a dan\u00e7ar ao som do \u201cGordinho\u201d. \u201cObrigado a voc\u00eas que vieram tomar esse sol comigo\u201d, brincou Danniel.<\/p>\n<table>\n<tbody>\n<tr>\n<td class=\"text-center\"><img loading=\"lazy\" decoding=\"async\" src=\"http:\/\/redacao.correio24horas.com.br\/fileadmin\/user_upload\/correio24horas\/2018\/12\/danniel1.JPG\" alt=\"\" width=\"924\" height=\"617\" data-htmlarea-file-table=\"sys_file\" data-htmlarea-file-uid=\"778899\" \/><\/td>\n<\/tr>\n<tr>\n<td class=\"text-center\">(Foto: Arisson Marinho\/CORREIO)<\/td>\n<\/tr>\n<\/tbody>\n<\/table>\n<p><strong>Samba no p\u00e9<\/strong><br \/>\nO som do sertanejo foi seguido pela apresenta\u00e7\u00e3o da sambista Mariene de Castro, que subiu ao palco com um figurino dourado, oferecendo um espet\u00e1culo \u00e0 parte ao p\u00fablico, durante o p\u00f4r do sol. O repert\u00f3rio tocou o aposentado Ramalho Barreto, 65, que dan\u00e7ava de olhos fechados e acompanhava cada faixa. \u201cQuando ela canta, me jogo de corpo e alma\u201d, disse.<\/p>\n<table>\n<tbody>\n<tr>\n<td class=\"text-center\"><img loading=\"lazy\" decoding=\"async\" src=\"http:\/\/redacao.correio24horas.com.br\/fileadmin\/user_upload\/correio24horas\/2018\/12\/mariene3.JPG\" alt=\"\" width=\"994\" height=\"659\" data-htmlarea-file-table=\"sys_file\" data-htmlarea-file-uid=\"778900\" \/><\/td>\n<\/tr>\n<tr>\n<td>\n<p class=\"text-center\">(Foto: Arisson Marinho\/CORREIO)<\/p>\n<\/td>\n<\/tr>\n<\/tbody>\n<\/table>\n<p>Mariene recebeu a cantora Margareth Menezes. As duas presentearam o p\u00fablico com hits como Fara\u00f3 e Elejib\u00f4. E teve tamb\u00e9m samba de roda. \u201cSalvador n\u00e3o podia ter um evento dessa magnitude sem a presen\u00e7a do samba, afinal de contas, o samba nasceu na Bahia\u201d, disse Mariene.<\/p>\n<table>\n<tbody>\n<tr>\n<td class=\"text-center\"><img loading=\"lazy\" decoding=\"async\" src=\"http:\/\/redacao.correio24horas.com.br\/fileadmin\/user_upload\/correio24horas\/2018\/12\/mariene8.JPG\" alt=\"\" width=\"997\" height=\"660\" data-htmlarea-file-table=\"sys_file\" data-htmlarea-file-uid=\"778901\" \/><\/td>\n<\/tr>\n<tr>\n<td>\n<p class=\"text-center\">(Foto: Arisson Marinho\/CORREIO)<\/p>\n<\/td>\n<\/tr>\n<\/tbody>\n<\/table>\n<p>As tr\u00eas gera\u00e7\u00f5es da fam\u00edlia Reis estavam ansiosas para conferir a volta do cantor Netinho, a pen\u00faltima atra\u00e7\u00e3o do Festival Virada Salvador 2019. A matriarca Z\u00e9lia, 74, a filha Iana, 42, e a neta Liz, 11, j\u00e1 tinham estado no festival para ver Milton Nascimento. \u201c\u00c9 muito importante ter Netinho de volta\u201d, disse a funcion\u00e1ria p\u00fablica Iana. Ainda cantam Rafa e Pipo Marques.<\/p>\n<p><em>* Da 13\u00aa turma do Correio de Futuro, com supervis\u00e3o do chefe de reportagem Jorge Gauthier<\/em><\/p>\n","protected":false},"excerpt":{"rendered":"<p>Por Thais Borges, Victor Lahiri, Larissa Silva* e Gabriel Amorim* Daniela Mercury tem muitos sonhos. H\u00e1 20 anos, um deles se transformou no projeto P\u00f4r do [&hellip;]<\/p>\n","protected":false},"author":2,"featured_media":17628,"comment_status":"open","ping_status":"open","sticky":false,"template":"","format":"image","meta":{"footnotes":""},"categories":[28,80],"tags":[954,1794,1584],"class_list":["post-17627","post","type-post","status-publish","format-image","has-post-thumbnail","hentry","category-farofa-digital","category-home","tag-daniela-mercury","tag-festival-virada","tag-festival-virada-salvador","post_format-post-format-image"],"_links":{"self":[{"href":"https:\/\/blogs.correio24horas.com.br\/mesalte\/wp-json\/wp\/v2\/posts\/17627","targetHints":{"allow":["GET"]}}],"collection":[{"href":"https:\/\/blogs.correio24horas.com.br\/mesalte\/wp-json\/wp\/v2\/posts"}],"about":[{"href":"https:\/\/blogs.correio24horas.com.br\/mesalte\/wp-json\/wp\/v2\/types\/post"}],"author":[{"embeddable":true,"href":"https:\/\/blogs.correio24horas.com.br\/mesalte\/wp-json\/wp\/v2\/users\/2"}],"replies":[{"embeddable":true,"href":"https:\/\/blogs.correio24horas.com.br\/mesalte\/wp-json\/wp\/v2\/comments?post=17627"}],"version-history":[{"count":3,"href":"https:\/\/blogs.correio24horas.com.br\/mesalte\/wp-json\/wp\/v2\/posts\/17627\/revisions"}],"predecessor-version":[{"id":17638,"href":"https:\/\/blogs.correio24horas.com.br\/mesalte\/wp-json\/wp\/v2\/posts\/17627\/revisions\/17638"}],"wp:featuredmedia":[{"embeddable":true,"href":"https:\/\/blogs.correio24horas.com.br\/mesalte\/wp-json\/wp\/v2\/media\/17628"}],"wp:attachment":[{"href":"https:\/\/blogs.correio24horas.com.br\/mesalte\/wp-json\/wp\/v2\/media?parent=17627"}],"wp:term":[{"taxonomy":"category","embeddable":true,"href":"https:\/\/blogs.correio24horas.com.br\/mesalte\/wp-json\/wp\/v2\/categories?post=17627"},{"taxonomy":"post_tag","embeddable":true,"href":"https:\/\/blogs.correio24horas.com.br\/mesalte\/wp-json\/wp\/v2\/tags?post=17627"}],"curies":[{"name":"wp","href":"https:\/\/api.w.org\/{rel}","templated":true}]}}