{"id":17621,"date":"2018-12-31T15:36:19","date_gmt":"2018-12-31T18:36:19","guid":{"rendered":"http:\/\/blogs.correio24horas.com.br\/mesalte\/?p=17621"},"modified":"2018-12-31T15:36:19","modified_gmt":"2018-12-31T18:36:19","slug":"medico-negro-que-viralizou-nas-redes-sociais-pede-namorado-em-casamento","status":"publish","type":"post","link":"https:\/\/blogs.correio24horas.com.br\/mesalte\/medico-negro-que-viralizou-nas-redes-sociais-pede-namorado-em-casamento\/","title":{"rendered":"M\u00e9dico negro que viralizou nas redes sociais pede namorado em casamento"},"content":{"rendered":"<p>Vamos terminar 2018 com uma esperan\u00e7a no amor?! No \u00faltimo dia deste ano o m\u00e9dico Fred William Nic\u00e1cio &#8211; que ficou conhecido nacionalmente com um foto onde aparece ao lado de uma paciente de 74 anos que foi consultada pela primeira vez por um m\u00e9dico negro &#8211; usou o Cristo Redentor como cen\u00e1rio para pedir seu namorado em casamento.<\/p>\n<p>Aos p\u00e9s do tradicional ponto tur\u00edstico carioca, o m\u00e9dico pediu o dentista Fabio Gelonese em casamento.\u00a0Neste ano t\u00e3o conturbado Fred nos d\u00e1 um segundo exemplo de como devemos enfrentar as adversidades: vivendo e buscando formas de melhorar a vida.<\/p>\n<p>Fred chamou aten\u00e7\u00e3o no Instagram em 23 de agosto deste ano quando compartilhou um clique emocionante. Na foto, o m\u00e9dico aparece ao lado de uma paciente de 74 anos \u2014 sendo atendida pela primeira vez por um negro: \u201cEssa \u00e9 a Dona Alcenir, e no auge dos seus 74 anos, foi a primeira vez que foi consultada por um m\u00e9dico negro. Obrigado por dar a honra de presenciar esse momento da sua vida, Dona Alcenir\u201d, escreveu Fred.<\/p>\n<blockquote class=\"instagram-media\" style=\"background: #FFF; border: 0; border-radius: 3px; box-shadow: 0 0 1px 0 rgba(0,0,0,0.5),0 1px 10px 0 rgba(0,0,0,0.15); margin: 1px; max-width: 540px; min-width: 326px; padding: 0; width: calc(100% - 2px);\" data-instgrm-captioned=\"\" data-instgrm-permalink=\"https:\/\/www.instagram.com\/p\/Bm0oOONB4mz\/?utm_source=ig_embed&amp;utm_medium=loading\" data-instgrm-version=\"12\">\n<div style=\"padding: 16px;\"><a style=\"background: #FFFFFF; line-height: 0; padding: 0 0; text-align: center; text-decoration: none; width: 100%;\" href=\"https:\/\/www.instagram.com\/p\/Bm0oOONB4mz\/?utm_source=ig_embed&amp;utm_medium=loading\" target=\"_blank\"><br \/>\n<\/a><\/p>\n<div style=\"display: flex; flex-direction: row; align-items: center;\"><\/div>\n<div style=\"padding: 19% 0;\"><\/div>\n<div style=\"display: block; height: 50px; margin: 0 auto 12px; width: 50px;\"><\/div>\n<div style=\"padding-top: 8px;\">\n<div style=\"color: #3897f0; font-family: Arial,sans-serif; font-size: 14px; font-style: normal; font-weight: 550; line-height: 18px;\">Visualizar esta foto no Instagram.<\/div>\n<\/div>\n<p style=\"margin: 8px 0 0 0; padding: 0 4px;\"><a style=\"color: #000; font-family: Arial,sans-serif; font-size: 14px; font-style: normal; font-weight: normal; line-height: 17px; text-decoration: none; word-wrap: break-word;\" href=\"https:\/\/www.instagram.com\/p\/Bm0oOONB4mz\/?utm_source=ig_embed&amp;utm_medium=loading\" target=\"_blank\">Essa \u00e9 a Dona Alcenir, e no auge dos seus 74 anos, foi a primeira vez que foi consultada por um m\u00e9dico negro. \u2800\u2800\u2800\u2800\u2800\u2800\u2800\u2800\u2800 Obrigado por me dar a honra de presenciar esse momento da sua vida, Dona Alcenir. \u2800\u2800\u2800\u2800\u2800\u2800\u2800\u2800\u2800 E VOC\u00ca? POR QUANTOS M\u00c9DICOS NEGROS J\u00c1 FOI ATENDIDO\/A? \u2800\u2800\u2800\u2800\u2800\u2800\u2800\u2800\u2800 #mediconegro #medicinapratodos #medicointerno #medicina #internato #academicodemedicina #medicine #hospital #plantao #negro #negra #representatividade #lugardefala #empoderamento #afronta<\/a><\/p>\n<p style=\"color: #c9c8cd; font-family: Arial,sans-serif; font-size: 14px; line-height: 17px; margin-bottom: 0; margin-top: 8px; overflow: hidden; padding: 8px 0 7px; text-align: center; text-overflow: ellipsis; white-space: nowrap;\">Uma publica\u00e7\u00e3o compartilhada por <a style=\"color: #c9c8cd; font-family: Arial,sans-serif; font-size: 14px; font-style: normal; font-weight: normal; line-height: 17px;\" href=\"https:\/\/www.instagram.com\/frednicacio\/?utm_source=ig_embed&amp;utm_medium=loading\" target=\"_blank\"> Fred William Nic\u00e1cio<\/a> (@frednicacio) em <time style=\"font-family: Arial,sans-serif; font-size: 14px; line-height: 17px;\" datetime=\"2018-08-23T13:01:12+00:00\">23 de Ago, 2018 \u00e0s 6:01 PDT<\/time><\/p>\n<\/div>\n<\/blockquote>\n<p><script src=\"\/\/www.instagram.com\/embed.js\" async=\"\"><\/script><\/p>\n<p>Hoje, na despedida de 2018, ele nos deixa a mensagem de amor . Sim, o amor (ainda) existe. Por mais que as rela\u00e7\u00f5es humanas estejam cada vez mais fr\u00e1geis ainda \u00e9 poss\u00edvel acreditar na ess\u00eancia do amor. Pedir o namorado em casamento tamb\u00e9m \u00e9 um ato pol\u00edtico &#8211; assim como a sua formatura em Medicina. Afinal,\u00a0\u00a0diante de um cen\u00e1rio pol\u00edtico cheio de incertezas em 2019, casais LGBTs de todo o pa\u00eds t\u00eam corrido para casar ou dar entrada nos pap\u00e9is do casamento.<\/p>\n<p>Vamos nos inspirar em Fred,\u00a0Fabio e tantos outros casais que lutam para terem suas uni\u00f5es reconhecidas. Vamos em frente, de cabe\u00e7a erguida e cada um segurando na m\u00e3o do outro.<\/p>\n","protected":false},"excerpt":{"rendered":"<p>Vamos terminar 2018 com uma esperan\u00e7a no amor?! No \u00faltimo dia deste ano o m\u00e9dico Fred William Nic\u00e1cio &#8211; que ficou conhecido nacionalmente com um foto [&hellip;]<\/p>\n","protected":false},"author":1,"featured_media":17623,"comment_status":"open","ping_status":"open","sticky":false,"template":"","format":"image","meta":{"footnotes":""},"categories":[80,9],"tags":[],"class_list":["post-17621","post","type-post","status-publish","format-image","has-post-thumbnail","hentry","category-home","category-me-orgulho","post_format-post-format-image"],"_links":{"self":[{"href":"https:\/\/blogs.correio24horas.com.br\/mesalte\/wp-json\/wp\/v2\/posts\/17621","targetHints":{"allow":["GET"]}}],"collection":[{"href":"https:\/\/blogs.correio24horas.com.br\/mesalte\/wp-json\/wp\/v2\/posts"}],"about":[{"href":"https:\/\/blogs.correio24horas.com.br\/mesalte\/wp-json\/wp\/v2\/types\/post"}],"author":[{"embeddable":true,"href":"https:\/\/blogs.correio24horas.com.br\/mesalte\/wp-json\/wp\/v2\/users\/1"}],"replies":[{"embeddable":true,"href":"https:\/\/blogs.correio24horas.com.br\/mesalte\/wp-json\/wp\/v2\/comments?post=17621"}],"version-history":[{"count":2,"href":"https:\/\/blogs.correio24horas.com.br\/mesalte\/wp-json\/wp\/v2\/posts\/17621\/revisions"}],"predecessor-version":[{"id":17624,"href":"https:\/\/blogs.correio24horas.com.br\/mesalte\/wp-json\/wp\/v2\/posts\/17621\/revisions\/17624"}],"wp:featuredmedia":[{"embeddable":true,"href":"https:\/\/blogs.correio24horas.com.br\/mesalte\/wp-json\/wp\/v2\/media\/17623"}],"wp:attachment":[{"href":"https:\/\/blogs.correio24horas.com.br\/mesalte\/wp-json\/wp\/v2\/media?parent=17621"}],"wp:term":[{"taxonomy":"category","embeddable":true,"href":"https:\/\/blogs.correio24horas.com.br\/mesalte\/wp-json\/wp\/v2\/categories?post=17621"},{"taxonomy":"post_tag","embeddable":true,"href":"https:\/\/blogs.correio24horas.com.br\/mesalte\/wp-json\/wp\/v2\/tags?post=17621"}],"curies":[{"name":"wp","href":"https:\/\/api.w.org\/{rel}","templated":true}]}}