{"id":17585,"date":"2018-12-27T11:00:33","date_gmt":"2018-12-27T14:00:33","guid":{"rendered":"http:\/\/blogs.correio24horas.com.br\/mesalte\/?p=17585"},"modified":"2018-12-27T11:14:48","modified_gmt":"2018-12-27T14:14:48","slug":"acabou-ana-carolina-e-leticia-lima-terminam-relacionamento-apos-5-anos","status":"publish","type":"post","link":"https:\/\/blogs.correio24horas.com.br\/mesalte\/acabou-ana-carolina-e-leticia-lima-terminam-relacionamento-apos-5-anos\/","title":{"rendered":"Acabou! Ana Carolina e Let\u00edcia Lima terminam relacionamento ap\u00f3s 5 anos"},"content":{"rendered":"<p>Ap\u00f3s\u00a0cinco anos de relacionamento a cantora Ana Carolina e a atriz Let\u00edcia Lima n\u00e3o est\u00e3o mais juntas.\u00a0O fim do namoro foi confirmado ao UOL nesta quinta-feira (27) pela\u00a0assessoria da atriz, atrav\u00e9s de nota enviada ao site. &#8220;As duas n\u00e3o est\u00e3o mais juntas, mas a amizade, o carinho e a admira\u00e7\u00e3o permanecem&#8221;, informou em nota.<\/p>\n<blockquote class=\"instagram-media\" style=\"background: #FFF; border: 0; border-radius: 3px; box-shadow: 0 0 1px 0 rgba(0,0,0,0.5),0 1px 10px 0 rgba(0,0,0,0.15); margin: 1px; max-width: 540px; min-width: 326px; padding: 0; width: calc(100% - 2px);\" data-instgrm-captioned=\"\" data-instgrm-permalink=\"https:\/\/www.instagram.com\/p\/BrydYx2gedX\/?utm_source=ig_embed&amp;utm_medium=loading\" data-instgrm-version=\"12\">\n<div style=\"padding: 16px;\"><a style=\"background: #FFFFFF; line-height: 0; padding: 0 0; text-align: center; text-decoration: none; width: 100%;\" href=\"https:\/\/www.instagram.com\/p\/BrydYx2gedX\/?utm_source=ig_embed&amp;utm_medium=loading\" target=\"_blank\"><br \/>\n<\/a><\/p>\n<div style=\"display: flex; flex-direction: row; align-items: center;\"><\/div>\n<div style=\"padding: 19% 0;\"><\/div>\n<div style=\"display: block; height: 50px; margin: 0 auto 12px; width: 50px;\"><\/div>\n<div style=\"padding-top: 8px;\">\n<div style=\"color: #3897f0; font-family: Arial,sans-serif; font-size: 14px; font-style: normal; font-weight: 550; line-height: 18px;\">Visualizar esta foto no Instagram.<\/div>\n<\/div>\n<p style=\"margin: 8px 0 0 0; padding: 0 4px;\"><a style=\"color: #000; font-family: Arial,sans-serif; font-size: 14px; font-style: normal; font-weight: normal; line-height: 17px; text-decoration: none; word-wrap: break-word;\" href=\"https:\/\/www.instagram.com\/p\/BrydYx2gedX\/?utm_source=ig_embed&amp;utm_medium=loading\" target=\"_blank\">Noite feliz! @aleticialima<\/a><\/p>\n<p style=\"color: #c9c8cd; font-family: Arial,sans-serif; font-size: 14px; line-height: 17px; margin-bottom: 0; margin-top: 8px; overflow: hidden; padding: 8px 0 7px; text-align: center; text-overflow: ellipsis; white-space: nowrap;\">Uma publica\u00e7\u00e3o compartilhada por <a style=\"color: #c9c8cd; font-family: Arial,sans-serif; font-size: 14px; font-style: normal; font-weight: normal; line-height: 17px;\" href=\"https:\/\/www.instagram.com\/sigaanacarolina\/?utm_source=ig_embed&amp;utm_medium=loading\" target=\"_blank\"> Ana Carolina<\/a> (@sigaanacarolina) em <time style=\"font-family: Arial,sans-serif; font-size: 14px; line-height: 17px;\" datetime=\"2018-12-24T23:25:00+00:00\">24 de Dez, 2018 \u00e0s 3:25 PST<\/time><\/p>\n<\/div>\n<\/blockquote>\n<p><script src=\"\/\/www.instagram.com\/embed.js\" async=\"\"><\/script><\/p>\n<p>No Natal, Ana Carolina publicou uma foto com Let\u00edcia. &#8220;Noite feliz&#8221;, disse a\u00a0cantora na legenda da imagem.\u00a0A atriz Let\u00edcia Lima revelou que a cantora<a href=\"https:\/\/www.correio24horas.com.br\/noticia\/nid\/foi-a-primeira-mulher-com-quem-fiquei-revela-leticia-lima-sobre-ana-carolina\/\" target=\"_blank\"> Ana Carolina foi a primeira mulher com quem ela se relacionou <\/a>e que n\u00e3o planejou assumir o namoro publicamente. Casal h\u00e9tero n\u00e3o precisa ficar dizendo que \u00e9 h\u00e9tero. Ela foi a primeira mulher com quem fiquei. Agir naturalmente \u00e9 o melhor para a sociedade no momento&#8221;, explicou Let\u00edcia para o colunista Bruno Astuto no ano passado.<\/p>\n","protected":false},"excerpt":{"rendered":"<p>Ap\u00f3s\u00a0cinco anos de relacionamento a cantora Ana Carolina e a atriz Let\u00edcia Lima n\u00e3o est\u00e3o mais juntas.\u00a0O fim do namoro foi confirmado ao UOL nesta quinta-feira [&hellip;]<\/p>\n","protected":false},"author":1,"featured_media":17586,"comment_status":"open","ping_status":"open","sticky":false,"template":"","format":"image","meta":{"footnotes":""},"categories":[28,80],"tags":[],"class_list":["post-17585","post","type-post","status-publish","format-image","has-post-thumbnail","hentry","category-farofa-digital","category-home","post_format-post-format-image"],"_links":{"self":[{"href":"https:\/\/blogs.correio24horas.com.br\/mesalte\/wp-json\/wp\/v2\/posts\/17585","targetHints":{"allow":["GET"]}}],"collection":[{"href":"https:\/\/blogs.correio24horas.com.br\/mesalte\/wp-json\/wp\/v2\/posts"}],"about":[{"href":"https:\/\/blogs.correio24horas.com.br\/mesalte\/wp-json\/wp\/v2\/types\/post"}],"author":[{"embeddable":true,"href":"https:\/\/blogs.correio24horas.com.br\/mesalte\/wp-json\/wp\/v2\/users\/1"}],"replies":[{"embeddable":true,"href":"https:\/\/blogs.correio24horas.com.br\/mesalte\/wp-json\/wp\/v2\/comments?post=17585"}],"version-history":[{"count":1,"href":"https:\/\/blogs.correio24horas.com.br\/mesalte\/wp-json\/wp\/v2\/posts\/17585\/revisions"}],"predecessor-version":[{"id":17587,"href":"https:\/\/blogs.correio24horas.com.br\/mesalte\/wp-json\/wp\/v2\/posts\/17585\/revisions\/17587"}],"wp:featuredmedia":[{"embeddable":true,"href":"https:\/\/blogs.correio24horas.com.br\/mesalte\/wp-json\/wp\/v2\/media\/17586"}],"wp:attachment":[{"href":"https:\/\/blogs.correio24horas.com.br\/mesalte\/wp-json\/wp\/v2\/media?parent=17585"}],"wp:term":[{"taxonomy":"category","embeddable":true,"href":"https:\/\/blogs.correio24horas.com.br\/mesalte\/wp-json\/wp\/v2\/categories?post=17585"},{"taxonomy":"post_tag","embeddable":true,"href":"https:\/\/blogs.correio24horas.com.br\/mesalte\/wp-json\/wp\/v2\/tags?post=17585"}],"curies":[{"name":"wp","href":"https:\/\/api.w.org\/{rel}","templated":true}]}}