{"id":17580,"date":"2018-12-27T08:13:01","date_gmt":"2018-12-27T11:13:01","guid":{"rendered":"http:\/\/blogs.correio24horas.com.br\/mesalte\/?p=17580"},"modified":"2018-12-27T08:39:20","modified_gmt":"2018-12-27T11:39:20","slug":"cortejo-afro-e-lazzo-farao-festa-de-reveillon-no-pelourinho","status":"publish","type":"post","link":"https:\/\/blogs.correio24horas.com.br\/mesalte\/cortejo-afro-e-lazzo-farao-festa-de-reveillon-no-pelourinho\/","title":{"rendered":"Cortejo Afro e Lazzo far\u00e3o festa de R\u00e9veillon no Pelourinho"},"content":{"rendered":"<p>A banda Cortejo Afro realiza o R\u00e9veillon da Luzes nesta segunda-feira (31), no Largo Quincas Berro D\u00b4\u00c1gua &#8211; Pelourinho, a partir das 22 horas. Dj Pimenta faz a abertura do evento, o Cortejo Afro faz o show da virada, e Lazzo completa a grade de apresenta\u00e7\u00f5es.<\/p>\n<p>Na apresenta\u00e7\u00e3o, que tem a dire\u00e7\u00e3o art\u00edstica de Alberto Pitta, a banda Cortejo Afro promete agitar o p\u00fablico com o som de suas composi\u00e7\u00f5es, mescladas a releituras de can\u00e7\u00f5es da MPB, do Pop e da batida percussiva, promovendo experi\u00eancias est\u00e9ticas inovadoras que v\u00e3o unir dan\u00e7a, m\u00fasica e artes visuais em um mesmo espet\u00e1culo.<\/p>\n<p>O projeto \u00e9 uma realiza\u00e7\u00e3o da Entidade Cultural Cortejo Afro e conta com os apoios do Clube Correio e da Secretaria de Cultura do Estado da Bahia.<\/p>\n<p>Servi\u00e7o:<br \/>\nO qu\u00ea:R\u00e9veillon das Luzes &#8211; Cortejo Afro.<br \/>\nQuando: Segunda-feira, 31\/12\/2018.<br \/>\nOnde: Largo Quincas Berro D\u2019\u00c1gua &#8211; Pelourinho \/ Salvador \u2013 Bahia.<br \/>\nHor\u00e1rio: 22h \u00e0s 02h<br \/>\nQuanto: R$60,00 (inteira) e R$30,00 (meia-entrada). Vendas antecipadas nos Restaurantes Odoy\u00e1 e Portal do Pel\u00f4 (Pelourinho), www.safeticket.com.br e na bilheteria do local, no dia do evento.<br \/>\nAbertura: DJ Pimenta<br \/>\nAtra\u00e7\u00f5es: Cortejo Afro e Lazzo<br \/>\nRealiza\u00e7\u00e3o: Entidade Cultural Cortejo Afro.<br \/>\nApoio: Clube Correio e Secretaria de Cultura do Estado da Bahia<br \/>\nSite:\u00a0www.cortejoafro.com.br<br \/>\nE-mail:\u00a0contato@cortejoafro.com.br<\/p>\n","protected":false},"excerpt":{"rendered":"<p>A banda Cortejo Afro realiza o R\u00e9veillon da Luzes nesta segunda-feira (31), no Largo Quincas Berro D\u00b4\u00c1gua &#8211; Pelourinho, a partir das 22 horas. Dj Pimenta [&hellip;]<\/p>\n","protected":false},"author":1,"featured_media":17581,"comment_status":"open","ping_status":"open","sticky":false,"template":"","format":"image","meta":{"footnotes":""},"categories":[80,16],"tags":[],"class_list":["post-17580","post","type-post","status-publish","format-image","has-post-thumbnail","hentry","category-home","category-me-jogo","post_format-post-format-image"],"_links":{"self":[{"href":"https:\/\/blogs.correio24horas.com.br\/mesalte\/wp-json\/wp\/v2\/posts\/17580","targetHints":{"allow":["GET"]}}],"collection":[{"href":"https:\/\/blogs.correio24horas.com.br\/mesalte\/wp-json\/wp\/v2\/posts"}],"about":[{"href":"https:\/\/blogs.correio24horas.com.br\/mesalte\/wp-json\/wp\/v2\/types\/post"}],"author":[{"embeddable":true,"href":"https:\/\/blogs.correio24horas.com.br\/mesalte\/wp-json\/wp\/v2\/users\/1"}],"replies":[{"embeddable":true,"href":"https:\/\/blogs.correio24horas.com.br\/mesalte\/wp-json\/wp\/v2\/comments?post=17580"}],"version-history":[{"count":3,"href":"https:\/\/blogs.correio24horas.com.br\/mesalte\/wp-json\/wp\/v2\/posts\/17580\/revisions"}],"predecessor-version":[{"id":17584,"href":"https:\/\/blogs.correio24horas.com.br\/mesalte\/wp-json\/wp\/v2\/posts\/17580\/revisions\/17584"}],"wp:featuredmedia":[{"embeddable":true,"href":"https:\/\/blogs.correio24horas.com.br\/mesalte\/wp-json\/wp\/v2\/media\/17581"}],"wp:attachment":[{"href":"https:\/\/blogs.correio24horas.com.br\/mesalte\/wp-json\/wp\/v2\/media?parent=17580"}],"wp:term":[{"taxonomy":"category","embeddable":true,"href":"https:\/\/blogs.correio24horas.com.br\/mesalte\/wp-json\/wp\/v2\/categories?post=17580"},{"taxonomy":"post_tag","embeddable":true,"href":"https:\/\/blogs.correio24horas.com.br\/mesalte\/wp-json\/wp\/v2\/tags?post=17580"}],"curies":[{"name":"wp","href":"https:\/\/api.w.org\/{rel}","templated":true}]}}