{"id":17562,"date":"2018-12-19T07:25:34","date_gmt":"2018-12-19T10:25:34","guid":{"rendered":"http:\/\/blogs.correio24horas.com.br\/mesalte\/?p=17562"},"modified":"2018-12-19T07:25:34","modified_gmt":"2018-12-19T10:25:34","slug":"san-tem-programacao-especial-na-semana-do-natal-saiba-mais","status":"publish","type":"post","link":"https:\/\/blogs.correio24horas.com.br\/mesalte\/san-tem-programacao-especial-na-semana-do-natal-saiba-mais\/","title":{"rendered":"San tem programa\u00e7\u00e3o especial na semana do Natal; saiba mais"},"content":{"rendered":"<p>A sexta-feira (21) ser\u00e1 em clima de Carnaval com mais uma edi\u00e7\u00e3o do Baile dos Mascarados na SAN. M\u00e1rcia Short, Carla Cristina e Amanda Santiago voltam a se reunir num show especial, que celebra os 20 anos do bloco Os Mascarados, a partir das 23h. Os DJs Ian Fraguas e Rob Phillips completam o line-up da noite, misturando ritmos na pista de dan\u00e7a. De 22h30 \u00e0 0h, rola aquecimento na \u201cconcentra\u00e7\u00e3o\u201d do SAN Bar com fanfarra.<\/p>\n<p>No s\u00e1bado\u00a0(22) a festa Shantay ganha edi\u00e7\u00e3o especial em clima de Natal, a partir das 23h. No palco da festa, n\u00e3o vai faltar brilho com as performances de DesiRee Beck e do coletivo de drags negras Bonecas Pretas.<\/p>\n<p>No domingo\u00a0(23) Alinne Rosa comemora o Natal do Vale, a partir das 23h, fazendo um verdadeiro Carnaval no clima natalino de Ver\u00e3o de Salvador. Os DJs Gonzalez e Felipe Carvalho garantem a mistura t\u00edpica da esta\u00e7\u00e3o na Bahia, misturando m\u00fasica eletr\u00f4nica e pop na pista de dan\u00e7a.<\/p>\n<p>Fechando a pr\u00e9via natalina, depois da Ceia, no dia 24 de dezembro, a SAN abre suas portas pra quem quer agitar um pouco a noite especial. Os DJs Ana Julieta, Gothan, Erick Foster e Diego Baez comandam a Christmas Party da casa a partir das 23h59 do dia 24 de dezembro.<\/p>\n<p><strong>SERVI\u00c7O:<\/strong><\/p>\n<p><strong>Baile dos Mascarados<br \/>\n<\/strong>21 de dezembro (sexta-feira), 22h30<br \/>\nAtra\u00e7\u00f5es: M\u00e1rcia Short, Carla Cristina, Amanda Santiago e DJs Ian Fraguas e Rob Phillips<br \/>\nIngressos: R$ 20<\/p>\n<p><strong>Shantay<br \/>\n<\/strong>22 de dezembro (s\u00e1bado), 23h<br \/>\nAtra\u00e7\u00f5es: Desireee Beck e Bonecas Pretas<br \/>\nIngressos: R$ 15<\/p>\n<p><strong>Natal do Vale<\/strong><br \/>\n23 de dezembro (domingo), 23h<br \/>\nAtra\u00e7\u00f5es: Alinne Rosa e DJs Gonzalez e Felipe Carvalho<br \/>\nIngressos: R$ 15<\/p>\n<p><strong>Christmas Party<\/strong><br \/>\n24 de dezembro (segunda-feira), 23h59<br \/>\nDJs: Ana Julieta, Gothan, Erick Foster e Diego Baez<br \/>\nIngressos: R$ 15<br \/>\nVendas: https:\/\/www.sympla.com.br\/san<\/p>\n","protected":false},"excerpt":{"rendered":"<p>A sexta-feira (21) ser\u00e1 em clima de Carnaval com mais uma edi\u00e7\u00e3o do Baile dos Mascarados na SAN. M\u00e1rcia Short, Carla Cristina e Amanda Santiago voltam [&hellip;]<\/p>\n","protected":false},"author":1,"featured_media":17563,"comment_status":"open","ping_status":"open","sticky":false,"template":"","format":"image","meta":{"footnotes":""},"categories":[28,80,16],"tags":[],"class_list":["post-17562","post","type-post","status-publish","format-image","has-post-thumbnail","hentry","category-farofa-digital","category-home","category-me-jogo","post_format-post-format-image"],"_links":{"self":[{"href":"https:\/\/blogs.correio24horas.com.br\/mesalte\/wp-json\/wp\/v2\/posts\/17562","targetHints":{"allow":["GET"]}}],"collection":[{"href":"https:\/\/blogs.correio24horas.com.br\/mesalte\/wp-json\/wp\/v2\/posts"}],"about":[{"href":"https:\/\/blogs.correio24horas.com.br\/mesalte\/wp-json\/wp\/v2\/types\/post"}],"author":[{"embeddable":true,"href":"https:\/\/blogs.correio24horas.com.br\/mesalte\/wp-json\/wp\/v2\/users\/1"}],"replies":[{"embeddable":true,"href":"https:\/\/blogs.correio24horas.com.br\/mesalte\/wp-json\/wp\/v2\/comments?post=17562"}],"version-history":[{"count":1,"href":"https:\/\/blogs.correio24horas.com.br\/mesalte\/wp-json\/wp\/v2\/posts\/17562\/revisions"}],"predecessor-version":[{"id":17564,"href":"https:\/\/blogs.correio24horas.com.br\/mesalte\/wp-json\/wp\/v2\/posts\/17562\/revisions\/17564"}],"wp:featuredmedia":[{"embeddable":true,"href":"https:\/\/blogs.correio24horas.com.br\/mesalte\/wp-json\/wp\/v2\/media\/17563"}],"wp:attachment":[{"href":"https:\/\/blogs.correio24horas.com.br\/mesalte\/wp-json\/wp\/v2\/media?parent=17562"}],"wp:term":[{"taxonomy":"category","embeddable":true,"href":"https:\/\/blogs.correio24horas.com.br\/mesalte\/wp-json\/wp\/v2\/categories?post=17562"},{"taxonomy":"post_tag","embeddable":true,"href":"https:\/\/blogs.correio24horas.com.br\/mesalte\/wp-json\/wp\/v2\/tags?post=17562"}],"curies":[{"name":"wp","href":"https:\/\/api.w.org\/{rel}","templated":true}]}}