{"id":17373,"date":"2018-11-26T17:09:06","date_gmt":"2018-11-26T20:09:06","guid":{"rendered":"http:\/\/blogs.correio24horas.com.br\/mesalte\/?p=17373"},"modified":"2018-11-26T17:09:53","modified_gmt":"2018-11-26T20:09:53","slug":"debates-sobre-artes-lgbtqi-e-danca-afrobrasileira-acontecem-em-salvador","status":"publish","type":"post","link":"https:\/\/blogs.correio24horas.com.br\/mesalte\/debates-sobre-artes-lgbtqi-e-danca-afrobrasileira-acontecem-em-salvador\/","title":{"rendered":"Debates sobre artes LGBTQI+ e Dan\u00e7a Afrobrasileira acontecem em Salvador"},"content":{"rendered":"<p>A Funda\u00e7\u00e3o Cultural do Estado da Bahia (Funceb\/SecultBa) &#8211; por meio do Centro de Forma\u00e7\u00e3o em Artes (CFA) &#8211; encerra Novembro das Artes Negras na pr\u00f3xima semana com o Workshop Afrontosas: Corpos Invisibilizados, propondo um debate sobre corpos fora dos padr\u00f5es hegem\u00f4nicos no \u00e2mbito art\u00edstico da cena cultural baiana.<\/p>\n<p>Aberto ao p\u00fablico, o evento ser\u00e1 no dia 28 de novembro, das 9h \u00e0s 12h, e ter\u00e1 a participa\u00e7\u00e3o de Paulett Furac\u00e3o, Valerie O&#8217;rarah, Hilda Furac\u00e3o e Priscila Nepomoceno.<\/p>\n<p>O debate ser\u00e1 em torno dos elementos que contribu\u00edram historicamente com a invisibiliza\u00e7\u00e3o de um conjunto de artistas que transitam pelo campo da dan\u00e7a, das artes perform\u00e1ticas e culturas LGBTQI+ (L\u00e9sbicas, Gays, Bi, Trans, Queer\/Questionando, Intersexo e mais. Na ocasi\u00e3o, o artivista Elivan Nascimento mediar\u00e1 o debate e apresentar\u00e1 seu workshop de Dan\u00e7as Urbanas, com participa\u00e7\u00e3o de artistas locais.<\/p>\n<div id=\"attachment_17374\" style=\"width: 1034px\" class=\"wp-caption aligncenter\"><img loading=\"lazy\" decoding=\"async\" aria-describedby=\"caption-attachment-17374\" class=\"size-large wp-image-17374\" src=\"https:\/\/blogs.correio24h.com.br\/mesalte\/wp-content\/uploads\/2018\/11\/elivan-1024x1024.jpg\" alt=\"Elivan far\u00e1 apresenta\u00e7\u00e3o\" width=\"1024\" height=\"1024\" srcset=\"https:\/\/blogs.correio24h.com.br\/mesalte\/wp-content\/uploads\/2018\/11\/elivan-1024x1024.jpg 1024w, https:\/\/blogs.correio24h.com.br\/mesalte\/wp-content\/uploads\/2018\/11\/elivan-150x150.jpg 150w, https:\/\/blogs.correio24h.com.br\/mesalte\/wp-content\/uploads\/2018\/11\/elivan-300x300.jpg 300w, https:\/\/blogs.correio24h.com.br\/mesalte\/wp-content\/uploads\/2018\/11\/elivan-768x768.jpg 768w, https:\/\/blogs.correio24h.com.br\/mesalte\/wp-content\/uploads\/2018\/11\/elivan-146x146.jpg 146w, https:\/\/blogs.correio24h.com.br\/mesalte\/wp-content\/uploads\/2018\/11\/elivan-50x50.jpg 50w, https:\/\/blogs.correio24h.com.br\/mesalte\/wp-content\/uploads\/2018\/11\/elivan-80x80.jpg 80w, https:\/\/blogs.correio24h.com.br\/mesalte\/wp-content\/uploads\/2018\/11\/elivan-75x75.jpg 75w, https:\/\/blogs.correio24h.com.br\/mesalte\/wp-content\/uploads\/2018\/11\/elivan-85x85.jpg 85w, https:\/\/blogs.correio24h.com.br\/mesalte\/wp-content\/uploads\/2018\/11\/elivan.jpg 1080w\" sizes=\"auto, (max-width: 1024px) 100vw, 1024px\" \/><p id=\"caption-attachment-17374\" class=\"wp-caption-text\">Elivan far\u00e1 apresenta\u00e7\u00e3o<\/p><\/div>\n<p>&nbsp;<\/p>\n<p>\u00c0 tarde, das 15h \u00e0s 17h, ser\u00e1 a vez da Oficina Demonxtra\u00e7\u00e3o, com a Drag Queen, Malayka SN, na qual os participantes ter\u00e3o aprendizados em maquiagem c\u00eanica, tendo como base as refer\u00eancias do movimento est\u00e9tico-pol\u00edtico das Drags Monster Queen. O intuito \u00e9 fomentar a experimenta\u00e7\u00e3o c\u00eanica de outras possibilidades de pesquisa e cria\u00e7\u00e3o no campo das artes visuais. Tamb\u00e9m gratuito, sem inscri\u00e7\u00e3o pr\u00e9via.<\/p>\n<p>Finalizando as a\u00e7\u00f5es do dia, o Centro de Forma\u00e7\u00e3o em Artes realizar\u00e1 o Semin\u00e1rio Hist\u00f3ria da Dan\u00e7a Afro Brasileira: Os desafios da contemporaneidade, com o dan\u00e7arino, professor e pesquisador, Denilson Oluwafemi, das 18h30 \u00e0s 20h. No debate, a\u00e7\u00f5es de pesquisa, difus\u00e3o e mem\u00f3ria sobre o contexto s\u00f3cio, pol\u00edtico e cultural presentes na constru\u00e7\u00e3o de um conjunto de express\u00f5es, movimentos que transversalizam o campo da dan\u00e7a.<\/p>\n<p>Na oportunidade, ser\u00e3o abordados os saberes ancestrais dos povos africanos e elementos da cultura popular brasileira na constru\u00e7\u00e3o de uma forma de dan\u00e7ar, posteriormente denominada como dan\u00e7a afro-brasileira. Tamb\u00e9m aberto ao p\u00fablico. Todas as atividades acontecem na Escola de Dan\u00e7a da Funceb &#8211; Pelourinho.<\/p>\n<p>O qu\u00ea: Workshop Afrontosas: Corpos Invisibilizados<br \/>\nOnde: Escola de Dan\u00e7a da Funceb, Pelourinho<br \/>\nQuando: 28 de Novembro das 09h \u00e0s 12h<\/p>\n<p>O qu\u00ea: Oficina Demonxtra\u00e7\u00e3o Workshop<br \/>\nOnde: Escola de Dan\u00e7a da Funceb, Pelourinho<br \/>\nQuando: 28 de Novembro das 15h \u00e0s 17h<\/p>\n<p>O qu\u00ea: Semin\u00e1rio Hist\u00f3ria da Dan\u00e7a Afro Brasileira<br \/>\nOnde: Escola de Dan\u00e7a da Funceb, Pelourinho<br \/>\nQuando: 28 de Novembro das 18h30 \u00e0s 20h<br \/>\nGratuitos<\/p>\n","protected":false},"excerpt":{"rendered":"<p>A Funda\u00e7\u00e3o Cultural do Estado da Bahia (Funceb\/SecultBa) &#8211; por meio do Centro de Forma\u00e7\u00e3o em Artes (CFA) &#8211; encerra Novembro das Artes Negras na pr\u00f3xima [&hellip;]<\/p>\n","protected":false},"author":1,"featured_media":15826,"comment_status":"open","ping_status":"open","sticky":false,"template":"","format":"image","meta":{"footnotes":""},"categories":[80,11],"tags":[],"class_list":["post-17373","post","type-post","status-publish","format-image","has-post-thumbnail","hentry","category-home","category-me-informo","post_format-post-format-image"],"_links":{"self":[{"href":"https:\/\/blogs.correio24horas.com.br\/mesalte\/wp-json\/wp\/v2\/posts\/17373","targetHints":{"allow":["GET"]}}],"collection":[{"href":"https:\/\/blogs.correio24horas.com.br\/mesalte\/wp-json\/wp\/v2\/posts"}],"about":[{"href":"https:\/\/blogs.correio24horas.com.br\/mesalte\/wp-json\/wp\/v2\/types\/post"}],"author":[{"embeddable":true,"href":"https:\/\/blogs.correio24horas.com.br\/mesalte\/wp-json\/wp\/v2\/users\/1"}],"replies":[{"embeddable":true,"href":"https:\/\/blogs.correio24horas.com.br\/mesalte\/wp-json\/wp\/v2\/comments?post=17373"}],"version-history":[{"count":1,"href":"https:\/\/blogs.correio24horas.com.br\/mesalte\/wp-json\/wp\/v2\/posts\/17373\/revisions"}],"predecessor-version":[{"id":17375,"href":"https:\/\/blogs.correio24horas.com.br\/mesalte\/wp-json\/wp\/v2\/posts\/17373\/revisions\/17375"}],"wp:featuredmedia":[{"embeddable":true,"href":"https:\/\/blogs.correio24horas.com.br\/mesalte\/wp-json\/wp\/v2\/media\/15826"}],"wp:attachment":[{"href":"https:\/\/blogs.correio24horas.com.br\/mesalte\/wp-json\/wp\/v2\/media?parent=17373"}],"wp:term":[{"taxonomy":"category","embeddable":true,"href":"https:\/\/blogs.correio24horas.com.br\/mesalte\/wp-json\/wp\/v2\/categories?post=17373"},{"taxonomy":"post_tag","embeddable":true,"href":"https:\/\/blogs.correio24horas.com.br\/mesalte\/wp-json\/wp\/v2\/tags?post=17373"}],"curies":[{"name":"wp","href":"https:\/\/api.w.org\/{rel}","templated":true}]}}