{"id":17370,"date":"2018-11-26T17:01:59","date_gmt":"2018-11-26T20:01:59","guid":{"rendered":"http:\/\/blogs.correio24horas.com.br\/mesalte\/?p=17370"},"modified":"2018-11-26T17:01:59","modified_gmt":"2018-11-26T20:01:59","slug":"alcione-e-mais-20-artistas-farao-show-de-graca-no-rio-vermelho-neste-domingo-2","status":"publish","type":"post","link":"https:\/\/blogs.correio24horas.com.br\/mesalte\/alcione-e-mais-20-artistas-farao-show-de-graca-no-rio-vermelho-neste-domingo-2\/","title":{"rendered":"Alcione e mais 20 artistas far\u00e3o show de gra\u00e7a no Rio Vermelho neste domingo (2)"},"content":{"rendered":"<p>Tradicional em Salvador h\u00e1 46 anos, o Dia do Samba ser\u00e1 comemorado no pr\u00f3ximo domingo, dia 2 de dezembro, com show gratuito de Alcione e mais vinte sambistas baianos convidados. O palco\u00a0do show ser\u00e1 na Pra\u00e7a Caramuru (no estacionamento do antigo Mercado do Peixe do Rio Vermelho). A festa, que tem dire\u00e7\u00e3o geral de Edil Pacheco, est\u00e1 prevista para come\u00e7ar \u00e0s 16h.<\/p>\n<p>Al\u00e9m de Alcione o evento receber\u00e1 apresenta\u00e7\u00f5es de Nelson Rufino, Walmir Lima, Edil Pacheco, Juliana Ribeiro, Firmino de Itapu\u00e3, Gal do Beco, Guiga de Ogum, Cl\u00e1udia Costa, Ver\u00f4nica Dumar, Jorginho Comancheiro, Muniz do Garcia, V\u00e2nia B\u00e1rbara, Roque Bentenqu\u00ea, Neto Bala, Fred Dantas, Claudete Macedo e Ger\u00f4nimo, entre outros. O grupo Bambas de Sampa tamb\u00e9m marcar\u00e1 presen\u00e7a, participando pela terceira vez do Dia do Samba em Salvador. J\u00e1 o grupo Cor do Brasil ser\u00e1 a banda base, permanecendo todo o tempo no palco.<\/p>\n<p>O homenageado da edi\u00e7\u00e3o 2018 do Dia do Samba \u00e9 Martinho da Vila, que completou 80 anos de vida esse ano.\u00a0A expectativa \u00e9 de reunir cerca de 20 mil expectadores no Rio Vermelho, ao longo de mais de seis horas de m\u00fasica.<\/p>\n","protected":false},"excerpt":{"rendered":"<p>Tradicional em Salvador h\u00e1 46 anos, o Dia do Samba ser\u00e1 comemorado no pr\u00f3ximo domingo, dia 2 de dezembro, com show gratuito de Alcione e mais [&hellip;]<\/p>\n","protected":false},"author":1,"featured_media":17371,"comment_status":"open","ping_status":"open","sticky":false,"template":"","format":"image","meta":{"footnotes":""},"categories":[80,16],"tags":[1715,1784,711],"class_list":["post-17370","post","type-post","status-publish","format-image","has-post-thumbnail","hentry","category-home","category-me-jogo","tag-alcione","tag-dia-do-samba","tag-samba","post_format-post-format-image"],"_links":{"self":[{"href":"https:\/\/blogs.correio24horas.com.br\/mesalte\/wp-json\/wp\/v2\/posts\/17370","targetHints":{"allow":["GET"]}}],"collection":[{"href":"https:\/\/blogs.correio24horas.com.br\/mesalte\/wp-json\/wp\/v2\/posts"}],"about":[{"href":"https:\/\/blogs.correio24horas.com.br\/mesalte\/wp-json\/wp\/v2\/types\/post"}],"author":[{"embeddable":true,"href":"https:\/\/blogs.correio24horas.com.br\/mesalte\/wp-json\/wp\/v2\/users\/1"}],"replies":[{"embeddable":true,"href":"https:\/\/blogs.correio24horas.com.br\/mesalte\/wp-json\/wp\/v2\/comments?post=17370"}],"version-history":[{"count":1,"href":"https:\/\/blogs.correio24horas.com.br\/mesalte\/wp-json\/wp\/v2\/posts\/17370\/revisions"}],"predecessor-version":[{"id":17372,"href":"https:\/\/blogs.correio24horas.com.br\/mesalte\/wp-json\/wp\/v2\/posts\/17370\/revisions\/17372"}],"wp:featuredmedia":[{"embeddable":true,"href":"https:\/\/blogs.correio24horas.com.br\/mesalte\/wp-json\/wp\/v2\/media\/17371"}],"wp:attachment":[{"href":"https:\/\/blogs.correio24horas.com.br\/mesalte\/wp-json\/wp\/v2\/media?parent=17370"}],"wp:term":[{"taxonomy":"category","embeddable":true,"href":"https:\/\/blogs.correio24horas.com.br\/mesalte\/wp-json\/wp\/v2\/categories?post=17370"},{"taxonomy":"post_tag","embeddable":true,"href":"https:\/\/blogs.correio24horas.com.br\/mesalte\/wp-json\/wp\/v2\/tags?post=17370"}],"curies":[{"name":"wp","href":"https:\/\/api.w.org\/{rel}","templated":true}]}}