{"id":17367,"date":"2018-11-26T16:22:18","date_gmt":"2018-11-26T19:22:18","guid":{"rendered":"http:\/\/blogs.correio24horas.com.br\/mesalte\/?p=17367"},"modified":"2018-11-26T16:28:01","modified_gmt":"2018-11-26T19:28:01","slug":"salvador-recebe-3a-edicao-do-mister-verao-brasil-em-janeiro","status":"publish","type":"post","link":"https:\/\/blogs.correio24horas.com.br\/mesalte\/salvador-recebe-3a-edicao-do-mister-verao-brasil-em-janeiro\/","title":{"rendered":"Salvador recebe 3\u00aa edi\u00e7\u00e3o do Mister Ver\u00e3o Brasil em janeiro"},"content":{"rendered":"<p>Salvador recebe no dia 20 de janeiro a etapa estadual da terceira edi\u00e7\u00e3o do concurso Mister Ver\u00e3o Brasil. O evento ser\u00e1 realizado \u00e0s 19h, no Hotel Sol Barra.<\/p>\n<p>Ser\u00e3o 12 candidatos na disputa por uma vaga ao t\u00edtulo de Mister Ver\u00e3o Brasil 2019, al\u00e9m de premia\u00e7\u00e3o para os tr\u00eas primeiros colocados e pe\u00e7as do estilista Jorge Andrade e da GRV Modas.<\/p>\n<p>Atualmente o t\u00edtulo pertence a Boanerges Almeida, 24 anos, morador de Sim\u00f5es Filho, estudante educa\u00e7\u00e3o f\u00edsica, que ir\u00e1 passar a faixa ao seu sucessor.<\/p>\n<p>Com apresenta\u00e7\u00e3o de Bagageryer Spilberg, o evento contar\u00e1 ainda com desfile exclusivo da GRV Modas, de Guegueu Almeida.<\/p>\n<p>A realiza\u00e7\u00e3o \u00e9 da ag\u00eancia Xtreme Model, comandada pelo produtor e empres\u00e1rio Jomar Sousa, com apoio do produtor de moda Ad\u00e3o Andrade, que levar\u00e1 candidatos de Nazar\u00e9 das Farinhas, Santo Ant\u00f4nio de Jesus e Valen\u00e7a.<\/p>\n<p>Os ingressos poder\u00e3o ser adquiridos no local, no dia do evento, por R$20.<\/p>\n<p>Servi\u00e7o<\/p>\n<p>3\u00aa edi\u00e7\u00e3o do Mister Ver\u00e3o Brasil<\/p>\n<p>Data: 20 de janeiro de 2019 (domingo)<\/p>\n<p>Hor\u00e1rio: 19h<\/p>\n<p>Local: Hotel Sol Barra<\/p>\n<p>Ingressos: R$20<\/p>\n<p>Maiores informa\u00e7\u00f5es: (71) 99206-2171<\/p>\n","protected":false},"excerpt":{"rendered":"<p>Salvador recebe no dia 20 de janeiro a etapa estadual da terceira edi\u00e7\u00e3o do concurso Mister Ver\u00e3o Brasil. O evento ser\u00e1 realizado \u00e0s 19h, no Hotel [&hellip;]<\/p>\n","protected":false},"author":1,"featured_media":17368,"comment_status":"open","ping_status":"open","sticky":false,"template":"","format":"image","meta":{"footnotes":""},"categories":[80,27],"tags":[],"class_list":["post-17367","post","type-post","status-publish","format-image","has-post-thumbnail","hentry","category-home","category-me-abano","post_format-post-format-image"],"_links":{"self":[{"href":"https:\/\/blogs.correio24horas.com.br\/mesalte\/wp-json\/wp\/v2\/posts\/17367","targetHints":{"allow":["GET"]}}],"collection":[{"href":"https:\/\/blogs.correio24horas.com.br\/mesalte\/wp-json\/wp\/v2\/posts"}],"about":[{"href":"https:\/\/blogs.correio24horas.com.br\/mesalte\/wp-json\/wp\/v2\/types\/post"}],"author":[{"embeddable":true,"href":"https:\/\/blogs.correio24horas.com.br\/mesalte\/wp-json\/wp\/v2\/users\/1"}],"replies":[{"embeddable":true,"href":"https:\/\/blogs.correio24horas.com.br\/mesalte\/wp-json\/wp\/v2\/comments?post=17367"}],"version-history":[{"count":1,"href":"https:\/\/blogs.correio24horas.com.br\/mesalte\/wp-json\/wp\/v2\/posts\/17367\/revisions"}],"predecessor-version":[{"id":17369,"href":"https:\/\/blogs.correio24horas.com.br\/mesalte\/wp-json\/wp\/v2\/posts\/17367\/revisions\/17369"}],"wp:featuredmedia":[{"embeddable":true,"href":"https:\/\/blogs.correio24horas.com.br\/mesalte\/wp-json\/wp\/v2\/media\/17368"}],"wp:attachment":[{"href":"https:\/\/blogs.correio24horas.com.br\/mesalte\/wp-json\/wp\/v2\/media?parent=17367"}],"wp:term":[{"taxonomy":"category","embeddable":true,"href":"https:\/\/blogs.correio24horas.com.br\/mesalte\/wp-json\/wp\/v2\/categories?post=17367"},{"taxonomy":"post_tag","embeddable":true,"href":"https:\/\/blogs.correio24horas.com.br\/mesalte\/wp-json\/wp\/v2\/tags?post=17367"}],"curies":[{"name":"wp","href":"https:\/\/api.w.org\/{rel}","templated":true}]}}