{"id":17363,"date":"2018-11-26T08:32:44","date_gmt":"2018-11-26T11:32:44","guid":{"rendered":"http:\/\/blogs.correio24horas.com.br\/mesalte\/?p=17363"},"modified":"2018-11-26T08:33:10","modified_gmt":"2018-11-26T11:33:10","slug":"cortejo-afro-comeca-ensaios-com-jau-e-ile-aiye","status":"publish","type":"post","link":"https:\/\/blogs.correio24horas.com.br\/mesalte\/cortejo-afro-comeca-ensaios-com-jau-e-ile-aiye\/","title":{"rendered":"Cortejo Afro come\u00e7a ensaios com Jau e Il\u00ea Aiy\u00ea"},"content":{"rendered":"<p>J\u00e1 est\u00e1 sentindo o gostinho do Ver\u00e3o? Para celebrar o m\u00eas da Consci\u00eancia Negra, o Cortejo Afro inicia sua tradicional temporada de ensaios com convidados especiais. A apresenta\u00e7\u00e3o, que acontece nesta segunda-feira (26), no Pelourinho, vai receber o cantor Jau e o tradicional Il\u00ea Aiy\u00ea.<\/p>\n<p>Durante os shows da temporada, que ir\u00e3o acontecer sempre \u00e0s segundas-feiras at\u00e9 o Carnaval, a banda anfitri\u00e3 promete agitar o p\u00fablico ao som das composi\u00e7\u00f5es pr\u00f3prias, mescladas a releituras de cl\u00e1ssicos da MPB, do pop e da batida percussiva. A dan\u00e7a e outras interpreta\u00e7\u00f5es das artes visuais s\u00e3o misturadas \u00e0 apresenta\u00e7\u00e3o, simultaneamente.<\/p>\n<p>J\u00e1 na sua apresenta\u00e7\u00e3o como convidado, Jau prepara um repert\u00f3rio exclusivo, aliando romantismo e anima\u00e7\u00e3o. M\u00fasicas mais recentes, como Com Carinho, aparecem misturadas a sons j\u00e1 conhecidos, como Sand\u00e1lia de Couro, J\u00e1 \u00c9 e Flores da Favela.<br \/>\nPara complementar a noite, o Il\u00ea Aiy\u00ea tamb\u00e9m faz a sua mistura de dan\u00e7a e m\u00fasica ao apresentar sucessos pr\u00f3prios, como Que Bloco \u00e9 Esse?, al\u00e9m de can\u00e7\u00f5es que surgem como surpresas no repert\u00f3rio.<\/p>\n<p>Para quem deseja acompanhar informa\u00e7\u00f5es sobre os pr\u00f3ximos ensaios do Cortejo, \u00e9 poss\u00edvel receber atualiza\u00e7\u00f5es no Instagram @cortejoafro.<\/p>\n<p>Servi\u00e7o<br \/>\nO qu\u00ea: Ensaio do Cortejo Afro.<br \/>\nQuando: Segunda-feira, 26\/11\/2018.<br \/>\nOnde: Largo Quincas Berro D\u2019\u00c1gua &#8211; Pelourinho \/ Salvador \u2013 Bahia.<br \/>\nHor\u00e1rio: 21 horas.<br \/>\nQuanto: R$60,00 (inteira) e R$30,00 (meia-entrada). Vendas antecipadas nos Restaurantes Odoy\u00e1 e Portal do Pel\u00f4 (Pelourinho), e na bilheteria do local, no dia do evento.<br \/>\nRealiza\u00e7\u00e3o: Entidade Cultural Cortejo Afro.<br \/>\nApoio: Clube Correio e Secretaria de Cultura do Estado da Bahia<br \/>\nSite: www.cortejoafro.com.br<br \/>\nE-mail: contato@cortejoafro.com.br<\/p>\n","protected":false},"excerpt":{"rendered":"<p>J\u00e1 est\u00e1 sentindo o gostinho do Ver\u00e3o? Para celebrar o m\u00eas da Consci\u00eancia Negra, o Cortejo Afro inicia sua tradicional temporada de ensaios com convidados especiais. [&hellip;]<\/p>\n","protected":false},"author":1,"featured_media":16806,"comment_status":"open","ping_status":"open","sticky":false,"template":"","format":"image","meta":{"footnotes":""},"categories":[80,16],"tags":[],"class_list":["post-17363","post","type-post","status-publish","format-image","has-post-thumbnail","hentry","category-home","category-me-jogo","post_format-post-format-image"],"_links":{"self":[{"href":"https:\/\/blogs.correio24horas.com.br\/mesalte\/wp-json\/wp\/v2\/posts\/17363","targetHints":{"allow":["GET"]}}],"collection":[{"href":"https:\/\/blogs.correio24horas.com.br\/mesalte\/wp-json\/wp\/v2\/posts"}],"about":[{"href":"https:\/\/blogs.correio24horas.com.br\/mesalte\/wp-json\/wp\/v2\/types\/post"}],"author":[{"embeddable":true,"href":"https:\/\/blogs.correio24horas.com.br\/mesalte\/wp-json\/wp\/v2\/users\/1"}],"replies":[{"embeddable":true,"href":"https:\/\/blogs.correio24horas.com.br\/mesalte\/wp-json\/wp\/v2\/comments?post=17363"}],"version-history":[{"count":2,"href":"https:\/\/blogs.correio24horas.com.br\/mesalte\/wp-json\/wp\/v2\/posts\/17363\/revisions"}],"predecessor-version":[{"id":17365,"href":"https:\/\/blogs.correio24horas.com.br\/mesalte\/wp-json\/wp\/v2\/posts\/17363\/revisions\/17365"}],"wp:featuredmedia":[{"embeddable":true,"href":"https:\/\/blogs.correio24horas.com.br\/mesalte\/wp-json\/wp\/v2\/media\/16806"}],"wp:attachment":[{"href":"https:\/\/blogs.correio24horas.com.br\/mesalte\/wp-json\/wp\/v2\/media?parent=17363"}],"wp:term":[{"taxonomy":"category","embeddable":true,"href":"https:\/\/blogs.correio24horas.com.br\/mesalte\/wp-json\/wp\/v2\/categories?post=17363"},{"taxonomy":"post_tag","embeddable":true,"href":"https:\/\/blogs.correio24horas.com.br\/mesalte\/wp-json\/wp\/v2\/tags?post=17363"}],"curies":[{"name":"wp","href":"https:\/\/api.w.org\/{rel}","templated":true}]}}