{"id":17360,"date":"2018-11-20T15:25:42","date_gmt":"2018-11-20T18:25:42","guid":{"rendered":"http:\/\/blogs.correio24horas.com.br\/mesalte\/?p=17360"},"modified":"2018-11-26T13:31:55","modified_gmt":"2018-11-26T16:31:55","slug":"miss-suburbio-gay-sera-realizado-no-suburbio-360-no-domingo-25","status":"publish","type":"post","link":"https:\/\/blogs.correio24horas.com.br\/mesalte\/miss-suburbio-gay-sera-realizado-no-suburbio-360-no-domingo-25\/","title":{"rendered":"Miss Sub\u00farbio Gay ser\u00e1 realizado no Sub\u00farbio 360 no domingo (25)"},"content":{"rendered":"<p>O mais belo transformista de uma das principais regi\u00f5es de Salvador ser\u00e1 conhecido no pr\u00f3ximo domingo (25), durante a realiza\u00e7\u00e3o do Miss Sub\u00farbio Gay 2018. O evento acontece no pr\u00f3ximo domingo (25), \u00e0s 17h, no Espa\u00e7o Boca do Brasa \u2013 Sub\u00farbio 360, localizado em Coutos. Com entrada gratuita, a atividade \u00e9 apoiada pelo edital Arte Todo Dia \u2013 Ano IV, promovido pela Funda\u00e7\u00e3o Greg\u00f3rio de Mattos (FGM).<\/p>\n<p>O concurso reunir\u00e1 15 candidatos que dever\u00e3o apresentar duas produ\u00e7\u00f5es no palco: uma com traje de passeio e outra com figurino de gala. Ser\u00e3o escolhidos tr\u00eas finalistas para disputar o t\u00edtulo e o vencedor levar\u00e1 um pr\u00eamio em dinheiro no valor de R$ 500, representar\u00e1 o Sub\u00farbio Ferrovi\u00e1rio de Salvador em eventos LGBTQI+ do pr\u00f3ximo ano \u2013 incluindo o Festival Diversas Suburbanidades -, al\u00e9m de conquistar um lugar no Miss Gay Salvador.<\/p>\n<p>Para abrilhantar a noite, est\u00e3o confirmadas as performances de Scher Marie Mercury, Eyshilla Butterfly (Miss Sub\u00farbio Gay 2013) e Rejan Star, al\u00e9m de A Miss Brasil 2017 Petra P\u00e9ron. A parte musical ficar\u00e1 a cargo dos grupos Moover Dance, As Kikitas e o Grupo Cultural Junino Imperatriz do Forr\u00f3. No comando das atra\u00e7\u00f5es estar\u00e1 Tabatha Vermont, personagem criada pelo ator e produtor cultural Fabr\u00edcio Cumming.<\/p>\n","protected":false},"excerpt":{"rendered":"<p>O mais belo transformista de uma das principais regi\u00f5es de Salvador ser\u00e1 conhecido no pr\u00f3ximo domingo (25), durante a realiza\u00e7\u00e3o do Miss Sub\u00farbio Gay 2018. O [&hellip;]<\/p>\n","protected":false},"author":2,"featured_media":17361,"comment_status":"open","ping_status":"open","sticky":false,"template":"","format":"image","meta":{"footnotes":""},"categories":[28],"tags":[1783,1782],"class_list":["post-17360","post","type-post","status-publish","format-image","has-post-thumbnail","hentry","category-farofa-digital","tag-miss-suburbio-gay","tag-suburbio-360","post_format-post-format-image"],"_links":{"self":[{"href":"https:\/\/blogs.correio24horas.com.br\/mesalte\/wp-json\/wp\/v2\/posts\/17360","targetHints":{"allow":["GET"]}}],"collection":[{"href":"https:\/\/blogs.correio24horas.com.br\/mesalte\/wp-json\/wp\/v2\/posts"}],"about":[{"href":"https:\/\/blogs.correio24horas.com.br\/mesalte\/wp-json\/wp\/v2\/types\/post"}],"author":[{"embeddable":true,"href":"https:\/\/blogs.correio24horas.com.br\/mesalte\/wp-json\/wp\/v2\/users\/2"}],"replies":[{"embeddable":true,"href":"https:\/\/blogs.correio24horas.com.br\/mesalte\/wp-json\/wp\/v2\/comments?post=17360"}],"version-history":[{"count":1,"href":"https:\/\/blogs.correio24horas.com.br\/mesalte\/wp-json\/wp\/v2\/posts\/17360\/revisions"}],"predecessor-version":[{"id":17362,"href":"https:\/\/blogs.correio24horas.com.br\/mesalte\/wp-json\/wp\/v2\/posts\/17360\/revisions\/17362"}],"wp:featuredmedia":[{"embeddable":true,"href":"https:\/\/blogs.correio24horas.com.br\/mesalte\/wp-json\/wp\/v2\/media\/17361"}],"wp:attachment":[{"href":"https:\/\/blogs.correio24horas.com.br\/mesalte\/wp-json\/wp\/v2\/media?parent=17360"}],"wp:term":[{"taxonomy":"category","embeddable":true,"href":"https:\/\/blogs.correio24horas.com.br\/mesalte\/wp-json\/wp\/v2\/categories?post=17360"},{"taxonomy":"post_tag","embeddable":true,"href":"https:\/\/blogs.correio24horas.com.br\/mesalte\/wp-json\/wp\/v2\/tags?post=17360"}],"curies":[{"name":"wp","href":"https:\/\/api.w.org\/{rel}","templated":true}]}}