{"id":17341,"date":"2018-11-15T13:30:04","date_gmt":"2018-11-15T16:30:04","guid":{"rendered":"http:\/\/blogs.correio24horas.com.br\/mesalte\/?p=17341"},"modified":"2018-11-15T13:30:04","modified_gmt":"2018-11-15T16:30:04","slug":"travesti-ativista-e-executada-com-3-tiros-na-cabeca-em-vitoria-da-conquista","status":"publish","type":"post","link":"https:\/\/blogs.correio24horas.com.br\/mesalte\/travesti-ativista-e-executada-com-3-tiros-na-cabeca-em-vitoria-da-conquista\/","title":{"rendered":"Travesti ativista \u00e9 executada com 3 tiros na cabe\u00e7a em Vit\u00f3ria da Conquista"},"content":{"rendered":"<p>Aos 32 anos,\u00a0\u00a0a travesti Raphaela Souza entrou para a triste estat\u00edstica que atinge a comunidade LGBTQIA+ do Brasil. Ela foi morta com tr\u00eas tiros na cabe\u00e7a\u00a0na noite da quarta-feira (14), no conjunto habitacional Pau Brasil, bairro Miro Cairo em Vit\u00f3ria da Conquista na Bahia.<\/p>\n<p>Importante articuladora das causas LGBTs no sudoeste do estado, Raphaela foi coordenadora do Coletivo Finas de travestis e transexuais e trabalhou na Secretaria Municipal de Desenvolvimento Social (Semdes), contratada depois de sele\u00e7\u00e3o p\u00fablica. Ela dava aulas de cabeleireira para mulheres inscritas no programa Bolsa Fam\u00edlia.<\/p>\n<p>Esse \u00e9 o segundo caso de assassinato de travesti que acontece na cidade em uma semana. No dia 7 de novembro duas travestis foram atacadas na\u00a0 nas proximidades do Anel Rodovi\u00e1rio Jadiel Matos Leste. Elis\u00e2ngela foi atingida na regi\u00e3o da cabe\u00e7a e morreu no local. J\u00e1 a segunda travesti, conhecida como Duda, sobreviveu\u00a0e disse \u00e0 pol\u00edcia que os assassinos filmaram toda a\u00e7\u00e3o.<\/p>\n<p>Por meio de nota, a Coordena\u00e7\u00e3o Municipal de Pol\u00edticas de Promo\u00e7\u00e3o da Cidadania e Direitos de LGBT informou que vai acompanhar as investiga\u00e7\u00f5es e que lamenta profundamente as mortes de Raphaela Souza e de Elis\u00e2ngela.<\/p>\n<p>&#8220;A Coordena\u00e7\u00e3o Municipal de Pol\u00edticas de Promo\u00e7\u00e3o da Cidadania e Direitos de LGBT lamenta profundamente as mortes de Raphaela Souza (ocorrido na noite desta quarta, 14, no bairro Miro Cairo) e de Elis\u00e2ngela (ocorrido no \u00faltimo dia 7). Aos 32 anos, Raphaela era uma das principais militantes das causas LGBT em Vit\u00f3ria da Conquista e, atualmente, coordenava o Grupo Social Coletivo Finas de Travestis e Transexuais.\u00a0Em tempo, a coordena\u00e7\u00e3o informa que est\u00e1 acompanhando os dois casos e acredita no trabalho s\u00e9rio e competente da Pol\u00edcia para esclarecer os crimes&#8221;, afirmou a coordena\u00e7\u00e3o, em nota.<\/p>\n<p>O Me Salte tentou contato com a Delegacia de Homic\u00eddios em Conquista, mas n\u00e3o teve retorno at\u00e9 o momento da publica\u00e7\u00e3o dessa reportagem.<\/p>\n<p>Atrav\u00e9s das redes sociais, ao longo dia, a comunidade LGBTQIA+ da Bahia tem manifestado pesar pela morte da ativista.<\/p>\n<p>&nbsp;<\/p>\n<blockquote><p><em>A dor e a impot\u00eancia me fazem calar diante do frio assassinato de\u00a0<a class=\"profileLink\" href=\"https:\/\/www.facebook.com\/raphaela.souza.7923?__tn__=%2CdK-R-R&amp;eid=ARAWIdjoOwAUP_cTmRzX0JKWhtzn-wmLxptm6oN9pd0yxRDZ5nwdnXf0s6EzqoWr5DSZxKqnQaf3EwRt&amp;fref=mentions\" data-hovercard=\"\/ajax\/hovercard\/user.php?id=100003007728747&amp;extragetparams=%7B%22__tn__%22%3A%22%2CdK-R-R%22%2C%22eid%22%3A%22ARAWIdjoOwAUP_cTmRzX0JKWhtzn-wmLxptm6oN9pd0yxRDZ5nwdnXf0s6EzqoWr5DSZxKqnQaf3EwRt%22%2C%22fref%22%3A%22mentions%22%7D\" data-hovercard-prefer-more-content-show=\"1\">Raphaela Souza<\/a>\u00a0At\u00e9 quando Brasil? (<a href=\"https:\/\/www.facebook.com\/raphaela.souza.7923?__tn__=%2CdK-R-R&amp;eid=ARAj4XFqLwQq49gKzxyW4RKZL40GicmoybZYN0Bui04EX9D9kGhu7Rvy1fguMW7D9MtyLfj4plPHd1kr&amp;fref=mentions\" target=\"_blank\">Keila Simpson, pelo Facebook<\/a>)\u00a0<\/em><\/p>\n<p><em>Flutue, amiga! Seu legado de amor e respeito ser\u00e1 honrado. A Bahia \u00e9 o segundo estado no ranking de mais v\u00edtimas pela transfobia, com 12 assassinatos em 2018, contado com a ativista e conselheira estadual LGBT Raphaella Souza. Por sua mem\u00f3ria, o compromisso na luta se renova. Que seu trajeto seja de luz. N\u00f3s te amamos. (<a href=\"https:\/\/www.facebook.com\/photo.php?fbid=2482379528443861&amp;set=a.313828388632330&amp;type=3&amp;theater\" target=\"_blank\">Vin\u00edcius Zacarias, pelo Facebook<\/a>)\u00a0<\/em><\/p><\/blockquote>\n<blockquote><p><em>Sabe quando faltam as palavras?\u00a0Quando elas deixam de fazer sentido e o desespero tira voc\u00ea do lugar, do centro e vc n\u00e3o sabe se sofre, se corre, ou se para.\u00a0Assim que estou me sentindo. Ontem foi\u00a0<a class=\"profileLink\" href=\"https:\/\/www.facebook.com\/raphaela.souza.7923?__tn__=%2CdK-R-R&amp;eid=ARByNUJvHvH4L2pVjGoRyfZ8JPmon6QBy4PHuNqvaE26S5lqAvWYr6EdLHyTpdbGdovYvR68cWCM9grd&amp;fref=mentions\" data-hovercard=\"\/ajax\/hovercard\/user.php?id=100003007728747&amp;extragetparams=%7B%22__tn__%22%3A%22%2CdK-R-R%22%2C%22eid%22%3A%22ARByNUJvHvH4L2pVjGoRyfZ8JPmon6QBy4PHuNqvaE26S5lqAvWYr6EdLHyTpdbGdovYvR68cWCM9grd%22%2C%22fref%22%3A%22mentions%22%7D\" data-hovercard-prefer-more-content-show=\"1\">Raphaela Souza<\/a>\u00a0e o medo n\u00e3o vai me paralizar, pq tenho que seguir.\u00a0Mas ele est\u00e1 aqui. Temos que nascer todos os dias. Re-elaborar.\u00a0\u00a0Perdemos uma grande mulher na hist\u00f3ria da Bahia. Que Orun receba! No dia que Xang\u00f4 come\u00e7ar a cobrar cada gota de sangue, n\u00e3o ter\u00e1 embarca\u00e7\u00e3o que carregue. (<a href=\"https:\/\/www.facebook.com\/diego.pereira.54943?__tn__=%2CdC-R-R&amp;eid=ARAsocsG8TyV7sz7g5w2avuJnbjHcscOJAJ3NPEERCt1gGoAMaGfkTsRWefT5q8JHhsJRTniNn9Ni_SP&amp;hc_ref=ARQrvSA6mjoqUhoJuC4bL2WRiEoKAFMfjFdNlbdRB5eR2RHrx70t8kzTMWFzSByBsMU&amp;fref=nf\" target=\"_blank\">Diego Pereira, pelo Facebook<\/a>)\u00a0<\/em><\/p>\n<p><em>Na madrugada de ontem a nossa querida\u00a0<a class=\"profileLink\" href=\"https:\/\/www.facebook.com\/raphaela.souza.7923?__tn__=%2CdK-R-R&amp;eid=ARC8JO-bAbejVknbmYdSbBaqWPXNUhIPTDOi9FaUBMGJxflpB1pL_yZYL9f-VcDvHXIUcLsPD-pCzChH&amp;fref=mentions\" data-hovercard=\"\/ajax\/hovercard\/user.php?id=100003007728747&amp;extragetparams=%7B%22__tn__%22%3A%22%2CdK-R-R%22%2C%22eid%22%3A%22ARC8JO-bAbejVknbmYdSbBaqWPXNUhIPTDOi9FaUBMGJxflpB1pL_yZYL9f-VcDvHXIUcLsPD-pCzChH%22%2C%22fref%22%3A%22mentions%22%7D\" data-hovercard-prefer-more-content-show=\"1\">Raphaela Souza<\/a>\u00a0foi assassinada. Travesti, de Vit\u00f3ria da Conquista, militante dos direitos humanos, conselheira do Conselho Estadual LGBT da Bahia teve sua vida ceifada com 3 tiros na cabe\u00e7a!\u00a0<\/em><em>Tem quem diga que depois das elei\u00e7\u00f5es a poeira baixa, ou que o \u00f3dio diminuiria e \u201cvoltar\u00edamos a normalidade\u201d.\u00a0<\/em><em>E o Estado de exce\u00e7\u00e3o continua em curso, cada vez pior.\u00a0<\/em><em>Raphaela presente! (<a href=\"https:\/\/www.facebook.com\/petra.peron.5?__tn__=%2CdlC-R-R&amp;eid=ARC73uQujRSre36b9bJgmz5SoTAdkS5hI8iuuBwDKs3F4z_0qiYqYLlnnFYML9I2YBNru8VL3NtNo-kP&amp;hc_ref=ARTJr3w1pPA9Ym9lJlyRZRzYn7tK8sLy8OM-Q5EzefHeTXfjIRd0ionRI5Cp6VvUJyo\" target=\"_blank\">Petra Per\u00f3n, pelo Facebook<\/a>)<\/em><\/p><\/blockquote>\n","protected":false},"excerpt":{"rendered":"<p>Aos 32 anos,\u00a0\u00a0a travesti Raphaela Souza entrou para a triste estat\u00edstica que atinge a comunidade LGBTQIA+ do Brasil. Ela foi morta com tr\u00eas tiros na cabe\u00e7a\u00a0na [&hellip;]<\/p>\n","protected":false},"author":1,"featured_media":17342,"comment_status":"open","ping_status":"open","sticky":false,"template":"","format":"image","meta":{"footnotes":""},"categories":[80,11],"tags":[],"class_list":["post-17341","post","type-post","status-publish","format-image","has-post-thumbnail","hentry","category-home","category-me-informo","post_format-post-format-image"],"_links":{"self":[{"href":"https:\/\/blogs.correio24horas.com.br\/mesalte\/wp-json\/wp\/v2\/posts\/17341","targetHints":{"allow":["GET"]}}],"collection":[{"href":"https:\/\/blogs.correio24horas.com.br\/mesalte\/wp-json\/wp\/v2\/posts"}],"about":[{"href":"https:\/\/blogs.correio24horas.com.br\/mesalte\/wp-json\/wp\/v2\/types\/post"}],"author":[{"embeddable":true,"href":"https:\/\/blogs.correio24horas.com.br\/mesalte\/wp-json\/wp\/v2\/users\/1"}],"replies":[{"embeddable":true,"href":"https:\/\/blogs.correio24horas.com.br\/mesalte\/wp-json\/wp\/v2\/comments?post=17341"}],"version-history":[{"count":1,"href":"https:\/\/blogs.correio24horas.com.br\/mesalte\/wp-json\/wp\/v2\/posts\/17341\/revisions"}],"predecessor-version":[{"id":17343,"href":"https:\/\/blogs.correio24horas.com.br\/mesalte\/wp-json\/wp\/v2\/posts\/17341\/revisions\/17343"}],"wp:featuredmedia":[{"embeddable":true,"href":"https:\/\/blogs.correio24horas.com.br\/mesalte\/wp-json\/wp\/v2\/media\/17342"}],"wp:attachment":[{"href":"https:\/\/blogs.correio24horas.com.br\/mesalte\/wp-json\/wp\/v2\/media?parent=17341"}],"wp:term":[{"taxonomy":"category","embeddable":true,"href":"https:\/\/blogs.correio24horas.com.br\/mesalte\/wp-json\/wp\/v2\/categories?post=17341"},{"taxonomy":"post_tag","embeddable":true,"href":"https:\/\/blogs.correio24horas.com.br\/mesalte\/wp-json\/wp\/v2\/tags?post=17341"}],"curies":[{"name":"wp","href":"https:\/\/api.w.org\/{rel}","templated":true}]}}