{"id":17338,"date":"2018-11-15T12:06:22","date_gmt":"2018-11-15T15:06:22","guid":{"rendered":"http:\/\/blogs.correio24horas.com.br\/mesalte\/?p=17338"},"modified":"2018-11-15T12:06:57","modified_gmt":"2018-11-15T15:06:57","slug":"em-entrevista-ivete-fala-de-silencio-em-eleicao-e-planos-de-carreira","status":"publish","type":"post","link":"https:\/\/blogs.correio24horas.com.br\/mesalte\/em-entrevista-ivete-fala-de-silencio-em-eleicao-e-planos-de-carreira\/","title":{"rendered":"Em entrevista, Ivete fala de sil\u00eancio em elei\u00e7\u00e3o e planos de carreira"},"content":{"rendered":"<p><em>Por Robson Gomes, do Jornal do Commercio, para a Rede Nordeste<\/em><\/p>\n<p>Ainda estamos em novembro, mas na noite desta quarta-feira (14) j\u00e1 teve contagem regressiva para 2019 na \u00e1rea externa do Classic Hall, em Olinda, com a grava\u00e7\u00e3o ao vivo do programa Show da Virada, da TV Globo, que ser\u00e1 exibido no fim do ano.<\/p>\n<p>Entre as grandes atra\u00e7\u00f5es nacionais da festa \u2013 como Simone &amp; Simaria, Luan Santana e Wesley Safad\u00e3o \u2013 est\u00e1 Ivete Sangalo, que reencontra Pernambuco pela primeira vez ap\u00f3s dar a luz \u00e0s g\u00eameas Helena e Marina. Em entrevista ao Jornal do Commercio, a baiana de 46 anos refor\u00e7a o carinho pela capital pernambucana, fala dos tr\u00eas filhos, os planos para o seu pr\u00f3ximo DVD e at\u00e9 sobre seu sil\u00eancio nas elei\u00e7\u00f5es presidenciais.<\/p>\n<p>Leia a entrevista, publicada ontem pelo JC:<\/p>\n<p><strong>JORNAL DO COMMERCIO \u2013 Ivete, 2018 chega ao fim sendo um ano muito especial na sua vida profissional e pessoal. Pode ser considerado o \u201cmelhor ano\u201d para voc\u00ea?<\/strong><br \/>\n<strong> IVETE SANGALO \u2013<\/strong> 2018 foi muito especial pra mim. A chegada das minhas pequenas trouxe pra n\u00f3s experi\u00eancias jamais imaginadas. Muito amor entrou nas nossas vidas pra somar com o nosso pr\u00edncipe precioso. Profissionalmente, foi muito bom tamb\u00e9m. Consegui realizar sonhos pessoais e pude desenvolver em outra rotina os meus projetos profissionais.<\/p>\n<p><strong>JC \u2013 Voc\u00ea est\u00e1 \u00e0s voltas com a prepara\u00e7\u00e3o do DVD Live Experience. O que j\u00e1 \u00e9 poss\u00edvel adiantar desta grava\u00e7\u00e3o que vai comemorar seus 25 anos de carreira?<\/strong><br \/>\n<strong> IVETE \u2013<\/strong> Ser\u00e1 um misto de composi\u00e7\u00f5es novas, algumas autorais e uma viagem na mem\u00f3ria afetiva de todos n\u00f3s, com m\u00fasicas que fizeram parte desse caminho nosso. Vamos ter um palco bem lindo e um jogo de luz pronto pra atacar com a banda em cada acorde.<\/p>\n<p><strong>JC \u2013 Voc\u00ea \u00e9 uma figura quase obrigat\u00f3ria no Show da Virada. Na sua opini\u00e3o, o que n\u00e3o pode faltar numa festa para receber o ano que chega?<\/strong><br \/>\n<strong> IVETE \u2013<\/strong> N\u00e3o pode faltar a boa energia. A vontade de que d\u00ea tudo certo no ano que inicia!<\/p>\n<p><strong>JC \u2013 Voc\u00ea tem alguma tradi\u00e7\u00e3o ou simpatia para o Ano-Novo?<\/strong><br \/>\n<strong> IVETE \u2013<\/strong> N\u00e3o sou muito supersticiosa. Fa\u00e7o uma ora\u00e7\u00e3o como comumente fa\u00e7o nos meus dias.<\/p>\n<p><strong>JC \u2013 O Show da Virada \u00e9 o primeiro show seu em Pernambuco ap\u00f3s o nascimento de suas g\u00eameas. Qual o tamanho da sua expectativa em reencontrar os recifenses?<\/strong><br \/>\n<strong> IVETE \u2013<\/strong> Estou muito saudosa. Tenho uma rela\u00e7\u00e3o de muito amor com Pernambuco. Estou com o tanque cheio de amor e pronta para dividir com Recife!<\/p>\n<p><strong>JC \u2013 Volta e meia, vemos algum v\u00eddeo de Marcelo fazendo alguma perip\u00e9cia musical nas redes sociais. Podemos esperar uma participa\u00e7\u00e3o dele mais efetiva nos teus palcos brevemente?<\/strong><br \/>\n<strong> IVETE \u2013<\/strong> N\u00e3o h\u00e1 como negar o talento e aptid\u00e3o dele para a m\u00fasica, em especial para a bateria. Quero que ele se sinta seguro para encarar uma participa\u00e7\u00e3o. Ser\u00e1 a maior alegria poder ter meu filho tocando comigo um dia!<\/p>\n<p><strong>JC \u2013 Passamos recentemente por um momento tenso no Pa\u00eds em virtude das elei\u00e7\u00f5es presidenciais. Muitos f\u00e3s aguardavam (e cobraram) algum tipo de posicionamento seu enquanto artista. H\u00e1 algo que voc\u00ea queira dizer sobre isso?<\/strong><br \/>\n<strong> IVETE \u2013<\/strong> A minha posi\u00e7\u00e3o n\u00e3o foi estabelecida diante dessa elei\u00e7\u00e3o especificamente. Tenho essa postura desde o come\u00e7o da minha carreira. Como voc\u00ea mesmo disse, foi uma elei\u00e7\u00e3o tensa, muito dividida e muito conduzida pelo \u00f3dio. Pol\u00edtica fazemos todos os dias. Exercitamos o nosso poder de transforma\u00e7\u00e3o no nosso caminho.<\/p>\n<blockquote><p>N\u00e3o falar sobre o momento, acredite, foi a parte mais dif\u00edcil. Mas fui muito coerente com a minha postura de sempre. As coisas que acredito e reivindico eu trago no meu caminho e realizo longe de situa\u00e7\u00f5es de disputa.<\/p><\/blockquote>\n<p><strong>JC \u2013 Com 25 anos de carreira bem vividos, o que Ivete Sangalo ainda almeja alcan\u00e7ar?<\/strong><br \/>\n<strong>IVETE \u2013<\/strong> Os caminhos at\u00e9 aqui vieram naturalmente. Foram experi\u00eancias t\u00e3o especiais que nem nos meus melhores sonhos poderia imaginar viver. Deixo a vida se encarregar desses presentes. Acho que tenho muita sorte de poder viver na alegria de cantar.<\/p>\n","protected":false},"excerpt":{"rendered":"<p>Por Robson Gomes, do Jornal do Commercio, para a Rede Nordeste Ainda estamos em novembro, mas na noite desta quarta-feira (14) j\u00e1 teve contagem regressiva para [&hellip;]<\/p>\n","protected":false},"author":1,"featured_media":12485,"comment_status":"open","ping_status":"open","sticky":false,"template":"","format":"image","meta":{"footnotes":""},"categories":[80,26],"tags":[967,415],"class_list":["post-17338","post","type-post","status-publish","format-image","has-post-thumbnail","hentry","category-home","category-me-inspiro","tag-ivete","tag-ivete-sangalo","post_format-post-format-image"],"_links":{"self":[{"href":"https:\/\/blogs.correio24horas.com.br\/mesalte\/wp-json\/wp\/v2\/posts\/17338","targetHints":{"allow":["GET"]}}],"collection":[{"href":"https:\/\/blogs.correio24horas.com.br\/mesalte\/wp-json\/wp\/v2\/posts"}],"about":[{"href":"https:\/\/blogs.correio24horas.com.br\/mesalte\/wp-json\/wp\/v2\/types\/post"}],"author":[{"embeddable":true,"href":"https:\/\/blogs.correio24horas.com.br\/mesalte\/wp-json\/wp\/v2\/users\/1"}],"replies":[{"embeddable":true,"href":"https:\/\/blogs.correio24horas.com.br\/mesalte\/wp-json\/wp\/v2\/comments?post=17338"}],"version-history":[{"count":2,"href":"https:\/\/blogs.correio24horas.com.br\/mesalte\/wp-json\/wp\/v2\/posts\/17338\/revisions"}],"predecessor-version":[{"id":17340,"href":"https:\/\/blogs.correio24horas.com.br\/mesalte\/wp-json\/wp\/v2\/posts\/17338\/revisions\/17340"}],"wp:featuredmedia":[{"embeddable":true,"href":"https:\/\/blogs.correio24horas.com.br\/mesalte\/wp-json\/wp\/v2\/media\/12485"}],"wp:attachment":[{"href":"https:\/\/blogs.correio24horas.com.br\/mesalte\/wp-json\/wp\/v2\/media?parent=17338"}],"wp:term":[{"taxonomy":"category","embeddable":true,"href":"https:\/\/blogs.correio24horas.com.br\/mesalte\/wp-json\/wp\/v2\/categories?post=17338"},{"taxonomy":"post_tag","embeddable":true,"href":"https:\/\/blogs.correio24horas.com.br\/mesalte\/wp-json\/wp\/v2\/tags?post=17338"}],"curies":[{"name":"wp","href":"https:\/\/api.w.org\/{rel}","templated":true}]}}