{"id":17328,"date":"2018-11-15T09:57:17","date_gmt":"2018-11-15T12:57:17","guid":{"rendered":"http:\/\/blogs.correio24horas.com.br\/mesalte\/?p=17328"},"modified":"2018-11-26T18:07:20","modified_gmt":"2018-11-26T21:07:20","slug":"salvador-tera-festa-trans-com-especial-fim-de-ano-dia-15-de-dezembro","status":"publish","type":"post","link":"https:\/\/blogs.correio24horas.com.br\/mesalte\/salvador-tera-festa-trans-com-especial-fim-de-ano-dia-15-de-dezembro\/","title":{"rendered":"Salvador ter\u00e1 festa trans com especial &#8216;fim de ano&#8217; dia 15 de dezembro"},"content":{"rendered":"<p>Salvador ter\u00e1 mais uma edi\u00e7\u00e3o da festa trans no m\u00eas de dezembro. A pr\u00f3xima edi\u00e7\u00e3o acontecer\u00e1 no dia 15 de dezembro\u00a0e ir\u00e1 homenagear o final do ano. A festa acontecer\u00e1 com os convidados vestindo roupas amarelas, brancas ou de cores claras. A festa acontecer\u00e1 no bairro da Pituba e \u00e9 exclusiva para trans, crossdresser e homens.\u00a0Haver\u00e3o shows especiais de Eyshilla Butterfly, Bruna Alves e do DJ Tico.<\/p>\n<p><img loading=\"lazy\" decoding=\"async\" class=\"aligncenter size-full wp-image-17331\" src=\"https:\/\/blogs.correio24h.com.br\/mesalte\/wp-content\/uploads\/2018\/11\/trans2.jpg\" alt=\"trans2\" width=\"719\" height=\"730\" srcset=\"https:\/\/blogs.correio24h.com.br\/mesalte\/wp-content\/uploads\/2018\/11\/trans2.jpg 719w, https:\/\/blogs.correio24h.com.br\/mesalte\/wp-content\/uploads\/2018\/11\/trans2-295x300.jpg 295w, https:\/\/blogs.correio24h.com.br\/mesalte\/wp-content\/uploads\/2018\/11\/trans2-144x146.jpg 144w, https:\/\/blogs.correio24h.com.br\/mesalte\/wp-content\/uploads\/2018\/11\/trans2-50x50.jpg 50w, https:\/\/blogs.correio24h.com.br\/mesalte\/wp-content\/uploads\/2018\/11\/trans2-80x80.jpg 80w, https:\/\/blogs.correio24h.com.br\/mesalte\/wp-content\/uploads\/2018\/11\/trans2-74x75.jpg 74w, https:\/\/blogs.correio24h.com.br\/mesalte\/wp-content\/uploads\/2018\/11\/trans2-85x85.jpg 85w\" sizes=\"auto, (max-width: 719px) 100vw, 719px\" \/><\/p>\n<p>&nbsp;<\/p>\n<p>Pre\u00e7o promocional antecipado &#8211;\u00a0Homens: R$ 30\/\u00a0Travestis, trans e crosdesser &#8211; R$ 20<\/p>\n<p>Mais informa\u00e7\u00f5es:\u00a071 99943 3445\/\u00a071 99632 0423\/\u00a071 99645 5528<\/p>\n","protected":false},"excerpt":{"rendered":"<p>Salvador ter\u00e1 mais uma edi\u00e7\u00e3o da festa trans no m\u00eas de dezembro. A pr\u00f3xima edi\u00e7\u00e3o acontecer\u00e1 no dia 15 de dezembro\u00a0e ir\u00e1 homenagear o final do [&hellip;]<\/p>\n","protected":false},"author":1,"featured_media":17329,"comment_status":"open","ping_status":"open","sticky":false,"template":"","format":"image","meta":{"footnotes":""},"categories":[80,16],"tags":[],"class_list":["post-17328","post","type-post","status-publish","format-image","has-post-thumbnail","hentry","category-home","category-me-jogo","post_format-post-format-image"],"_links":{"self":[{"href":"https:\/\/blogs.correio24horas.com.br\/mesalte\/wp-json\/wp\/v2\/posts\/17328","targetHints":{"allow":["GET"]}}],"collection":[{"href":"https:\/\/blogs.correio24horas.com.br\/mesalte\/wp-json\/wp\/v2\/posts"}],"about":[{"href":"https:\/\/blogs.correio24horas.com.br\/mesalte\/wp-json\/wp\/v2\/types\/post"}],"author":[{"embeddable":true,"href":"https:\/\/blogs.correio24horas.com.br\/mesalte\/wp-json\/wp\/v2\/users\/1"}],"replies":[{"embeddable":true,"href":"https:\/\/blogs.correio24horas.com.br\/mesalte\/wp-json\/wp\/v2\/comments?post=17328"}],"version-history":[{"count":9,"href":"https:\/\/blogs.correio24horas.com.br\/mesalte\/wp-json\/wp\/v2\/posts\/17328\/revisions"}],"predecessor-version":[{"id":17383,"href":"https:\/\/blogs.correio24horas.com.br\/mesalte\/wp-json\/wp\/v2\/posts\/17328\/revisions\/17383"}],"wp:featuredmedia":[{"embeddable":true,"href":"https:\/\/blogs.correio24horas.com.br\/mesalte\/wp-json\/wp\/v2\/media\/17329"}],"wp:attachment":[{"href":"https:\/\/blogs.correio24horas.com.br\/mesalte\/wp-json\/wp\/v2\/media?parent=17328"}],"wp:term":[{"taxonomy":"category","embeddable":true,"href":"https:\/\/blogs.correio24horas.com.br\/mesalte\/wp-json\/wp\/v2\/categories?post=17328"},{"taxonomy":"post_tag","embeddable":true,"href":"https:\/\/blogs.correio24horas.com.br\/mesalte\/wp-json\/wp\/v2\/tags?post=17328"}],"curies":[{"name":"wp","href":"https:\/\/api.w.org\/{rel}","templated":true}]}}