{"id":17325,"date":"2018-11-15T09:16:47","date_gmt":"2018-11-15T12:16:47","guid":{"rendered":"http:\/\/blogs.correio24horas.com.br\/mesalte\/?p=17325"},"modified":"2018-11-15T09:19:52","modified_gmt":"2018-11-15T12:19:52","slug":"veja-atracoes-da-feira-de-empreendimentos-negros-na-semana-da-consciencia","status":"publish","type":"post","link":"https:\/\/blogs.correio24horas.com.br\/mesalte\/veja-atracoes-da-feira-de-empreendimentos-negros-na-semana-da-consciencia\/","title":{"rendered":"Veja atra\u00e7\u00f5es da Feira de Empreendimentos Negros na Semana da Consci\u00eancia"},"content":{"rendered":"<p>A banda Dja Luz e o grupo musical Samba de Verdade ser\u00e3o as principais atra\u00e7\u00f5es da quinta edi\u00e7\u00e3o da<a href=\"https:\/\/www.facebook.com\/events\/331664087651731\/\" target=\"_blank\"> Feira de Empreendimentos Negros Solid\u00e1rios<\/a>, marcada para acontecer nos dias 17 e 18 de novembro (s\u00e1bado e domingo), no M\u00eas da Consci\u00eancia Negra. Al\u00e9m de homenagear as lutas pela emancipa\u00e7\u00e3o do povo preto brasileiro, o evento ter\u00e1 muita divers\u00e3o para quem chegar \u00e0 Pra\u00e7a Pastores da Noite, no final da Rua das Laranjeiras, no Pelourinho.<\/p>\n<p>Nos dois dias de festa, entre 10h e 20h, os djs Raiz, Jarr\u00e3o e F\u00e1bio Lima (Angola) se revezar\u00e3o no comando das pickups. O grupo Vitrine Cultural, formado por jovens do Sub\u00farbio Ferrovi\u00e1rio de Salvador, tamb\u00e9m marcar\u00e1 presen\u00e7a no evento, al\u00e9m da ilustre atua\u00e7\u00e3o do coletivo cultural F\u00e1brica de Rimas, que levar\u00e1 o rap para o Pel\u00f4. O grupo \u2013 conhecido por levar a cultura hip-hop, graffiti, breaking dance, poesia e m\u00fasica para as comunidades \u2013 ser\u00e1 respons\u00e1vel por promover uma Batalha de Rimas durante a feira, com pr\u00eamios de R$ 200 e R$ 100 para os primeiros colocados.<\/p>\n<p>Al\u00e9m dessa programa\u00e7\u00e3o diversa, os empreendedores da Loja Colaborativa do CEN estar\u00e3o expondo seus produtos para baianos e turistas. Vestu\u00e1rio, acess\u00f3rios, m\u00fasica, dan\u00e7a, teatro, gastronomia, espa\u00e7o para crian\u00e7as e outras atra\u00e7\u00f5es comp\u00f5em o conceito da feira.<\/p>\n<p>A iniciativa, idealizada pelo Coletivo de Entidades Negras (CEN) e financiada pelo Edital Bahia D\u00e9cada Afrodescendente, da Secretaria de Promo\u00e7\u00e3o da Igualdade Racial do Estado da Bahia (Sepromi), tem o objetivo de apresentar para o p\u00fablico produtos de economia solid\u00e1ria idealizados por 30 empreendedores negros baianos.<\/p>\n<p>Al\u00e9m de comercializar seus produtos em barracas estilizadas, os empreendedores tamb\u00e9m exp\u00f5em as obras para turistas e baianos na Loja Colaborativa do CEN, localizada no casar\u00e3o n\u00famero 25 da Rua das Laranjeiras, no Pelourinho. O espa\u00e7o de comercializa\u00e7\u00e3o funciona diariamente, das 9h \u00e0s 18h, no andar t\u00e9rreo do mesmo pr\u00e9dio, onde fica sede do CEN.<\/p>\n<p>Financiado pela Sepromi, a Feira de Empreendimentos Negros Solid\u00e1rios tem apoio da Rede Bahia, da empresas Threeng Criativa e Hora Brito Arquitetura, da incubadora de projetos Salvador Meu Amor, da Escola de Administra\u00e7\u00e3o da Universidade Federal da Bahia (UFBA), do Instituto do Patrim\u00f4nio Art\u00edstico e Cultural (IPAC) e do Centro de Culturas Populares e Identit\u00e1rias (CCPI), \u00f3rg\u00e3o da Secretaria da Cultura da Bahia (Secult-BA).<\/p>\n<p>A iniciativa \u00e9 destinada prioritariamente a jovens e mulheres, grupos representam 76% e 52% dos empreendimentos selecionados, respectivamente. Durante o per\u00edodo do projeto, eles passam workshops sobre temas relativos aos tr\u00eas eixos da D\u00e9cada Estadual de Afrodescendentes e sobre empreendedorismo e administra\u00e7\u00e3o, com forma\u00e7\u00e3o t\u00e9cnica para que cada microprodutor leve \u00e0 frente seus neg\u00f3cios.<\/p>\n<p>As Feiras de Empreendimentos Negros Solid\u00e1rios foram pensadas respeitando as tradi\u00e7\u00f5es afro-brasileiras, sem perder de vista o olhar transgeracional e o recorte de g\u00eanero e ra\u00e7a que s\u00e3o exigidos para se debru\u00e7ar sobre a sociedade brasileira.<br \/>\nA reuni\u00e3o de elementos culturais, est\u00e9ticos, urban\u00edsticos, ancestrais e tradicionais sinaliza o qu\u00e3o rica \u00e9 a cultura negra do Brasil e o quanto de dedica\u00e7\u00e3o e investimentos s\u00e3o necess\u00e1rios para diminuir o abismo das desigualdades raciais do Pa\u00eds.<\/p>\n<p>Esta proposta ganha ainda mais relev\u00e2ncia socioecon\u00f4mica a partir do momento que alinha uma estrat\u00e9gia de combate \u00e0 pobreza, pautada nos princ\u00edpios da economia solid\u00e1ria, com as pol\u00edticas de g\u00eanero, de juventude, de promo\u00e7\u00e3o da igualdade racial e de desenvolvimento sustent\u00e1vel, contemplando negros, jovens, comunidades tradicionais e mulheres negras.<\/p>\n","protected":false},"excerpt":{"rendered":"<p>A banda Dja Luz e o grupo musical Samba de Verdade ser\u00e3o as principais atra\u00e7\u00f5es da quinta edi\u00e7\u00e3o da Feira de Empreendimentos Negros Solid\u00e1rios, marcada para [&hellip;]<\/p>\n","protected":false},"author":1,"featured_media":17326,"comment_status":"open","ping_status":"open","sticky":false,"template":"","format":"image","meta":{"footnotes":""},"categories":[80,11],"tags":[],"class_list":["post-17325","post","type-post","status-publish","format-image","has-post-thumbnail","hentry","category-home","category-me-informo","post_format-post-format-image"],"_links":{"self":[{"href":"https:\/\/blogs.correio24horas.com.br\/mesalte\/wp-json\/wp\/v2\/posts\/17325","targetHints":{"allow":["GET"]}}],"collection":[{"href":"https:\/\/blogs.correio24horas.com.br\/mesalte\/wp-json\/wp\/v2\/posts"}],"about":[{"href":"https:\/\/blogs.correio24horas.com.br\/mesalte\/wp-json\/wp\/v2\/types\/post"}],"author":[{"embeddable":true,"href":"https:\/\/blogs.correio24horas.com.br\/mesalte\/wp-json\/wp\/v2\/users\/1"}],"replies":[{"embeddable":true,"href":"https:\/\/blogs.correio24horas.com.br\/mesalte\/wp-json\/wp\/v2\/comments?post=17325"}],"version-history":[{"count":1,"href":"https:\/\/blogs.correio24horas.com.br\/mesalte\/wp-json\/wp\/v2\/posts\/17325\/revisions"}],"predecessor-version":[{"id":17327,"href":"https:\/\/blogs.correio24horas.com.br\/mesalte\/wp-json\/wp\/v2\/posts\/17325\/revisions\/17327"}],"wp:featuredmedia":[{"embeddable":true,"href":"https:\/\/blogs.correio24horas.com.br\/mesalte\/wp-json\/wp\/v2\/media\/17326"}],"wp:attachment":[{"href":"https:\/\/blogs.correio24horas.com.br\/mesalte\/wp-json\/wp\/v2\/media?parent=17325"}],"wp:term":[{"taxonomy":"category","embeddable":true,"href":"https:\/\/blogs.correio24horas.com.br\/mesalte\/wp-json\/wp\/v2\/categories?post=17325"},{"taxonomy":"post_tag","embeddable":true,"href":"https:\/\/blogs.correio24horas.com.br\/mesalte\/wp-json\/wp\/v2\/tags?post=17325"}],"curies":[{"name":"wp","href":"https:\/\/api.w.org\/{rel}","templated":true}]}}