{"id":17142,"date":"2018-10-15T05:41:11","date_gmt":"2018-10-15T08:41:11","guid":{"rendered":"http:\/\/blogs.correio24horas.com.br\/mesalte\/?p=17142"},"modified":"2018-10-15T09:41:28","modified_gmt":"2018-10-15T12:41:28","slug":"micareta-salvador-tera-nova-edicao-em-2019","status":"publish","type":"post","link":"https:\/\/blogs.correio24horas.com.br\/mesalte\/micareta-salvador-tera-nova-edicao-em-2019\/","title":{"rendered":"Micareta Salvador ter\u00e1 nova edi\u00e7\u00e3o em 2019"},"content":{"rendered":"<p>O ver\u00e3o n\u00e3o come\u00e7ou ainda, mas a temporada oficial de \u2018tirar o p\u00e9 do ch\u00e3o\u2019 est\u00e1 liberada. Pelo menos para a galera que curtiu a primeira edi\u00e7\u00e3o da Micareta Salvador, que durante quatro dias fez com que muita gente corresse atr\u00e1s do trio el\u00e9trico, como se o Carnaval estivesse logo ali.<br \/>\nE por falar em anima\u00e7\u00e3o, a estrela do \u00faltimo dia da festa, neste domingo,\u00a0 foi a cantora Claudia Leitte que trouxe para Salvador o show da turn\u00ea lan\u00e7ada durante a Parada LGBT\u00a0 em S\u00e3o Paulo, o projeto My Carnaval.<\/p>\n<p>\u201cO evento foi sonhado por toda a equipe. Passou aquela fase da estreia e agente chega aqui muito mais org\u00e2nico\u201d, afirmou a cantora ao CORREIO, que aproveitou para adiantar uma parte dos planos que ir\u00e1 tocar no ver\u00e3o.<br \/>\n\u201cTem muita coisa boa vindo por a\u00ed. Vamos trazer a Prainha da Claudinha para Salvador no dia 2 de fevereiro. A gente precisa do Carnaval, mas ele n\u00e3o precisa da gente. Por isso que \u00e9 necess\u00e1rio estar sempre criando, trazendo coisas novas e o Carnaval permite isso. Eu, como cantora de Ax\u00e9, acho incr\u00edvel poder fazer parte disso tudo\u201d, completou.<br \/>\nE o sucesso foi tanto, que Andr\u00e9 Magal, um dos s\u00f3cios do Grupo San Sebastian, organizadora do evento, garantiu que a segunda edi\u00e7\u00e3o da festa est\u00e1 confirmada para 2019. Apesar da data n\u00e3o estar definida, as vendas devem come\u00e7ar logo na Quarta-Feira de Cinzas.<\/p>\n<p>\u201cFicamos bem perto de esgotar os abad\u00e1s todos os dias. Por isso, a Micareta Salvador volta o ano que vem com Daniela Mercury, Alinne Rosa, Claudinha e o Babado Novo confirmados e mais novas atra\u00e7\u00f5es . At\u00e9 a gente se surpreendeu com o resultado\u201d.<\/p>\n<p>O Me Salte apurou que haver\u00e1 refor\u00e7os de peso na grade de atra\u00e7\u00f5es de 2019 (ainda n\u00e3o podemos revelar os nomes mas vai ser ainda mais incr\u00edvel).<br \/>\nO Carnaval fora de \u00e9poca \u00e9 para todos, mas foi o p\u00fablico gay que dominou o circuito montado no estacionamento do Wet\u2019n Wild com um circuito que remeteu ao Carnaval da Barra.<\/p>\n<p>Este nicho cada vez mais chama a aten\u00e7\u00e3o da ind\u00fastria de entretenimento baiana. Ainda de acordo com Magal, os abad\u00e1s dos blocos Blow Out e O Vale t\u00eam, atualmente, 60% das fantasias vendidas.<\/p>\n<p>\u201cEm outros anos, n\u00f3s n\u00e3o t\u00ednhamos nem o bloco lan\u00e7ado nesta \u00e9poca. O nosso p\u00fablico come\u00e7ou a descobrir o carnaval de bloco agora. Ele consegue fazer o que o hetero sempre fez. Antes a liberdade era reprimida e hoje o gay pode viver isso dentro do bloco tamb\u00e9m\u201d, destaca.<\/p>\n<p>Bate-volta<\/p>\n<p>Quem abriu o circuito neste domingo\u00a0 foi a cantora Amanda Santiago, que trouxe can\u00e7\u00f5es da sua carreira solo, mas n\u00e3o deixou de relembrar sucessos da \u00e9poca que estava a frente da Timbalada.<\/p>\n<p>Logo em seguida, por volta das 19h, Claudia Leitte subiu ao palco montado no meio do circuito ao som da m\u00fasica Carnaval, parceria com o rapper Pitbull, at\u00e9 emendar os hits como Extravasa, Largadinho e Balndin de Gelo. Ap\u00f3s 1h20 de palco, a cantora ainda teve pique para puxar mais 1h40 de trio.<\/p>\n<p>Ao contr\u00e1rio de Daniela Mercury\u00a0 que se posicionou contra os riscos democr\u00e1ticos (dentro e fora da micareta),\u00a0 Claudia\u00a0 (infelizmente)\u00a0 fez a eg\u00edpcia.\u00a0 Os f\u00e3s estavam havidos por ouvir dela um #elen\u00e3o mas a cantora ignorou as dezenas de vezes que o coro surgiu da plateia. Lament\u00e1vel!<br \/>\nA micareta fez com que o m\u00e9dico que veio do Esp\u00edrito Santo, Marcos Leonardo Ferreira, 30 anos, carimbasse a passagem de volta para o Carnaval de Salvador, que este ano acontece em mar\u00e7o. \u201cJ\u00e1 estou com passagem comprada. Enquanto o tambor estiver tocando eu estou pulando. Claudinha \u00e9 maravilhosa. A energia que ela transmite \u00e9 s\u00f3 dela. me identifico muito\u201d.<br \/>\nQuem tamb\u00e9m n\u00e3o deve ficar de fora s\u00e3o os turistas de Pernambuco, Arthur Cipriano e Iago Azevedo. \u201cCarnaval, n\u00f3s estamos aqui de novo\u201d, afirmou Arthur. \u201cEla tem uma for\u00e7a na m\u00fasica. \u00c9 refer\u00eancia. Todos os holofotes est\u00e3o voltados para Claudinha\u201d, disse Iago.<\/p>\n\n\t\t\t<style type='text\/css'>\n\t\t\t\t#gallery-1 {\n\t\t\t\t\tmargin: auto;\n\t\t\t\t}\n\t\t\t\t#gallery-1 .gallery-item {\n\t\t\t\t\tfloat: left;\n\t\t\t\t\tmargin-top: 10px;\n\t\t\t\t\ttext-align: center;\n\t\t\t\t\twidth: 33.33%;\n\t\t\t\t}\n\t\t\t\t#gallery-1 img {\n\t\t\t\t\tborder: 2px solid #cfcfcf;\n\t\t\t\t}\n\t\t\t\t#gallery-1 .gallery-caption {\n\t\t\t\t\tmargin-left: 0;\n\t\t\t\t}\n\t\t\t\t\/* see gallery_shortcode() in wp-includes\/media.php *\/\n\t\t\t<\/style>\n\t\t<div id='gallery-1' class='gallery galleryid-17142 gallery-columns-3 gallery-size-thumbnail '><dl class='gallery-item'>\n\t\t\t\t<dt class='gallery-icon landscape'>\n\t\t\t\t\t<a href='https:\/\/blogs.correio24horas.com.br\/mesalte\/micareta-salvador-tera-nova-edicao-em-2019\/img_20181015_064350_153\/'><img loading=\"lazy\" decoding=\"async\" width=\"150\" height=\"150\" src=\"https:\/\/blogs.correio24h.com.br\/mesalte\/wp-content\/uploads\/2018\/10\/IMG_20181015_064350_153-150x150.jpg\" class=\"attachment-thumbnail size-thumbnail\" alt=\"\" srcset=\"https:\/\/blogs.correio24h.com.br\/mesalte\/wp-content\/uploads\/2018\/10\/IMG_20181015_064350_153-150x150.jpg 150w, https:\/\/blogs.correio24h.com.br\/mesalte\/wp-content\/uploads\/2018\/10\/IMG_20181015_064350_153-300x300.jpg 300w, https:\/\/blogs.correio24h.com.br\/mesalte\/wp-content\/uploads\/2018\/10\/IMG_20181015_064350_153-146x146.jpg 146w, https:\/\/blogs.correio24h.com.br\/mesalte\/wp-content\/uploads\/2018\/10\/IMG_20181015_064350_153-50x50.jpg 50w, https:\/\/blogs.correio24h.com.br\/mesalte\/wp-content\/uploads\/2018\/10\/IMG_20181015_064350_153-80x80.jpg 80w, https:\/\/blogs.correio24h.com.br\/mesalte\/wp-content\/uploads\/2018\/10\/IMG_20181015_064350_153-75x75.jpg 75w, https:\/\/blogs.correio24h.com.br\/mesalte\/wp-content\/uploads\/2018\/10\/IMG_20181015_064350_153-85x85.jpg 85w, https:\/\/blogs.correio24h.com.br\/mesalte\/wp-content\/uploads\/2018\/10\/IMG_20181015_064350_153.jpg 720w\" sizes=\"auto, (max-width: 150px) 100vw, 150px\" \/><\/a>\n\t\t\t\t<\/dt><\/dl><dl class='gallery-item'>\n\t\t\t\t<dt class='gallery-icon landscape'>\n\t\t\t\t\t<a href='https:\/\/blogs.correio24horas.com.br\/mesalte\/micareta-salvador-tera-nova-edicao-em-2019\/img_20181015_064350_152\/'><img loading=\"lazy\" decoding=\"async\" width=\"150\" height=\"150\" src=\"https:\/\/blogs.correio24h.com.br\/mesalte\/wp-content\/uploads\/2018\/10\/IMG_20181015_064350_152-150x150.jpg\" class=\"attachment-thumbnail size-thumbnail\" alt=\"\" srcset=\"https:\/\/blogs.correio24h.com.br\/mesalte\/wp-content\/uploads\/2018\/10\/IMG_20181015_064350_152-150x150.jpg 150w, https:\/\/blogs.correio24h.com.br\/mesalte\/wp-content\/uploads\/2018\/10\/IMG_20181015_064350_152-300x300.jpg 300w, https:\/\/blogs.correio24h.com.br\/mesalte\/wp-content\/uploads\/2018\/10\/IMG_20181015_064350_152-768x768.jpg 768w, https:\/\/blogs.correio24h.com.br\/mesalte\/wp-content\/uploads\/2018\/10\/IMG_20181015_064350_152-146x146.jpg 146w, https:\/\/blogs.correio24h.com.br\/mesalte\/wp-content\/uploads\/2018\/10\/IMG_20181015_064350_152-50x50.jpg 50w, https:\/\/blogs.correio24h.com.br\/mesalte\/wp-content\/uploads\/2018\/10\/IMG_20181015_064350_152-80x80.jpg 80w, https:\/\/blogs.correio24h.com.br\/mesalte\/wp-content\/uploads\/2018\/10\/IMG_20181015_064350_152-75x75.jpg 75w, https:\/\/blogs.correio24h.com.br\/mesalte\/wp-content\/uploads\/2018\/10\/IMG_20181015_064350_152-85x85.jpg 85w, https:\/\/blogs.correio24h.com.br\/mesalte\/wp-content\/uploads\/2018\/10\/IMG_20181015_064350_152.jpg 853w\" sizes=\"auto, (max-width: 150px) 100vw, 150px\" \/><\/a>\n\t\t\t\t<\/dt><\/dl><dl class='gallery-item'>\n\t\t\t\t<dt class='gallery-icon landscape'>\n\t\t\t\t\t<a href='https:\/\/blogs.correio24horas.com.br\/mesalte\/micareta-salvador-tera-nova-edicao-em-2019\/img_20181015_064350_154\/'><img loading=\"lazy\" decoding=\"async\" width=\"150\" height=\"150\" src=\"https:\/\/blogs.correio24h.com.br\/mesalte\/wp-content\/uploads\/2018\/10\/IMG_20181015_064350_154-150x150.jpg\" class=\"attachment-thumbnail size-thumbnail\" alt=\"\" srcset=\"https:\/\/blogs.correio24h.com.br\/mesalte\/wp-content\/uploads\/2018\/10\/IMG_20181015_064350_154-150x150.jpg 150w, https:\/\/blogs.correio24h.com.br\/mesalte\/wp-content\/uploads\/2018\/10\/IMG_20181015_064350_154-300x300.jpg 300w, https:\/\/blogs.correio24h.com.br\/mesalte\/wp-content\/uploads\/2018\/10\/IMG_20181015_064350_154-768x768.jpg 768w, https:\/\/blogs.correio24h.com.br\/mesalte\/wp-content\/uploads\/2018\/10\/IMG_20181015_064350_154-146x146.jpg 146w, https:\/\/blogs.correio24h.com.br\/mesalte\/wp-content\/uploads\/2018\/10\/IMG_20181015_064350_154-50x50.jpg 50w, https:\/\/blogs.correio24h.com.br\/mesalte\/wp-content\/uploads\/2018\/10\/IMG_20181015_064350_154-80x80.jpg 80w, https:\/\/blogs.correio24h.com.br\/mesalte\/wp-content\/uploads\/2018\/10\/IMG_20181015_064350_154-75x75.jpg 75w, https:\/\/blogs.correio24h.com.br\/mesalte\/wp-content\/uploads\/2018\/10\/IMG_20181015_064350_154-85x85.jpg 85w, https:\/\/blogs.correio24h.com.br\/mesalte\/wp-content\/uploads\/2018\/10\/IMG_20181015_064350_154.jpg 853w\" sizes=\"auto, (max-width: 150px) 100vw, 150px\" \/><\/a>\n\t\t\t\t<\/dt><\/dl><br style=\"clear: both\" \/><dl class='gallery-item'>\n\t\t\t\t<dt class='gallery-icon landscape'>\n\t\t\t\t\t<a href='https:\/\/blogs.correio24horas.com.br\/mesalte\/micareta-salvador-tera-nova-edicao-em-2019\/img_20181015_064350_157\/'><img loading=\"lazy\" decoding=\"async\" width=\"150\" height=\"150\" src=\"https:\/\/blogs.correio24h.com.br\/mesalte\/wp-content\/uploads\/2018\/10\/IMG_20181015_064350_157-150x150.jpg\" class=\"attachment-thumbnail size-thumbnail\" alt=\"\" srcset=\"https:\/\/blogs.correio24h.com.br\/mesalte\/wp-content\/uploads\/2018\/10\/IMG_20181015_064350_157-150x150.jpg 150w, https:\/\/blogs.correio24h.com.br\/mesalte\/wp-content\/uploads\/2018\/10\/IMG_20181015_064350_157-300x300.jpg 300w, https:\/\/blogs.correio24h.com.br\/mesalte\/wp-content\/uploads\/2018\/10\/IMG_20181015_064350_157-768x768.jpg 768w, https:\/\/blogs.correio24h.com.br\/mesalte\/wp-content\/uploads\/2018\/10\/IMG_20181015_064350_157-146x146.jpg 146w, https:\/\/blogs.correio24h.com.br\/mesalte\/wp-content\/uploads\/2018\/10\/IMG_20181015_064350_157-50x50.jpg 50w, https:\/\/blogs.correio24h.com.br\/mesalte\/wp-content\/uploads\/2018\/10\/IMG_20181015_064350_157-80x80.jpg 80w, https:\/\/blogs.correio24h.com.br\/mesalte\/wp-content\/uploads\/2018\/10\/IMG_20181015_064350_157-75x75.jpg 75w, https:\/\/blogs.correio24h.com.br\/mesalte\/wp-content\/uploads\/2018\/10\/IMG_20181015_064350_157-85x85.jpg 85w, https:\/\/blogs.correio24h.com.br\/mesalte\/wp-content\/uploads\/2018\/10\/IMG_20181015_064350_157.jpg 853w\" sizes=\"auto, (max-width: 150px) 100vw, 150px\" \/><\/a>\n\t\t\t\t<\/dt><\/dl><dl class='gallery-item'>\n\t\t\t\t<dt class='gallery-icon landscape'>\n\t\t\t\t\t<a href='https:\/\/blogs.correio24horas.com.br\/mesalte\/micareta-salvador-tera-nova-edicao-em-2019\/img_20181015_064350_156\/'><img loading=\"lazy\" decoding=\"async\" width=\"150\" height=\"150\" src=\"https:\/\/blogs.correio24h.com.br\/mesalte\/wp-content\/uploads\/2018\/10\/IMG_20181015_064350_156-150x150.jpg\" class=\"attachment-thumbnail size-thumbnail\" alt=\"\" srcset=\"https:\/\/blogs.correio24h.com.br\/mesalte\/wp-content\/uploads\/2018\/10\/IMG_20181015_064350_156-150x150.jpg 150w, https:\/\/blogs.correio24h.com.br\/mesalte\/wp-content\/uploads\/2018\/10\/IMG_20181015_064350_156-300x300.jpg 300w, https:\/\/blogs.correio24h.com.br\/mesalte\/wp-content\/uploads\/2018\/10\/IMG_20181015_064350_156-146x146.jpg 146w, https:\/\/blogs.correio24h.com.br\/mesalte\/wp-content\/uploads\/2018\/10\/IMG_20181015_064350_156-50x50.jpg 50w, https:\/\/blogs.correio24h.com.br\/mesalte\/wp-content\/uploads\/2018\/10\/IMG_20181015_064350_156-80x80.jpg 80w, https:\/\/blogs.correio24h.com.br\/mesalte\/wp-content\/uploads\/2018\/10\/IMG_20181015_064350_156-75x75.jpg 75w, https:\/\/blogs.correio24h.com.br\/mesalte\/wp-content\/uploads\/2018\/10\/IMG_20181015_064350_156-85x85.jpg 85w, https:\/\/blogs.correio24h.com.br\/mesalte\/wp-content\/uploads\/2018\/10\/IMG_20181015_064350_156.jpg 585w\" sizes=\"auto, (max-width: 150px) 100vw, 150px\" \/><\/a>\n\t\t\t\t<\/dt><\/dl><dl class='gallery-item'>\n\t\t\t\t<dt class='gallery-icon landscape'>\n\t\t\t\t\t<a href='https:\/\/blogs.correio24horas.com.br\/mesalte\/micareta-salvador-tera-nova-edicao-em-2019\/img-20181015-wa0019\/'><img loading=\"lazy\" decoding=\"async\" width=\"150\" height=\"150\" src=\"https:\/\/blogs.correio24h.com.br\/mesalte\/wp-content\/uploads\/2018\/10\/IMG-20181015-WA0019-150x150.jpg\" class=\"attachment-thumbnail size-thumbnail\" alt=\"\" srcset=\"https:\/\/blogs.correio24h.com.br\/mesalte\/wp-content\/uploads\/2018\/10\/IMG-20181015-WA0019-150x150.jpg 150w, https:\/\/blogs.correio24h.com.br\/mesalte\/wp-content\/uploads\/2018\/10\/IMG-20181015-WA0019-80x80.jpg 80w, https:\/\/blogs.correio24h.com.br\/mesalte\/wp-content\/uploads\/2018\/10\/IMG-20181015-WA0019-85x85.jpg 85w\" sizes=\"auto, (max-width: 150px) 100vw, 150px\" \/><\/a>\n\t\t\t\t<\/dt><\/dl><br style=\"clear: both\" \/><dl class='gallery-item'>\n\t\t\t\t<dt class='gallery-icon landscape'>\n\t\t\t\t\t<a href='https:\/\/blogs.correio24horas.com.br\/mesalte\/micareta-salvador-tera-nova-edicao-em-2019\/img-20181015-wa0016\/'><img loading=\"lazy\" decoding=\"async\" width=\"150\" height=\"150\" src=\"https:\/\/blogs.correio24h.com.br\/mesalte\/wp-content\/uploads\/2018\/10\/IMG-20181015-WA0016-150x150.jpg\" class=\"attachment-thumbnail size-thumbnail\" alt=\"\" srcset=\"https:\/\/blogs.correio24h.com.br\/mesalte\/wp-content\/uploads\/2018\/10\/IMG-20181015-WA0016-150x150.jpg 150w, https:\/\/blogs.correio24h.com.br\/mesalte\/wp-content\/uploads\/2018\/10\/IMG-20181015-WA0016-80x80.jpg 80w, https:\/\/blogs.correio24h.com.br\/mesalte\/wp-content\/uploads\/2018\/10\/IMG-20181015-WA0016-85x85.jpg 85w\" sizes=\"auto, (max-width: 150px) 100vw, 150px\" \/><\/a>\n\t\t\t\t<\/dt><\/dl><dl class='gallery-item'>\n\t\t\t\t<dt class='gallery-icon portrait'>\n\t\t\t\t\t<a href='https:\/\/blogs.correio24horas.com.br\/mesalte\/micareta-salvador-tera-nova-edicao-em-2019\/img-20181015-wa0017\/'><img loading=\"lazy\" decoding=\"async\" width=\"150\" height=\"150\" src=\"https:\/\/blogs.correio24h.com.br\/mesalte\/wp-content\/uploads\/2018\/10\/IMG-20181015-WA0017-150x150.jpg\" class=\"attachment-thumbnail size-thumbnail\" alt=\"\" srcset=\"https:\/\/blogs.correio24h.com.br\/mesalte\/wp-content\/uploads\/2018\/10\/IMG-20181015-WA0017-150x150.jpg 150w, https:\/\/blogs.correio24h.com.br\/mesalte\/wp-content\/uploads\/2018\/10\/IMG-20181015-WA0017-80x80.jpg 80w, https:\/\/blogs.correio24h.com.br\/mesalte\/wp-content\/uploads\/2018\/10\/IMG-20181015-WA0017-853x860.jpg 853w, https:\/\/blogs.correio24h.com.br\/mesalte\/wp-content\/uploads\/2018\/10\/IMG-20181015-WA0017-85x85.jpg 85w\" sizes=\"auto, (max-width: 150px) 100vw, 150px\" \/><\/a>\n\t\t\t\t<\/dt><\/dl><dl class='gallery-item'>\n\t\t\t\t<dt class='gallery-icon landscape'>\n\t\t\t\t\t<a href='https:\/\/blogs.correio24horas.com.br\/mesalte\/micareta-salvador-tera-nova-edicao-em-2019\/img-20181015-wa0015\/'><img loading=\"lazy\" decoding=\"async\" width=\"150\" height=\"150\" src=\"https:\/\/blogs.correio24h.com.br\/mesalte\/wp-content\/uploads\/2018\/10\/IMG-20181015-WA0015-150x150.jpg\" class=\"attachment-thumbnail size-thumbnail\" alt=\"\" srcset=\"https:\/\/blogs.correio24h.com.br\/mesalte\/wp-content\/uploads\/2018\/10\/IMG-20181015-WA0015-150x150.jpg 150w, https:\/\/blogs.correio24h.com.br\/mesalte\/wp-content\/uploads\/2018\/10\/IMG-20181015-WA0015-80x80.jpg 80w, https:\/\/blogs.correio24h.com.br\/mesalte\/wp-content\/uploads\/2018\/10\/IMG-20181015-WA0015-85x85.jpg 85w\" sizes=\"auto, (max-width: 150px) 100vw, 150px\" \/><\/a>\n\t\t\t\t<\/dt><\/dl><br style=\"clear: both\" \/><dl class='gallery-item'>\n\t\t\t\t<dt class='gallery-icon portrait'>\n\t\t\t\t\t<a href='https:\/\/blogs.correio24horas.com.br\/mesalte\/micareta-salvador-tera-nova-edicao-em-2019\/img-20181015-wa0012\/'><img loading=\"lazy\" decoding=\"async\" width=\"150\" height=\"150\" src=\"https:\/\/blogs.correio24h.com.br\/mesalte\/wp-content\/uploads\/2018\/10\/IMG-20181015-WA0012-150x150.jpg\" class=\"attachment-thumbnail size-thumbnail\" alt=\"\" srcset=\"https:\/\/blogs.correio24h.com.br\/mesalte\/wp-content\/uploads\/2018\/10\/IMG-20181015-WA0012-150x150.jpg 150w, https:\/\/blogs.correio24h.com.br\/mesalte\/wp-content\/uploads\/2018\/10\/IMG-20181015-WA0012-80x80.jpg 80w, https:\/\/blogs.correio24h.com.br\/mesalte\/wp-content\/uploads\/2018\/10\/IMG-20181015-WA0012-853x860.jpg 853w, https:\/\/blogs.correio24h.com.br\/mesalte\/wp-content\/uploads\/2018\/10\/IMG-20181015-WA0012-85x85.jpg 85w\" sizes=\"auto, (max-width: 150px) 100vw, 150px\" \/><\/a>\n\t\t\t\t<\/dt><\/dl><dl class='gallery-item'>\n\t\t\t\t<dt class='gallery-icon landscape'>\n\t\t\t\t\t<a href='https:\/\/blogs.correio24horas.com.br\/mesalte\/micareta-salvador-tera-nova-edicao-em-2019\/img-20181015-wa0013\/'><img loading=\"lazy\" decoding=\"async\" width=\"150\" height=\"150\" src=\"https:\/\/blogs.correio24h.com.br\/mesalte\/wp-content\/uploads\/2018\/10\/IMG-20181015-WA0013-150x150.jpg\" class=\"attachment-thumbnail size-thumbnail\" alt=\"\" srcset=\"https:\/\/blogs.correio24h.com.br\/mesalte\/wp-content\/uploads\/2018\/10\/IMG-20181015-WA0013-150x150.jpg 150w, https:\/\/blogs.correio24h.com.br\/mesalte\/wp-content\/uploads\/2018\/10\/IMG-20181015-WA0013-80x80.jpg 80w, https:\/\/blogs.correio24h.com.br\/mesalte\/wp-content\/uploads\/2018\/10\/IMG-20181015-WA0013-85x85.jpg 85w\" sizes=\"auto, (max-width: 150px) 100vw, 150px\" \/><\/a>\n\t\t\t\t<\/dt><\/dl><dl class='gallery-item'>\n\t\t\t\t<dt class='gallery-icon portrait'>\n\t\t\t\t\t<a href='https:\/\/blogs.correio24horas.com.br\/mesalte\/micareta-salvador-tera-nova-edicao-em-2019\/img-20181015-wa0014\/'><img loading=\"lazy\" decoding=\"async\" width=\"150\" height=\"150\" src=\"https:\/\/blogs.correio24h.com.br\/mesalte\/wp-content\/uploads\/2018\/10\/IMG-20181015-WA0014-150x150.jpg\" class=\"attachment-thumbnail size-thumbnail\" alt=\"\" srcset=\"https:\/\/blogs.correio24h.com.br\/mesalte\/wp-content\/uploads\/2018\/10\/IMG-20181015-WA0014-150x150.jpg 150w, https:\/\/blogs.correio24h.com.br\/mesalte\/wp-content\/uploads\/2018\/10\/IMG-20181015-WA0014-80x80.jpg 80w, https:\/\/blogs.correio24h.com.br\/mesalte\/wp-content\/uploads\/2018\/10\/IMG-20181015-WA0014-853x860.jpg 853w, https:\/\/blogs.correio24h.com.br\/mesalte\/wp-content\/uploads\/2018\/10\/IMG-20181015-WA0014-85x85.jpg 85w\" sizes=\"auto, (max-width: 150px) 100vw, 150px\" \/><\/a>\n\t\t\t\t<\/dt><\/dl><br style=\"clear: both\" \/><dl class='gallery-item'>\n\t\t\t\t<dt class='gallery-icon landscape'>\n\t\t\t\t\t<a href='https:\/\/blogs.correio24horas.com.br\/mesalte\/micareta-salvador-tera-nova-edicao-em-2019\/img-20181015-wa0010\/'><img loading=\"lazy\" decoding=\"async\" width=\"150\" height=\"150\" src=\"https:\/\/blogs.correio24h.com.br\/mesalte\/wp-content\/uploads\/2018\/10\/IMG-20181015-WA0010-150x150.jpg\" class=\"attachment-thumbnail size-thumbnail\" alt=\"\" srcset=\"https:\/\/blogs.correio24h.com.br\/mesalte\/wp-content\/uploads\/2018\/10\/IMG-20181015-WA0010-150x150.jpg 150w, https:\/\/blogs.correio24h.com.br\/mesalte\/wp-content\/uploads\/2018\/10\/IMG-20181015-WA0010-80x80.jpg 80w, https:\/\/blogs.correio24h.com.br\/mesalte\/wp-content\/uploads\/2018\/10\/IMG-20181015-WA0010-85x85.jpg 85w\" sizes=\"auto, (max-width: 150px) 100vw, 150px\" \/><\/a>\n\t\t\t\t<\/dt><\/dl><dl class='gallery-item'>\n\t\t\t\t<dt class='gallery-icon landscape'>\n\t\t\t\t\t<a href='https:\/\/blogs.correio24horas.com.br\/mesalte\/micareta-salvador-tera-nova-edicao-em-2019\/img-20181015-wa0011\/'><img loading=\"lazy\" decoding=\"async\" width=\"150\" height=\"150\" src=\"https:\/\/blogs.correio24h.com.br\/mesalte\/wp-content\/uploads\/2018\/10\/IMG-20181015-WA0011-150x150.jpg\" class=\"attachment-thumbnail size-thumbnail\" alt=\"\" srcset=\"https:\/\/blogs.correio24h.com.br\/mesalte\/wp-content\/uploads\/2018\/10\/IMG-20181015-WA0011-150x150.jpg 150w, https:\/\/blogs.correio24h.com.br\/mesalte\/wp-content\/uploads\/2018\/10\/IMG-20181015-WA0011-80x80.jpg 80w, https:\/\/blogs.correio24h.com.br\/mesalte\/wp-content\/uploads\/2018\/10\/IMG-20181015-WA0011-85x85.jpg 85w\" sizes=\"auto, (max-width: 150px) 100vw, 150px\" \/><\/a>\n\t\t\t\t<\/dt><\/dl><dl class='gallery-item'>\n\t\t\t\t<dt class='gallery-icon landscape'>\n\t\t\t\t\t<a href='https:\/\/blogs.correio24horas.com.br\/mesalte\/micareta-salvador-tera-nova-edicao-em-2019\/img-20181015-wa0009\/'><img loading=\"lazy\" decoding=\"async\" width=\"150\" height=\"150\" src=\"https:\/\/blogs.correio24h.com.br\/mesalte\/wp-content\/uploads\/2018\/10\/IMG-20181015-WA0009-150x150.jpg\" class=\"attachment-thumbnail size-thumbnail\" alt=\"\" srcset=\"https:\/\/blogs.correio24h.com.br\/mesalte\/wp-content\/uploads\/2018\/10\/IMG-20181015-WA0009-150x150.jpg 150w, https:\/\/blogs.correio24h.com.br\/mesalte\/wp-content\/uploads\/2018\/10\/IMG-20181015-WA0009-80x80.jpg 80w, https:\/\/blogs.correio24h.com.br\/mesalte\/wp-content\/uploads\/2018\/10\/IMG-20181015-WA0009-85x85.jpg 85w\" sizes=\"auto, (max-width: 150px) 100vw, 150px\" \/><\/a>\n\t\t\t\t<\/dt><\/dl><br style=\"clear: both\" \/><dl class='gallery-item'>\n\t\t\t\t<dt class='gallery-icon portrait'>\n\t\t\t\t\t<a href='https:\/\/blogs.correio24horas.com.br\/mesalte\/micareta-salvador-tera-nova-edicao-em-2019\/img-20181015-wa0007\/'><img loading=\"lazy\" decoding=\"async\" width=\"150\" height=\"150\" src=\"https:\/\/blogs.correio24h.com.br\/mesalte\/wp-content\/uploads\/2018\/10\/IMG-20181015-WA0007-150x150.jpg\" class=\"attachment-thumbnail size-thumbnail\" alt=\"\" srcset=\"https:\/\/blogs.correio24h.com.br\/mesalte\/wp-content\/uploads\/2018\/10\/IMG-20181015-WA0007-150x150.jpg 150w, https:\/\/blogs.correio24h.com.br\/mesalte\/wp-content\/uploads\/2018\/10\/IMG-20181015-WA0007-80x80.jpg 80w, https:\/\/blogs.correio24h.com.br\/mesalte\/wp-content\/uploads\/2018\/10\/IMG-20181015-WA0007-853x860.jpg 853w, https:\/\/blogs.correio24h.com.br\/mesalte\/wp-content\/uploads\/2018\/10\/IMG-20181015-WA0007-85x85.jpg 85w\" sizes=\"auto, (max-width: 150px) 100vw, 150px\" \/><\/a>\n\t\t\t\t<\/dt><\/dl>\n\t\t\t\t<br style='clear: both' \/>\n\t\t\t<\/div>\n\n<p>Colaborou Priscila Natividade<\/p>\n","protected":false},"excerpt":{"rendered":"<p>O ver\u00e3o n\u00e3o come\u00e7ou ainda, mas a temporada oficial de \u2018tirar o p\u00e9 do ch\u00e3o\u2019 est\u00e1 liberada. Pelo menos para a galera que curtiu a primeira [&hellip;]<\/p>\n","protected":false},"author":1,"featured_media":17145,"comment_status":"open","ping_status":"open","sticky":false,"template":"","format":"image","meta":{"footnotes":""},"categories":[28,80],"tags":[],"class_list":["post-17142","post","type-post","status-publish","format-image","has-post-thumbnail","hentry","category-farofa-digital","category-home","post_format-post-format-image"],"_links":{"self":[{"href":"https:\/\/blogs.correio24horas.com.br\/mesalte\/wp-json\/wp\/v2\/posts\/17142","targetHints":{"allow":["GET"]}}],"collection":[{"href":"https:\/\/blogs.correio24horas.com.br\/mesalte\/wp-json\/wp\/v2\/posts"}],"about":[{"href":"https:\/\/blogs.correio24horas.com.br\/mesalte\/wp-json\/wp\/v2\/types\/post"}],"author":[{"embeddable":true,"href":"https:\/\/blogs.correio24horas.com.br\/mesalte\/wp-json\/wp\/v2\/users\/1"}],"replies":[{"embeddable":true,"href":"https:\/\/blogs.correio24horas.com.br\/mesalte\/wp-json\/wp\/v2\/comments?post=17142"}],"version-history":[{"count":7,"href":"https:\/\/blogs.correio24horas.com.br\/mesalte\/wp-json\/wp\/v2\/posts\/17142\/revisions"}],"predecessor-version":[{"id":17148,"href":"https:\/\/blogs.correio24horas.com.br\/mesalte\/wp-json\/wp\/v2\/posts\/17142\/revisions\/17148"}],"wp:featuredmedia":[{"embeddable":true,"href":"https:\/\/blogs.correio24horas.com.br\/mesalte\/wp-json\/wp\/v2\/media\/17145"}],"wp:attachment":[{"href":"https:\/\/blogs.correio24horas.com.br\/mesalte\/wp-json\/wp\/v2\/media?parent=17142"}],"wp:term":[{"taxonomy":"category","embeddable":true,"href":"https:\/\/blogs.correio24horas.com.br\/mesalte\/wp-json\/wp\/v2\/categories?post=17142"},{"taxonomy":"post_tag","embeddable":true,"href":"https:\/\/blogs.correio24horas.com.br\/mesalte\/wp-json\/wp\/v2\/tags?post=17142"}],"curies":[{"name":"wp","href":"https:\/\/api.w.org\/{rel}","templated":true}]}}