{"id":17135,"date":"2018-10-10T16:19:46","date_gmt":"2018-10-10T19:19:46","guid":{"rendered":"http:\/\/blogs.correio24horas.com.br\/mesalte\/?p=17135"},"modified":"2018-10-10T16:19:46","modified_gmt":"2018-10-10T19:19:46","slug":"micareta-salvador-antecipa-carnaval-com-claudia-leitte-margareth-e-daniela","status":"publish","type":"post","link":"https:\/\/blogs.correio24horas.com.br\/mesalte\/micareta-salvador-antecipa-carnaval-com-claudia-leitte-margareth-e-daniela\/","title":{"rendered":"Micareta Salvador antecipa Carnaval com Claudia Leitte, Margareth e Daniela"},"content":{"rendered":"<p>Se o come\u00e7o do ano para os soteropolitanos s\u00f3 \u00e9 100% definido depois do Carnaval, parece que a finaliza\u00e7\u00e3o do meio dele tamb\u00e9m. Isso porque est\u00e1 chegando um Carnaval fora de \u00e9poca na cidade baiana, que acontece desta quinta-feira (11) at\u00e9 domingo (14), no Wet&#8217;n Wild, localizado na Avenida Paralela.\u00a0Para fazer a anima\u00e7\u00e3o geral, a programa\u00e7\u00e3o conta\u00a0com nomes de peso do ax\u00e9, como Claudia Leitte, Daniela Mercury, Margareth Menezes, Alinne Rosa e a banda\u00a0Babado Novo.\u00a0Os ingressos, que custam entre R$ 40 e R$ 370, est\u00e3o \u00e0 venda no\u00a0<a href=\"http:\/\/www.micaretasalvador.com\/\" target=\"www.micaretasalvador.com\">site oficial do evento<\/a>.<\/p>\n<p class=\"bodytext\">Com direito a trios el\u00e9tricos e tudo, o evento, realizado pelo grupo San Sebastian, conta com um percurso di\u00e1rio para dois blocos, com dura\u00e7\u00e3o de 6 horas.\u00a0O primeiro dia de festa fica por conta de Margareth Menezes e Aline Rosa, quando realizar\u00e3o a encontro de trios para ningu\u00e9m colocar defeito e ainda matar a saudade do Carnaval. A concentra\u00e7\u00e3o est\u00e1 prevista para \u00e0s 22h. Na sexta (12), o Carnaval d\u00e1 uma pausa, mas a festa eletr\u00f4nica acontecer\u00e1 na boate San sebastian, no Rio vermelho, \u00e0 partir das 23h.<\/p>\n<p class=\"bodytext\">No s\u00e1bado (13), a folia ser\u00e1 comandada pela rainha do Ax\u00e9, Daniela Mercury e a banda Babado Novo, com concentra\u00e7\u00e3o prevista para \u00e0s 17h. No domingo a festan\u00e7a come\u00e7a mais cedo, \u00e0s 15h, sob o comando de Claudia Leitte e continua com a pipoca eletr\u00f4nica.<\/p>\n<p class=\"bodytext\">O evento ainda contar\u00e1 com muita m\u00fasica eletr\u00f4nica para os que preferirem reviver o carnaval do Beco das Cores, antigo \u2018Beco da OFF\u2019. Confira:<\/p>\n<p class=\"bodytext\"><strong>11\/10\u00a0<\/strong>&#8211; Guilherme Guerrero, Felipe Carvalho e Diego Baez<br \/>\n<strong>12\/10<\/strong>\u00a0&#8211; Tommy Love, Rob Phillips, Kaio Del Rey e Mauro Mozart<br \/>\n<strong>13\/10<\/strong>\u00a0&#8211; Ben Bakson (XLSIOR), Anne Louise, Arthur Valleti e Felipe Lira<br \/>\n<strong>14\/10<\/strong>\u00a0&#8211; Diego Baez e Giulia Cioti (Bloco Pipoca Eletr\u00f4nica no Wet&#8217;n Wild)<\/p>\n<p class=\"bodytext\">As artistas v\u00e3o fazer apresenta\u00e7\u00f5es com seus blocos oficiais. Claudia Leitte, por exemplo, estar\u00e1 no Blow Out\/Largadinho, enquanto Daniela Mercury leva a marca do Crocodilo.\u00a0Completando a lista, Margareth Menezes comanda o AfroPop;\u00a0Alinne Rosa, O Vale; e o grupo\u00a0Babado Novo, o Papa.<\/p>\n<blockquote>\n<p class=\"bodytext\">\u201cA micareta \u00e9 Carnaval, ent\u00e3o, vamos chegar com um som dan\u00e7ante e alegre, que o p\u00fablico j\u00e1 espera. Vou trazer a m\u00fasica Coisa Milenar, composi\u00e7\u00e3o minha com\u00a0Jorge\u00a0Portugal, que lan\u00e7amos no Carnaval. Tem tamb\u00e9m\u00a0Bonap\u00e1, de\u00a0Carlinhos\u00a0Brown, num repert\u00f3rio de m\u00fasicas cheio de sucessos, m\u00fasicas j\u00e1 conhecidas. \u00c9 com esta mistura que a gente vem celebrando estes meus 30 anos de carreira\u201d, comenta Margareth.<\/p>\n<\/blockquote>\n<p class=\"bodytext\"><b>COMO SE FOSSE NAS RUAS<\/b><br \/>\nPara quem conhece o\u00a0Wet\u00a0e os circuitos do Carnaval de Salvador, a imagem pode ficar inicialmente confusa na imagina\u00e7\u00e3o. Mas, de acordo com a organiza\u00e7\u00e3o do evento, um cen\u00e1rio especial promete fazer diversas refer\u00eancias\u00a0aos percursos Barra-Ondina e do Centro na decora\u00e7\u00e3o.\u00a0O Farol da Barra, o Morro do Cristo e as estatuas chamadas popularmente de &#8220;As Gordinhas de Ondina&#8221;, tamb\u00e9m estar\u00e3o\u00a0representados no circuito, que come\u00e7a\u00a0em uma Pra\u00e7a Castro Alves c\u00eanica.<\/p>\n<p class=\"bodytext\"><img loading=\"lazy\" decoding=\"async\" class=\"aligncenter size-full wp-image-17137\" src=\"https:\/\/blogs.correio24h.com.br\/mesalte\/wp-content\/uploads\/2018\/10\/circuito.jpg\" alt=\"circuito\" width=\"975\" height=\"743\" srcset=\"https:\/\/blogs.correio24h.com.br\/mesalte\/wp-content\/uploads\/2018\/10\/circuito.jpg 975w, https:\/\/blogs.correio24h.com.br\/mesalte\/wp-content\/uploads\/2018\/10\/circuito-300x229.jpg 300w, https:\/\/blogs.correio24h.com.br\/mesalte\/wp-content\/uploads\/2018\/10\/circuito-768x585.jpg 768w, https:\/\/blogs.correio24h.com.br\/mesalte\/wp-content\/uploads\/2018\/10\/circuito-192x146.jpg 192w, https:\/\/blogs.correio24h.com.br\/mesalte\/wp-content\/uploads\/2018\/10\/circuito-50x38.jpg 50w, https:\/\/blogs.correio24h.com.br\/mesalte\/wp-content\/uploads\/2018\/10\/circuito-98x75.jpg 98w\" sizes=\"auto, (max-width: 975px) 100vw, 975px\" \/><\/p>\n<p>A promessa \u00e9 de uma estrutura que conte, ainda, com\u00a0bares, banheiros, posto m\u00e9dico e pra\u00e7a de alimenta\u00e7\u00e3o.<\/p>\n<p><b>AFTER<\/b><br \/>\nComo um bom Carnaval que se preze, a festan\u00e7a carnavalesca &#8216;n\u00e3o termina quando acaba&#8217; em nenhum dos dias. De quinta a s\u00e1bado, ap\u00f3s os blocos, a boate San Sebastian faz o famoso &#8216;after&#8217; acontecer e recebe\u00a0DJs locais, nacionais e internacionais no Rio Vermelho. J\u00e1 no\u00a0domingo, a continua\u00e7\u00e3o continua no pr\u00f3prio circuito, com os DJs Diego Baez e Giulia Cioti.<\/p>\n<p class=\"bodytext\"><b>Confira\u00a0a programa\u00e7\u00e3o eletr\u00f4nica:<\/b><\/p>\n<ul>\n<li>11\/10 &#8211; Guilherme Guerrero, Felipe Carvalho e Diego Baez<\/li>\n<li>12\/10 &#8211; Tommy Love, Rob Phillips, Kaio Del Rey e Mauro Mozart<\/li>\n<li>13\/10 &#8211; Ben Bakson (XLSIOR), Anne Louise, Arthur Valleti e Felipe Lira<\/li>\n<li>14\/10 &#8211; Diego Baez e Giulia Cioti (Bloco Pipoca Eletr\u00f4nica no Wet&#8217;n Wild)<\/li>\n<\/ul>\n","protected":false},"excerpt":{"rendered":"<p>Se o come\u00e7o do ano para os soteropolitanos s\u00f3 \u00e9 100% definido depois do Carnaval, parece que a finaliza\u00e7\u00e3o do meio dele tamb\u00e9m. Isso porque est\u00e1 [&hellip;]<\/p>\n","protected":false},"author":1,"featured_media":17136,"comment_status":"open","ping_status":"open","sticky":false,"template":"","format":"image","meta":{"footnotes":""},"categories":[28,80,16],"tags":[],"class_list":["post-17135","post","type-post","status-publish","format-image","has-post-thumbnail","hentry","category-farofa-digital","category-home","category-me-jogo","post_format-post-format-image"],"_links":{"self":[{"href":"https:\/\/blogs.correio24horas.com.br\/mesalte\/wp-json\/wp\/v2\/posts\/17135","targetHints":{"allow":["GET"]}}],"collection":[{"href":"https:\/\/blogs.correio24horas.com.br\/mesalte\/wp-json\/wp\/v2\/posts"}],"about":[{"href":"https:\/\/blogs.correio24horas.com.br\/mesalte\/wp-json\/wp\/v2\/types\/post"}],"author":[{"embeddable":true,"href":"https:\/\/blogs.correio24horas.com.br\/mesalte\/wp-json\/wp\/v2\/users\/1"}],"replies":[{"embeddable":true,"href":"https:\/\/blogs.correio24horas.com.br\/mesalte\/wp-json\/wp\/v2\/comments?post=17135"}],"version-history":[{"count":1,"href":"https:\/\/blogs.correio24horas.com.br\/mesalte\/wp-json\/wp\/v2\/posts\/17135\/revisions"}],"predecessor-version":[{"id":17138,"href":"https:\/\/blogs.correio24horas.com.br\/mesalte\/wp-json\/wp\/v2\/posts\/17135\/revisions\/17138"}],"wp:featuredmedia":[{"embeddable":true,"href":"https:\/\/blogs.correio24horas.com.br\/mesalte\/wp-json\/wp\/v2\/media\/17136"}],"wp:attachment":[{"href":"https:\/\/blogs.correio24horas.com.br\/mesalte\/wp-json\/wp\/v2\/media?parent=17135"}],"wp:term":[{"taxonomy":"category","embeddable":true,"href":"https:\/\/blogs.correio24horas.com.br\/mesalte\/wp-json\/wp\/v2\/categories?post=17135"},{"taxonomy":"post_tag","embeddable":true,"href":"https:\/\/blogs.correio24horas.com.br\/mesalte\/wp-json\/wp\/v2\/tags?post=17135"}],"curies":[{"name":"wp","href":"https:\/\/api.w.org\/{rel}","templated":true}]}}