{"id":17128,"date":"2018-10-04T21:39:56","date_gmt":"2018-10-05T00:39:56","guid":{"rendered":"http:\/\/blogs.correio24horas.com.br\/mesalte\/?p=17128"},"modified":"2018-10-04T21:42:43","modified_gmt":"2018-10-05T00:42:43","slug":"pabllo-vittar-explora-origem-nordestina-em-novo-disco-ouca","status":"publish","type":"post","link":"https:\/\/blogs.correio24horas.com.br\/mesalte\/pabllo-vittar-explora-origem-nordestina-em-novo-disco-ouca\/","title":{"rendered":"Pabllo Vittar explora origem nordestina em novo disco; ou\u00e7a"},"content":{"rendered":"<p>N\u00e3o h\u00e1 d\u00favidas de que a drag queen maranhense Pabllo\u00a0Vittar, 23 anos, \u00e9 um fen\u00f4meno. Ap\u00f3s lan\u00e7ar seu primeiro disco, Vai Passar Mal? com v\u00e1rios hits, em 2017,\u00a0ela\u00a0participou do\u00a0Rock in Rio &#8211; cantou com Fergie &#8211; fez sucesso e ficou nos top 100 globais com a m\u00fasica Sua Cara (e seu clipe ic\u00f4nico),\u00a0e, para completar,\u00a0foi a primeira drag indicada a um Grammy (o Latino), no \u00faltimo m\u00eas, pela mesma m\u00fasica, ao lado de Major Lazer e Anitta.<\/p>\n<p>\u00cdcone e super representante da cena LGBTQI+, a cantora tem quebrado barreiras em v\u00e1rios ambiente &#8211; na m\u00fasica, na publicidade, nas lojas, nas redes sociais e muito mais. Al\u00e9m disso, faz quest\u00e3o de mostrar sua origem nordestina em sua m\u00fasica. Seu segundo \u00e1lbum, N\u00e3o Para N\u00e3o, que acaba de ser lan\u00e7ado nesta quinta-feira (4) nas plataformas digitais (ou\u00e7a abaixo), \u00e9 mais um exemplos disso. Nele, Pabllo\u00a0combina pop, forr\u00f3, tecnobrega, ax\u00e9 e at\u00e9 carimb\u00f3 e guitarrada no disco, seu primeiro por uma grande gravadora (Sony). O \u00e1lbum tem parcerias com nomes como Ludmilla e Dilsinho.<\/p>\n<blockquote><p>&#8220;O disco foi pensado como uma noite comigo: tem m\u00fasica pra se acabar de dan\u00e7ar, m\u00fasica pra chorar pelo boy lixo, enfim, t\u00e1 incr\u00edvel&#8221;, promete a cantora.<\/p><\/blockquote>\n<table>\n<tbody>\n<tr>\n<td class=\"text-center\"><img loading=\"lazy\" decoding=\"async\" class=\"aligncenter\" src=\"http:\/\/redacao.correio24horas.com.br\/fileadmin\/_processed_\/c\/a\/csm_347754_830919_g010003974426s__1__ca314298c3.jpg\" alt=\"\" width=\"1000\" height=\"1000\" data-htmlarea-file-table=\"sys_file\" data-htmlarea-file-uid=\"764330\" \/><\/td>\n<\/tr>\n<tr>\n<td class=\"text-center\" style=\"text-align: center;\">(Foto: Divulga\u00e7\u00e3o)<\/td>\n<\/tr>\n<\/tbody>\n<\/table>\n<p>Produzida, mais uma vez, pelo Brabo Music Team (BMT), mesmo time do primeiro \u00e1lbum, a Pabllo de N\u00e3o Para N\u00e3o\u00a0tem sua pot\u00eancia concentrada num disco que n\u00e3o vai al\u00e9m dos 27 minutos de dura\u00e7\u00e3o. Nas suas dez faixas, o ouvinte\/dan\u00e7arino faz um caleidosc\u00f3pico passeio pelo que h\u00e1 de mais internacional na m\u00fasica brasileira &#8211; e de mais brasileiro na m\u00fasica internacional.<\/p>\n<p><strong>Sobre as m\u00fasicas<\/strong><br \/>\nO disco come\u00e7a em alta rota\u00e7\u00e3o com Buzina, definido pelo seu produtor musical, Rodrigo Gorky, como &#8220;o que seria o k-pop se fosse feito no Brasil&#8221;. Uma faixa maximalista de sons e sensa\u00e7\u00f5es, convoca\u00e7\u00e3o para a festa sem limites que se inicia. &#8220;Preste aten\u00e7\u00e3o no poder da tenta\u00e7\u00e3o e da buzina quando toca fazendo sair do ch\u00e3o&#8221;, pede Pabllo.<\/p>\n<p>Afrobeat e forr\u00f3, num beat presentado por Diplo, se apresentam na faixa seguinte, Seu Crime, na qual a cantora revela um timbre mais grave, ainda desconhecido do grande p\u00fablico, e n\u00e3o mede os queixumes da paix\u00e3o: &#8220;Eu acho que passou da hora de assumir sua culpa, seu crime foi me amar.&#8221;<\/p>\n<table>\n<tbody>\n<tr>\n<td class=\"text-center\"><img loading=\"lazy\" decoding=\"async\" class=\"aligncenter\" src=\"http:\/\/redacao.correio24horas.com.br\/fileadmin\/_processed_\/3\/4\/csm_diplo-pabllo_blink102fm_893944ed5c.jpg\" alt=\"\" width=\"1000\" height=\"667\" data-htmlarea-file-table=\"sys_file\" data-htmlarea-file-uid=\"764329\" \/><\/td>\n<\/tr>\n<tr>\n<td class=\"text-center\" style=\"text-align: center;\"><strong>Pabllo e Diplo: parceria come\u00e7ou em Sua Cara e gerou ainda Ent\u00e3o Vai<\/strong><\/td>\n<\/tr>\n<\/tbody>\n<\/table>\n<p>Primeiro single do disco, com um v\u00eddeo que rapidamente passou dos 40 milh\u00f5es de views, Problema Seu\u00a0nada mais \u00e9 do que um eletropagode baiano, lembran\u00e7a da m\u00fasica que Pabllo ouvia na inf\u00e2ncia e adolesc\u00eancia no Nordeste. &#8220;Eu te avisei pra n\u00e3o ficar me esperando \/ eu n\u00e3o sou santa e a pista t\u00e1 fervendo \/ pode vir quente que o DJ t\u00e1 chamando \/ eu t\u00f4 pegando quem quiser&#8221;, avisa ela. J\u00e1 &#8220;Disk me&#8221;, m\u00fasica que teve 23 arranjos diferentes, acabou virando um rom\u00e2ntico r&amp;b com breg\u00e3o, no estilo das divas Marcia Felipe, Solange Almeida e Mylla Karvalho, ex-Companhia do Calypso. O tom da letra \u00e9 indigna\u00e7\u00e3o: &#8220;Que coragem voc\u00ea tem de me ligar \u00e0s 4 da manh\u00e3 pra me falar de amor&#8230; o que voc\u00ea tomou?&#8221;<\/p>\n<p><iframe loading=\"lazy\" src=\"https:\/\/www.youtube.com\/embed\/VAgE9p-1zpo\" width=\"560\" height=\"315\" frameborder=\"0\" allowfullscreen=\"allowfullscreen\"><\/iframe><\/p>\n<p>Forr\u00f3 e PC Music se acasalam em N\u00e3o Vou Deitar, outra das faixas em que Pabllo solta os cachorros (&#8220;eu n\u00e3o vou deixar voc\u00ea me controlar, n\u00e3o vou voltar!&#8221;). Numa vibe mais festeira e positiva (&#8220;vou degustar a vida como um copo de gin&#8221;), Ouro\u00a0inaugura no disco a s\u00e9rie de participa\u00e7\u00f5es especiais: quem divide a m\u00fasica com Pabllo \u00e9 sua melhor amiga, a multitalentosa Urias. Trago Seu Amor de Volta, por sua vez, tem dueto com Dilsinho, estrela do samba pop, numa esp\u00e9cie de ax\u00e9 anos 90, triste-alegre, em vers\u00e3o 2018: &#8220;trago seu amor de volta \/ n\u00e3o quero nada em troca \/ o que o destino uniu ningu\u00e9m vai separar&#8221;.<\/p>\n<p>E em Vai Embora, mistura de trap com pagod\u00e3o baiano feita a partir de uma base de Rafa Dias, do grupo baiano \u00c0TT\u00d8\u00d8XX\u00c1, quem d\u00e1 o papo reto com Pabllo \u00e9 Ludmilla: &#8220;Voc\u00ea perdeu o jogo \/ se prepara pra faxina \/ eu vou passar o rodo \/ e te limpar da minha vida.&#8221;<\/p>\n<table>\n<tbody>\n<tr>\n<td class=\"text-center\" style=\"text-align: center;\"><strong><img loading=\"lazy\" decoding=\"async\" src=\"http:\/\/redacao.correio24horas.com.br\/fileadmin\/user_upload\/correio24horas\/2018\/10\/04\/134625_w840h0_1507587871ludmila-pabllo.jpg\" alt=\"\" width=\"840\" height=\"420\" data-htmlarea-file-table=\"sys_file\" data-htmlarea-file-uid=\"764332\" \/><\/strong><\/td>\n<\/tr>\n<tr>\n<td>\n<p class=\"text-center\" style=\"text-align: center;\"><strong>Ludmilla canta com Pabllo em m\u00fasica com uma base de Rafa Dias, do grupo baiano \u00c0TT\u00d8\u00d8XX\u00c1<\/strong><\/p>\n<\/td>\n<\/tr>\n<\/tbody>\n<\/table>\n<p>E quem diria que Pabllo ia tentar a sorte no departamento Havana\u00a0de Camila Cabello? Que nada! No Hablo Espa\u00f1ol\u00a0&#8220;\u00e9 pura tira\u00e7\u00e3o de sarro de quem aprendeu espanhol assistindo \u00e0 s\u00e9rie Rebelde&#8221; e que reconhece, de forma sacana, a sua falta de habilidade com o idioma: &#8220;losiento, amor, pero no hablo espa\u00f1ol \/ por isso deixo meu corpo falar \/ e sua l\u00edngua me levar \/ pra l\u00e1 e pra c\u00e1.&#8221; Para continuar fugindo das obviedades latinas, Miragem\u00a0encerra o disco investindo na mistura de c\u00fambia com rasteirinha, num romance de alta voltagem: &#8220;Seu beijo \u00e9 um perigo, engana meus sentidos, esse amor bandido n\u00e3o d\u00e1.&#8221;<\/p>\n<table>\n<tbody>\n<tr>\n<td class=\"text-center\"><img loading=\"lazy\" decoding=\"async\" class=\"aligncenter\" src=\"http:\/\/redacao.correio24horas.com.br\/fileadmin\/user_upload\/correio24horas\/2018\/10\/04\/41980967_2176984052591133_5843528107284782633_n.jpg\" alt=\"\" width=\"750\" height=\"750\" data-htmlarea-file-table=\"sys_file\" data-htmlarea-file-uid=\"764331\" \/><\/td>\n<\/tr>\n<tr>\n<td class=\"text-center\" style=\"text-align: center;\">(Foto: Reprodu\u00e7\u00e3o)<\/td>\n<\/tr>\n<\/tbody>\n<\/table>\n<p>Para Pabllo Vittar, N\u00e3o Para N\u00e3o\u00a0&#8220;tem como objetivo\u00a0agradar a pessoas de backgrounds diferentes&#8221;. Dele, fazem parte, al\u00e9m de Gorky, o produtor de m\u00fasica eletr\u00f4nica Maffalda (o paulistano Arthur Gomes), o compositor Pablo Bispo (carioca, que fez Pesad\u00e3o, da IZA), Zebu (Guilherme Pereira, de S\u00e3o Jos\u00e9 dos Campos, famoso pela vers\u00e3o de Medo Bobo, de Maiara &amp; Mara\u00edsa, gravada pelo cantor J\u00e3o) e Arthur Marques (da banda de indie rock Mickey Gang, de Colatina, que j\u00e1 comp\u00f4s para Iza, Lucy Alves e CleoPires).<\/p>\n<p><iframe loading=\"lazy\" src=\"https:\/\/open.spotify.com\/embed\/album\/7GRhzFj2BulxZBqqOMBdDe\" width=\"300\" height=\"410\" frameborder=\"0\"><\/iframe><\/p>\n","protected":false},"excerpt":{"rendered":"<p>N\u00e3o h\u00e1 d\u00favidas de que a drag queen maranhense Pabllo\u00a0Vittar, 23 anos, \u00e9 um fen\u00f4meno. Ap\u00f3s lan\u00e7ar seu primeiro disco, Vai Passar Mal? com v\u00e1rios hits, [&hellip;]<\/p>\n","protected":false},"author":3,"featured_media":17130,"comment_status":"open","ping_status":"open","sticky":false,"template":"","format":"image","meta":{"footnotes":""},"categories":[28,80,9],"tags":[1446,1771,1772,827,1773],"class_list":["post-17128","post","type-post","status-publish","format-image","has-post-thumbnail","hentry","category-farofa-digital","category-home","category-me-orgulho","tag-attooxxa","tag-dilsinho","tag-ludmilla","tag-pabllo-vittar","tag-urias","post_format-post-format-image"],"_links":{"self":[{"href":"https:\/\/blogs.correio24horas.com.br\/mesalte\/wp-json\/wp\/v2\/posts\/17128","targetHints":{"allow":["GET"]}}],"collection":[{"href":"https:\/\/blogs.correio24horas.com.br\/mesalte\/wp-json\/wp\/v2\/posts"}],"about":[{"href":"https:\/\/blogs.correio24horas.com.br\/mesalte\/wp-json\/wp\/v2\/types\/post"}],"author":[{"embeddable":true,"href":"https:\/\/blogs.correio24horas.com.br\/mesalte\/wp-json\/wp\/v2\/users\/3"}],"replies":[{"embeddable":true,"href":"https:\/\/blogs.correio24horas.com.br\/mesalte\/wp-json\/wp\/v2\/comments?post=17128"}],"version-history":[{"count":4,"href":"https:\/\/blogs.correio24horas.com.br\/mesalte\/wp-json\/wp\/v2\/posts\/17128\/revisions"}],"predecessor-version":[{"id":17133,"href":"https:\/\/blogs.correio24horas.com.br\/mesalte\/wp-json\/wp\/v2\/posts\/17128\/revisions\/17133"}],"wp:featuredmedia":[{"embeddable":true,"href":"https:\/\/blogs.correio24horas.com.br\/mesalte\/wp-json\/wp\/v2\/media\/17130"}],"wp:attachment":[{"href":"https:\/\/blogs.correio24horas.com.br\/mesalte\/wp-json\/wp\/v2\/media?parent=17128"}],"wp:term":[{"taxonomy":"category","embeddable":true,"href":"https:\/\/blogs.correio24horas.com.br\/mesalte\/wp-json\/wp\/v2\/categories?post=17128"},{"taxonomy":"post_tag","embeddable":true,"href":"https:\/\/blogs.correio24horas.com.br\/mesalte\/wp-json\/wp\/v2\/tags?post=17128"}],"curies":[{"name":"wp","href":"https:\/\/api.w.org\/{rel}","templated":true}]}}