{"id":17121,"date":"2018-10-04T17:44:28","date_gmt":"2018-10-04T20:44:28","guid":{"rendered":"http:\/\/blogs.correio24horas.com.br\/mesalte\/?p=17121"},"modified":"2018-10-04T17:45:22","modified_gmt":"2018-10-04T20:45:22","slug":"so-bala-exposicao-sobre-homoafetividade-e-alvo-de-vandalismo","status":"publish","type":"post","link":"https:\/\/blogs.correio24horas.com.br\/mesalte\/so-bala-exposicao-sobre-homoafetividade-e-alvo-de-vandalismo\/","title":{"rendered":"&#8216;S\u00f3 bala&#8217;: exposi\u00e7\u00e3o que aborda homoafetividade \u00e9 alvo de vandalismo"},"content":{"rendered":"<div class=\"mc-column content-text active-extra-styles active-capital-letter\" data-block-type=\"unstyled\" data-block-weight=\"58\" data-block-id=\"2\">\n<p class=\"content-text__container theme-color-primary-first-letter\" data-track-category=\"Link no Texto\" data-track-links=\"\">Uma exposi\u00e7\u00e3o fotogr\u00e1fica que retrata troca de afeto entre dois homens foi atacada por v\u00e2ndalos, na ter\u00e7a-feira (2), em Salvador. Segundo infoma\u00e7\u00f5es do G1, as imagens da mostra, que \u00e9 instalada em muros no centro da capital baiana, foram rasgadas e riscadas. Em uma das fotos, que mostra o rosto do idealizador da obra, foi escrito &#8220;S\u00f3 bala&#8221;. A frase foi deixada na testa do artista.<\/p>\n<\/div>\n<div class=\"wall\">\n<div class=\"mc-column content-text active-extra-styles \" data-block-type=\"unstyled\" data-block-weight=\"51\" data-block-id=\"3\">\n<p class=\"content-text__container \" data-track-category=\"Link no Texto\" data-track-links=\"\">A exposi\u00e7\u00e3o foi instalada entre a noite da segunda-feira (1\u00ba) e a madrugada da ter\u00e7a. Os ataques ocorreram poucas horas depois, durante a tarde de ter\u00e7a. Na quarta (3), o artista Luiz Ant\u00f4nio Sena Jr. contou ao\u00a0G1\u00a0que se sentiu amea\u00e7ado pela frase. Ele diz que n\u00e3o imaginava o vandalismo.<\/p>\n<\/div>\n<div class=\"mc-column content-text active-extra-styles\" data-block-type=\"raw\" data-block-weight=\"44\" data-block-id=\"4\">\n<blockquote><p>&#8220;Eu me senti amea\u00e7ado. Foi algo com um tom de alerta. Mas, por outro lado, tamb\u00e9m acaba fazendo com que a gente pontencialize a a\u00e7\u00e3o de que a gente precisa, sim, levantar a quest\u00e3o, buscar lugares de reflex\u00e3o, para mover a discuss\u00e3o na cidade&#8221;<\/p><\/blockquote>\n<\/div>\n<div class=\"mc-column content-text active-extra-styles \" data-block-type=\"unstyled\" data-block-weight=\"36\" data-block-id=\"5\">\n<p class=\"content-text__container \" data-track-category=\"Link no Texto\" data-track-links=\"\">O projeto foi aprovado em edital p\u00fablico e tem o acompanhamento da Funda\u00e7\u00e3o Greg\u00f3rio de Mattos. &#8220;N\u00e3o estamos colando fotos em muros de locais alheios. Foram espa\u00e7os estudados. Temos autoriza\u00e7\u00e3o&#8221;, contou Luiz. O\u00a0G1\u00a0entrou em contato com a entidade, por meio de assessoria de imprensa, que informou que deve emitir um comunicado sobre o assunto na quinta-feira (4).<\/p>\n<\/div>\n<div class=\"row medium-uncollapsed content-media content-photo\" data-block-type=\"backstage-photo\" data-block-id=\"7\">\n<div id=\"attachment_17123\" style=\"width: 1010px\" class=\"wp-caption alignnone\"><a href=\"https:\/\/blogs.correio24h.com.br\/mesalte\/wp-content\/uploads\/2018\/10\/foto3.jpg\" rel=\"attachment wp-att-17123\"><img loading=\"lazy\" decoding=\"async\" aria-describedby=\"caption-attachment-17123\" class=\"size-full wp-image-17123\" src=\"https:\/\/blogs.correio24h.com.br\/mesalte\/wp-content\/uploads\/2018\/10\/foto3.jpg\" alt=\"Obras foram instaladas em muros do centro da capital baiana \u2014 Foto: Divulga\u00e7\u00e3o\" width=\"1000\" height=\"626\" srcset=\"https:\/\/blogs.correio24h.com.br\/mesalte\/wp-content\/uploads\/2018\/10\/foto3.jpg 1000w, https:\/\/blogs.correio24h.com.br\/mesalte\/wp-content\/uploads\/2018\/10\/foto3-300x188.jpg 300w, https:\/\/blogs.correio24h.com.br\/mesalte\/wp-content\/uploads\/2018\/10\/foto3-768x481.jpg 768w, https:\/\/blogs.correio24h.com.br\/mesalte\/wp-content\/uploads\/2018\/10\/foto3-233x146.jpg 233w, https:\/\/blogs.correio24h.com.br\/mesalte\/wp-content\/uploads\/2018\/10\/foto3-50x31.jpg 50w, https:\/\/blogs.correio24h.com.br\/mesalte\/wp-content\/uploads\/2018\/10\/foto3-120x75.jpg 120w\" sizes=\"auto, (max-width: 1000px) 100vw, 1000px\" \/><\/a><p id=\"caption-attachment-17123\" class=\"wp-caption-text\">Obras foram instaladas em muros do centro da capital baiana \u2014 Foto: Divulga\u00e7\u00e3o<\/p><\/div>\n<\/div>\n<p>A\u00a0exposi\u00e7\u00e3o\u00a0\u00c9 S\u00f3 Amor traz fotos em preto e branco do artista beijando, abra\u00e7ando e segurando a m\u00e3o de outro homem. Os pontos rasgados pelos v\u00e2ndalos s\u00e3o exatamente os locais onde est\u00e3o as trocas de afeto. &#8220;A gente est\u00e1 falando de amor, da possibilidade da homoafetividade existir de modo respeit\u00e1vel. S\u00e3o direitos de existir, de amar. Se essa pessoa \u00e9 capaz de violentar algo assim, que n\u00e3o tem nada de prom\u00edscuo, de carnal, que s\u00f3 s\u00e3o a\u00e7\u00f5es de amor, de modo po\u00e9tico, creio que ela seja capaz de agredir uma pessoa e at\u00e9 provocar a morte se ver essas cenas pessoalmente. O bilhete que est\u00e1 escrito na minha testa, naquele mural, me leva a crer nisso&#8221;, disse o artista ao G1 Bahia.<\/p>\n<p>Outras imagens seriam coladas nos pr\u00f3ximos dias. Em seguida, o artista iria fazer uma interven\u00e7\u00e3o jogando tinta vermelha nas imagens, simbolizando, justamente, a homofobia. Com o ataque, o processo foi interrompido: &#8220;Tomamos o maior susto. N\u00e3o foi uma a\u00e7\u00e3o aleat\u00f3ria, n\u00e3o foi uma a\u00e7\u00e3o de desconforto. Foi uma interven\u00e7\u00e3o com discurso de \u00f3dio, com tom de amea\u00e7a. A gente entendeu a gravidade do que tinha acontecido&#8221;.<\/p>\n<p>Segundo Luiz, ainda n\u00e3o foi registrado Boletim de Ocorr\u00eancia (B.O.) sobre o caso na Pol\u00edcia Civil. O artista est\u00e1 buscando aux\u00edlio jur\u00eddico para saber qual posi\u00e7\u00e3o tomar em rela\u00e7\u00e3o ao vandalismo. At\u00e9 l\u00e1, as obras continuar\u00e3o instaladas. &#8220;Estamos buscando contato com advogados para entender que tipo de atitude a gente pode tomar. Quero mais do que registrar um B.O. Estamos vendo se podemos acionar o Minist\u00e9rio P\u00fablico. Estamos dialogando com o pessoal do jur\u00eddico&#8221;, afirmou.<\/p>\n<div id=\"attachment_17124\" style=\"width: 1010px\" class=\"wp-caption alignnone\"><a href=\"https:\/\/blogs.correio24h.com.br\/mesalte\/wp-content\/uploads\/2018\/10\/foto2.jpg\" rel=\"attachment wp-att-17124\"><img loading=\"lazy\" decoding=\"async\" aria-describedby=\"caption-attachment-17124\" class=\"size-full wp-image-17124\" src=\"https:\/\/blogs.correio24h.com.br\/mesalte\/wp-content\/uploads\/2018\/10\/foto2.jpg\" alt=\"Obras retratam troca de carinho entre dois homens \u2014 Foto: Divulga\u00e7\u00e3o\" width=\"1000\" height=\"626\" srcset=\"https:\/\/blogs.correio24h.com.br\/mesalte\/wp-content\/uploads\/2018\/10\/foto2.jpg 1000w, https:\/\/blogs.correio24h.com.br\/mesalte\/wp-content\/uploads\/2018\/10\/foto2-300x188.jpg 300w, https:\/\/blogs.correio24h.com.br\/mesalte\/wp-content\/uploads\/2018\/10\/foto2-768x481.jpg 768w, https:\/\/blogs.correio24h.com.br\/mesalte\/wp-content\/uploads\/2018\/10\/foto2-233x146.jpg 233w, https:\/\/blogs.correio24h.com.br\/mesalte\/wp-content\/uploads\/2018\/10\/foto2-50x31.jpg 50w, https:\/\/blogs.correio24h.com.br\/mesalte\/wp-content\/uploads\/2018\/10\/foto2-120x75.jpg 120w\" sizes=\"auto, (max-width: 1000px) 100vw, 1000px\" \/><\/a><p id=\"caption-attachment-17124\" class=\"wp-caption-text\">Obras retratam troca de carinho entre dois homens \u2014 Foto: Divulga\u00e7\u00e3o<\/p><\/div>\n<\/div>\n","protected":false},"excerpt":{"rendered":"<p>Uma exposi\u00e7\u00e3o fotogr\u00e1fica que retrata troca de afeto entre dois homens foi atacada por v\u00e2ndalos, na ter\u00e7a-feira (2), em Salvador. Segundo infoma\u00e7\u00f5es do G1, as imagens [&hellip;]<\/p>\n","protected":false},"author":2,"featured_media":17122,"comment_status":"open","ping_status":"open","sticky":false,"template":"","format":"image","meta":{"footnotes":""},"categories":[80],"tags":[],"class_list":["post-17121","post","type-post","status-publish","format-image","has-post-thumbnail","hentry","category-home","post_format-post-format-image"],"_links":{"self":[{"href":"https:\/\/blogs.correio24horas.com.br\/mesalte\/wp-json\/wp\/v2\/posts\/17121","targetHints":{"allow":["GET"]}}],"collection":[{"href":"https:\/\/blogs.correio24horas.com.br\/mesalte\/wp-json\/wp\/v2\/posts"}],"about":[{"href":"https:\/\/blogs.correio24horas.com.br\/mesalte\/wp-json\/wp\/v2\/types\/post"}],"author":[{"embeddable":true,"href":"https:\/\/blogs.correio24horas.com.br\/mesalte\/wp-json\/wp\/v2\/users\/2"}],"replies":[{"embeddable":true,"href":"https:\/\/blogs.correio24horas.com.br\/mesalte\/wp-json\/wp\/v2\/comments?post=17121"}],"version-history":[{"count":3,"href":"https:\/\/blogs.correio24horas.com.br\/mesalte\/wp-json\/wp\/v2\/posts\/17121\/revisions"}],"predecessor-version":[{"id":17127,"href":"https:\/\/blogs.correio24horas.com.br\/mesalte\/wp-json\/wp\/v2\/posts\/17121\/revisions\/17127"}],"wp:featuredmedia":[{"embeddable":true,"href":"https:\/\/blogs.correio24horas.com.br\/mesalte\/wp-json\/wp\/v2\/media\/17122"}],"wp:attachment":[{"href":"https:\/\/blogs.correio24horas.com.br\/mesalte\/wp-json\/wp\/v2\/media?parent=17121"}],"wp:term":[{"taxonomy":"category","embeddable":true,"href":"https:\/\/blogs.correio24horas.com.br\/mesalte\/wp-json\/wp\/v2\/categories?post=17121"},{"taxonomy":"post_tag","embeddable":true,"href":"https:\/\/blogs.correio24horas.com.br\/mesalte\/wp-json\/wp\/v2\/tags?post=17121"}],"curies":[{"name":"wp","href":"https:\/\/api.w.org\/{rel}","templated":true}]}}