{"id":17080,"date":"2018-09-28T18:21:41","date_gmt":"2018-09-28T21:21:41","guid":{"rendered":"http:\/\/blogs.correio24horas.com.br\/mesalte\/?p=17080"},"modified":"2018-09-28T18:23:40","modified_gmt":"2018-09-28T21:23:40","slug":"eleicoes-na-bahia-saiba-como-consultar-se-seu-candidato-apoia-as-causas-lgbts","status":"publish","type":"post","link":"https:\/\/blogs.correio24horas.com.br\/mesalte\/eleicoes-na-bahia-saiba-como-consultar-se-seu-candidato-apoia-as-causas-lgbts\/","title":{"rendered":"Elei\u00e7\u00f5es na Bahia: saiba como consultar se seu candidato apoia as causas LGBTs"},"content":{"rendered":"<p>Como dizia minha saudosa v\u00f3 Maria a urna n\u00e3o \u00e9 penico para fazer merda. Seguindo a s\u00e1bia filosofia da minha amada vov\u00f3 acho que precisamos refletir bastante em quem vamos votar no pr\u00f3ximo dia 7 de outubro especialmente para os cargos de Deputado Estadual, Federal e Senado federal. Digo isso por que normalmente as candidaturas aos cargos do legislativos s\u00e3o pulverizadas.<\/p>\n<p>S\u00e3o muitos candidatos que sequer expressam duas frases em hor\u00e1rios eleitorais onde refor\u00e7am apenas os seus n\u00fameros para pedir o voto. No \u00e2mbito federal &#8211; para a presid\u00eancia &#8211; no governo do estado acaba que esses candidatos t\u00eam mais exposi\u00e7\u00f5es na m\u00eddia e acabamos ouvindo suas opini\u00f5es.<\/p>\n<p>Em tempos de ame\u00e7as \u00e0 democracia precisamos pensar, de fato, em representantes que possam preservar os direitos (especialmente da popula\u00e7\u00e3o LGBTQIA+). O Me Salte entrou em contato com todas as coliga\u00e7\u00f5es e nenhuma da Bahia mandou uma listagem indicando pleiteantes aos cargos legislativos que tivessem projetos\u00a0 ligados \u00e0 nossa comunidade. Mas, at\u00e9 o momento da publica\u00e7\u00e3o dessa reportagem, nenhuma coliga\u00e7\u00e3o enviou informa\u00e7\u00f5es.<\/p>\n<p>Nacionalmente, h\u00e1 duas plataformas que re\u00fanem dados de\u00a0v\u00e1rias candidaturas e onde \u00e9 poss\u00edvel filtrar e conhecer os projetos dessas pessoas.\u00a0<a href=\"https:\/\/merepresenta.org.br\/\" target=\"_blank\">A plataforma #MeRepresenta para as elei\u00e7\u00f5es de 2018 <\/a>foi elaborada com a participa\u00e7\u00e3o diversas organiza\u00e7\u00f5es da sociedade civil, abordando temas como Ra\u00e7a e de identidades LGBT+ entre outras quest\u00f5es super atuais.\u00a0A gest\u00e3o do #MeRepresenta \u00e9 compartilhada entre #VoteLGBT, Rede Feminista de Juristas (DeFEMde), Blogueiras Negras e Funda\u00e7\u00e3o Cidadania Inteligente. <a href=\"https:\/\/merepresenta.org.br\/\" target=\"_blank\">Clique aqui para acessar o #MeRepresenta<\/a><\/p>\n<p>O portal Alian\u00e7a Nacional LGBTI (<a href=\"http:\/\/aliancalgbti.org.br\/eleicoes2018\/\" target=\"_blank\">clique aqui para acessar<\/a>) tamb\u00e9m re\u00fane informa\u00e7\u00f5es sobre as candidaturas. Ou seja, \u00e9 bom pesquisar e mais do que isso: COBRAR!<\/p>\n<p>&nbsp;<\/p>\n<p>Se uma pessoa quer o nosso voto usando a nossa comunidade como bandeira precisamos que essas pessoas sejam nossas aliadas. Uma dica: ANOTA O NOME E COBRA SE FOR ELEITX!<\/p>\n","protected":false},"excerpt":{"rendered":"<p>Como dizia minha saudosa v\u00f3 Maria a urna n\u00e3o \u00e9 penico para fazer merda. Seguindo a s\u00e1bia filosofia da minha amada vov\u00f3 acho que precisamos refletir [&hellip;]<\/p>\n","protected":false},"author":1,"featured_media":17085,"comment_status":"open","ping_status":"open","sticky":false,"template":"","format":"image","meta":{"footnotes":""},"categories":[80,11],"tags":[],"class_list":["post-17080","post","type-post","status-publish","format-image","has-post-thumbnail","hentry","category-home","category-me-informo","post_format-post-format-image"],"_links":{"self":[{"href":"https:\/\/blogs.correio24horas.com.br\/mesalte\/wp-json\/wp\/v2\/posts\/17080","targetHints":{"allow":["GET"]}}],"collection":[{"href":"https:\/\/blogs.correio24horas.com.br\/mesalte\/wp-json\/wp\/v2\/posts"}],"about":[{"href":"https:\/\/blogs.correio24horas.com.br\/mesalte\/wp-json\/wp\/v2\/types\/post"}],"author":[{"embeddable":true,"href":"https:\/\/blogs.correio24horas.com.br\/mesalte\/wp-json\/wp\/v2\/users\/1"}],"replies":[{"embeddable":true,"href":"https:\/\/blogs.correio24horas.com.br\/mesalte\/wp-json\/wp\/v2\/comments?post=17080"}],"version-history":[{"count":5,"href":"https:\/\/blogs.correio24horas.com.br\/mesalte\/wp-json\/wp\/v2\/posts\/17080\/revisions"}],"predecessor-version":[{"id":17086,"href":"https:\/\/blogs.correio24horas.com.br\/mesalte\/wp-json\/wp\/v2\/posts\/17080\/revisions\/17086"}],"wp:featuredmedia":[{"embeddable":true,"href":"https:\/\/blogs.correio24horas.com.br\/mesalte\/wp-json\/wp\/v2\/media\/17085"}],"wp:attachment":[{"href":"https:\/\/blogs.correio24horas.com.br\/mesalte\/wp-json\/wp\/v2\/media?parent=17080"}],"wp:term":[{"taxonomy":"category","embeddable":true,"href":"https:\/\/blogs.correio24horas.com.br\/mesalte\/wp-json\/wp\/v2\/categories?post=17080"},{"taxonomy":"post_tag","embeddable":true,"href":"https:\/\/blogs.correio24horas.com.br\/mesalte\/wp-json\/wp\/v2\/tags?post=17080"}],"curies":[{"name":"wp","href":"https:\/\/api.w.org\/{rel}","templated":true}]}}