{"id":17024,"date":"2018-09-23T19:04:48","date_gmt":"2018-09-23T22:04:48","guid":{"rendered":"http:\/\/blogs.correio24horas.com.br\/mesalte\/?p=17024"},"modified":"2018-09-23T19:04:48","modified_gmt":"2018-09-23T22:04:48","slug":"biexiste-se-afirmar-bissexual-e-um-ato-revolucionario","status":"publish","type":"post","link":"https:\/\/blogs.correio24horas.com.br\/mesalte\/biexiste-se-afirmar-bissexual-e-um-ato-revolucionario\/","title":{"rendered":"BI(EXISTE): se afirmar bissexual \u00e9 um ato revolucion\u00e1rio"},"content":{"rendered":"<p>BI(EXISTE)! Neste 23 de setembro, Dia da Visibilidade Bissexual, declaro abertamente que sou bi. Nunca tive essa \u201cnecessidade\u201d pois &#8211; na minha cabe\u00e7a &#8211; poderia ficar\/estar com quem quisesse e isso s\u00f3 dizia respeito a mim. Mas tenho estudado e lido muito sobre isso e, enquanto militante de causas relacionadas ao corpo e g\u00eanero, sempre defendi que a denomina\u00e7\u00e3o de certas coisas e conceitos servem muito para demarcar espa\u00e7o como forma de resist\u00eancia.<\/p>\n<p>Como estamos falando de espa\u00e7o, tenho que destacar que as pessoas bissexuais s\u00e3o completamente inviabilizadas, inclusive no meio LGBTQ+. Isso tem muito a ver com a nossa sociedade machista, patriarcal e heteronormativa.<\/p>\n<p>Explico: nasci e fui criada dentro dos padr\u00f5es de feminilidade e passei minha inf\u00e2ncia e boa parte da minha adolesc\u00eancia tentando me encaixar nessa caixinha &#8211; tem que ser gentil, fina, usar roupa assim, n\u00e3o pode ser gorda, e por a\u00ed vai&#8230; Boa parte das coisas que fazia, inclusive, era para n\u00e3o ser \u201ctaxada\u201d como l\u00e9sbica &#8211; afinal, mulher gorda que usa cal\u00e7a de z\u00edper folgada e blus\u00e3o com certeza \u00e9 l\u00e9sbica, n\u00e9? (E ser l\u00e9sbica n\u00e3o pode). Tem que gostar de homem. Tem que namorar e ter um relacionamento fechado, depois casar, ter uma fam\u00edlia&#8230; Se atrair por uma mulher? Jamais!<\/p>\n<p>Mas a verdade \u00e9 que nunca fui uma coisa s\u00f3 (n\u00e3o \u00e9 \u00e0 toa que criei a PLUS &#8211; revista que tem na sua ess\u00eancia a diversidade). Sempre me atrai por homens e por algumas mulheres tamb\u00e9m. S\u00f3 n\u00e3o sabia que isso era poss\u00edvel. Outras sexualidades nunca foram me apresentadas como op\u00e7\u00e3o.<\/p>\n<p>Foi quando comecei a me aceitar e entender enquanto gorda&#8230; Mais ou menos a mesma fase, estudei muito sobre g\u00eanero e sexualidade. Tamb\u00e9m foi quando passei a entender melhor a minha sexualidade.<\/p>\n<p><a href=\"https:\/\/blogs.correio24h.com.br\/mesalte\/wp-content\/uploads\/2018\/09\/2709D4AB-03FF-4D59-8E93-9865C8010167.jpeg\" rel=\"attachment wp-att-17026\"><img loading=\"lazy\" decoding=\"async\" class=\"alignnone size-full wp-image-17026\" src=\"https:\/\/blogs.correio24h.com.br\/mesalte\/wp-content\/uploads\/2018\/09\/2709D4AB-03FF-4D59-8E93-9865C8010167.jpeg\" alt=\"2709D4AB-03FF-4D59-8E93-9865C8010167\" width=\"1350\" height=\"1072\" srcset=\"https:\/\/blogs.correio24h.com.br\/mesalte\/wp-content\/uploads\/2018\/09\/2709D4AB-03FF-4D59-8E93-9865C8010167.jpeg 1350w, https:\/\/blogs.correio24h.com.br\/mesalte\/wp-content\/uploads\/2018\/09\/2709D4AB-03FF-4D59-8E93-9865C8010167-300x238.jpeg 300w, https:\/\/blogs.correio24h.com.br\/mesalte\/wp-content\/uploads\/2018\/09\/2709D4AB-03FF-4D59-8E93-9865C8010167-768x610.jpeg 768w, https:\/\/blogs.correio24h.com.br\/mesalte\/wp-content\/uploads\/2018\/09\/2709D4AB-03FF-4D59-8E93-9865C8010167-1024x813.jpeg 1024w, https:\/\/blogs.correio24h.com.br\/mesalte\/wp-content\/uploads\/2018\/09\/2709D4AB-03FF-4D59-8E93-9865C8010167-184x146.jpeg 184w, https:\/\/blogs.correio24h.com.br\/mesalte\/wp-content\/uploads\/2018\/09\/2709D4AB-03FF-4D59-8E93-9865C8010167-50x40.jpeg 50w, https:\/\/blogs.correio24h.com.br\/mesalte\/wp-content\/uploads\/2018\/09\/2709D4AB-03FF-4D59-8E93-9865C8010167-94x75.jpeg 94w\" sizes=\"auto, (max-width: 1350px) 100vw, 1350px\" \/><\/a><\/p>\n<p>J\u00e1 me entendo enquanto bisexual &#8211; e possivelmente enquanto pansexual, porque sinto atra\u00e7\u00e3o por pessoas, independente de sexo ou identidade de g\u00eanero &#8211; h\u00e1 algum tempo, mas n\u00e3o me apropriava dessa causa. Hoje vejo o qu\u00e3o necess\u00e1rio falar abertamente sobre isso &#8211; afinal, representatividade abre portas, promove discuss\u00f5es e amplia espa\u00e7os.<\/p>\n<p>Sou 0% h\u00e9tero, 0% l\u00e9sbica e 100% bissexual. E ser bi n\u00e3o me coloca \u201cem cima do muro\u201d e muito menos quer dizer que quero sair por a\u00ed pegando todo mundo (o que tamb\u00e9m n\u00e3o seria um problema rs). A quest\u00e3o \u00e9 nos reduzir apenas a isso. N\u00e3o d\u00e1 para sofrer a invalida\u00e7\u00e3o constante de prefer\u00eancias, desejos e anseios.<\/p>\n<p>Tenho tanta coisa para falar&#8230; Mas, por ora, a mensagem \u00e9 essa: pessoas bissexuais existem e resistem. Vamos respeitar e falar mais sobre isso?! &#x1f64f;&#x1f3fd;&#x1f44a;&#x1f3fd;&#x1f49c;<\/p>\n<p><i>*Naiana Ribeiro (@itsnaiana, no Insta) \u00e9 jornalista, body positive e criou a primeira revista para mulheres gordas do pa\u00eds, <a href=\"http:\/\/eusouplus.com\">a PLUS<\/a><\/i><\/p>\n","protected":false},"excerpt":{"rendered":"<p>BI(EXISTE)! Neste 23 de setembro, Dia da Visibilidade Bissexual, declaro abertamente que sou bi. Nunca tive essa \u201cnecessidade\u201d pois &#8211; na minha cabe\u00e7a &#8211; poderia ficar\/estar [&hellip;]<\/p>\n","protected":false},"author":3,"featured_media":17025,"comment_status":"open","ping_status":"open","sticky":false,"template":"","format":"image","meta":{"footnotes":""},"categories":[28,80,9],"tags":[1240,939,1769,1768],"class_list":["post-17024","post","type-post","status-publish","format-image","has-post-thumbnail","hentry","category-farofa-digital","category-home","category-me-orgulho","tag-bissexuais","tag-bissexual","tag-visibilidade-bi","tag-visibilidade-bissexual","post_format-post-format-image"],"_links":{"self":[{"href":"https:\/\/blogs.correio24horas.com.br\/mesalte\/wp-json\/wp\/v2\/posts\/17024","targetHints":{"allow":["GET"]}}],"collection":[{"href":"https:\/\/blogs.correio24horas.com.br\/mesalte\/wp-json\/wp\/v2\/posts"}],"about":[{"href":"https:\/\/blogs.correio24horas.com.br\/mesalte\/wp-json\/wp\/v2\/types\/post"}],"author":[{"embeddable":true,"href":"https:\/\/blogs.correio24horas.com.br\/mesalte\/wp-json\/wp\/v2\/users\/3"}],"replies":[{"embeddable":true,"href":"https:\/\/blogs.correio24horas.com.br\/mesalte\/wp-json\/wp\/v2\/comments?post=17024"}],"version-history":[{"count":1,"href":"https:\/\/blogs.correio24horas.com.br\/mesalte\/wp-json\/wp\/v2\/posts\/17024\/revisions"}],"predecessor-version":[{"id":17027,"href":"https:\/\/blogs.correio24horas.com.br\/mesalte\/wp-json\/wp\/v2\/posts\/17024\/revisions\/17027"}],"wp:featuredmedia":[{"embeddable":true,"href":"https:\/\/blogs.correio24horas.com.br\/mesalte\/wp-json\/wp\/v2\/media\/17025"}],"wp:attachment":[{"href":"https:\/\/blogs.correio24horas.com.br\/mesalte\/wp-json\/wp\/v2\/media?parent=17024"}],"wp:term":[{"taxonomy":"category","embeddable":true,"href":"https:\/\/blogs.correio24horas.com.br\/mesalte\/wp-json\/wp\/v2\/categories?post=17024"},{"taxonomy":"post_tag","embeddable":true,"href":"https:\/\/blogs.correio24horas.com.br\/mesalte\/wp-json\/wp\/v2\/tags?post=17024"}],"curies":[{"name":"wp","href":"https:\/\/api.w.org\/{rel}","templated":true}]}}