{"id":17020,"date":"2018-09-21T14:35:26","date_gmt":"2018-09-21T17:35:26","guid":{"rendered":"http:\/\/blogs.correio24horas.com.br\/mesalte\/?p=17020"},"modified":"2018-09-21T14:35:26","modified_gmt":"2018-09-21T17:35:26","slug":"oab-realiza-seminario-da-diversidade-sexual-e-de-genero-dia-28","status":"publish","type":"post","link":"https:\/\/blogs.correio24horas.com.br\/mesalte\/oab-realiza-seminario-da-diversidade-sexual-e-de-genero-dia-28\/","title":{"rendered":"OAB realiza Semin\u00e1rio da Diversidade Sexual e de G\u00eanero dia 28"},"content":{"rendered":"<p>A Ordem dos Advogados do Brasil, Se\u00e7\u00e3o Bahia, atrav\u00e9s da Comiss\u00e3o de Diversidade Sexual e Enfrentamento \u00e0 Homofobia realizar\u00e1 na pr\u00f3xima sexta-feira (28)\u00a0o I Semin\u00e1rio da Diversidade Sexual e de G\u00eanero da OAB\/BA.<\/p>\n<p>O evento, que ser\u00e1 realizado no Audit\u00f3rio Raul Chaves na Faculdade de Direito da UFBA (Rua da Paz, s\/n, Gra\u00e7a),\u00a0 acontecer\u00e1 das 8h \u00e0s 20h \u00e9 aberto ao p\u00fablico e contar\u00e1 com a presen\u00e7a de profissionais da \u00e1rea jur\u00eddica, estudantes, pesquisadores e representantes e membros dos movimentos sociais, engajados na discuss\u00e3o de aspectos contempor\u00e2neos referentes aos direitos da popula\u00e7\u00e3o de l\u00e9sbicas, gays, bissexuais, travestis, transexuais e intersexuais (LGBTI).<\/p>\n<p>Com o objetivo de fomentar a discuss\u00e3o e a constru\u00e7\u00e3o de pol\u00edticas p\u00fablicas para o enfrentamento \u00e0 viol\u00eancia contra LGBTIs, os pontos abordados ser\u00e3o transcritos em um documento a ser divulgado para a sociedade civil.<\/p>\n<p>Haver\u00e1 tamb\u00e9m interven\u00e7\u00f5es art\u00edsticas de Ah Teodoro (foto)\u00a0 e Petra P\u00e9ron.<\/p>\n<p><strong>Programa\u00e7\u00e3o:<\/strong><br \/>\n7h30 &#8211; Credenciamento<br \/>\n8h30 &#8211; Confer\u00eancia de abertura<br \/>\nPalestrante: Luiz Viana<\/p>\n<p>9h &#8211; Painel 1: Binariedade e Teoria Queer<br \/>\nPresid\u00eancia da mesa: Filipe Garbelotto<br \/>\nPalestrantes: Lina Aras, Ad\u00e3o Albulquerque, Symmy Larrat<\/p>\n<p>10h50 &#8211; Painel 2: Racismo e LGBTTIfobia<br \/>\nPresid\u00eancia da mesa: Janaina Abreu<br \/>\nPalestrantes: Gustavo Coutinho, Thifany Odara, Jo\u00e3o Di\u00f3genes, Gabriel Leal<\/p>\n<p>14h &#8211; Plen\u00e1ria com movimentos sociais e membros das Comiss\u00f5es da Diversidade<\/p>\n<p>15h30 &#8211; Painel 3: G\u00eanero e Interseccionalidade<br \/>\nPresid\u00eancia da mesa: Roberto Ney<br \/>\nPalestrantes: Daniela Portugal, Luana Ros\u00e1rio, Simone Brand\u00e3o, \u00c9rica Capinan<\/p>\n<p>17h20 &#8211; Painel 4: Sa\u00fade e Direitos LGBTTI<br \/>\nPresid\u00eancia da mesa: Leandro Paraense<br \/>\nPalestrantes: Fernanda Barretto, Fernando Meira, Theo Brandon, Sabrina Guerra Guimar\u00e3es<\/p>\n<p>19h &#8211; Confer\u00eancia de encerramento<br \/>\nPalestrante: Dimitri Sales<\/p>\n<p>19h30 &#8211; Interven\u00e7\u00f5es art\u00edsticas: Petra Per\u00f3n \/ Ah Teodoro<\/p>\n<p>*Programa\u00e7\u00e3o sujeita a altera\u00e7\u00f5es<\/p>\n<p>Servi\u00e7o:<br \/>\nO que: I Semin\u00e1rio da Diversidade Sexual e de G\u00eanero da OAB\/BA<br \/>\nOnde: Audit\u00f3rio Raul Chaves, da Faculdade de Direito da UFBA (Rua da Paz, s\/n, Gra\u00e7a)<br \/>\nQuando: 28 de Setembro de 2018<\/p>\n<p><a href=\"https:\/\/www.sympla.com.br\/i-seminario-da-diversidade-sexual-e-de-genero-da-oab-ba__361504\" target=\"_blank\">Inscri\u00e7\u00f5es gratuitas no link e no local do evento<\/a><\/p>\n","protected":false},"excerpt":{"rendered":"<p>A Ordem dos Advogados do Brasil, Se\u00e7\u00e3o Bahia, atrav\u00e9s da Comiss\u00e3o de Diversidade Sexual e Enfrentamento \u00e0 Homofobia realizar\u00e1 na pr\u00f3xima sexta-feira (28)\u00a0o I Semin\u00e1rio da [&hellip;]<\/p>\n","protected":false},"author":1,"featured_media":14466,"comment_status":"open","ping_status":"open","sticky":false,"template":"","format":"image","meta":{"footnotes":""},"categories":[80,11],"tags":[],"class_list":["post-17020","post","type-post","status-publish","format-image","has-post-thumbnail","hentry","category-home","category-me-informo","post_format-post-format-image"],"_links":{"self":[{"href":"https:\/\/blogs.correio24horas.com.br\/mesalte\/wp-json\/wp\/v2\/posts\/17020","targetHints":{"allow":["GET"]}}],"collection":[{"href":"https:\/\/blogs.correio24horas.com.br\/mesalte\/wp-json\/wp\/v2\/posts"}],"about":[{"href":"https:\/\/blogs.correio24horas.com.br\/mesalte\/wp-json\/wp\/v2\/types\/post"}],"author":[{"embeddable":true,"href":"https:\/\/blogs.correio24horas.com.br\/mesalte\/wp-json\/wp\/v2\/users\/1"}],"replies":[{"embeddable":true,"href":"https:\/\/blogs.correio24horas.com.br\/mesalte\/wp-json\/wp\/v2\/comments?post=17020"}],"version-history":[{"count":3,"href":"https:\/\/blogs.correio24horas.com.br\/mesalte\/wp-json\/wp\/v2\/posts\/17020\/revisions"}],"predecessor-version":[{"id":17023,"href":"https:\/\/blogs.correio24horas.com.br\/mesalte\/wp-json\/wp\/v2\/posts\/17020\/revisions\/17023"}],"wp:featuredmedia":[{"embeddable":true,"href":"https:\/\/blogs.correio24horas.com.br\/mesalte\/wp-json\/wp\/v2\/media\/14466"}],"wp:attachment":[{"href":"https:\/\/blogs.correio24horas.com.br\/mesalte\/wp-json\/wp\/v2\/media?parent=17020"}],"wp:term":[{"taxonomy":"category","embeddable":true,"href":"https:\/\/blogs.correio24horas.com.br\/mesalte\/wp-json\/wp\/v2\/categories?post=17020"},{"taxonomy":"post_tag","embeddable":true,"href":"https:\/\/blogs.correio24horas.com.br\/mesalte\/wp-json\/wp\/v2\/tags?post=17020"}],"curies":[{"name":"wp","href":"https:\/\/api.w.org\/{rel}","templated":true}]}}