{"id":17014,"date":"2018-09-20T20:51:28","date_gmt":"2018-09-20T23:51:28","guid":{"rendered":"http:\/\/blogs.correio24horas.com.br\/mesalte\/?p=17014"},"modified":"2018-09-20T20:51:47","modified_gmt":"2018-09-20T23:51:47","slug":"icone-pabllo-vittar-e-a-primeira-drag-queen-a-disputar-o-grammy-latino","status":"publish","type":"post","link":"https:\/\/blogs.correio24horas.com.br\/mesalte\/icone-pabllo-vittar-e-a-primeira-drag-queen-a-disputar-o-grammy-latino\/","title":{"rendered":"\u00cdcone! Pabllo Vittar \u00e9 a primeira drag queen a disputar o Grammy Latino"},"content":{"rendered":"<p>A drag queen Pabllo Vittar \u00e9 a primeira drag queen indicada ao Grammy Latino na hist\u00f3ria. Ela disputa ao pr\u00eamio\u00a0com Sua Cara, ao lado de Major Lazer e\u00a0Anitta, na categoria Melhor Fus\u00e3o\/Interpreta\u00e7\u00e3o Urbana.<\/p>\n<p>&#8220;Eu estou muito feliz. Queria dedicar esse t\u00edtulo a todas as drag queens. Meninas, voc\u00eas tamb\u00e9m podem!&#8221;, disse a cantora, em seu Instagram.<\/p>\n<p><iframe loading=\"lazy\" src=\"https:\/\/www.youtube.com\/embed\/omzk3klIy0E\" width=\"560\" height=\"315\" frameborder=\"0\" allowfullscreen=\"allowfullscreen\"><\/iframe><\/p>\n<p>Al\u00e9m de Sua Cara, Anitta concorre tamb\u00e9m na categoria melhor can\u00e7\u00e3o urbana com Downton &#8211; faixa interpretada em espanhol que tem participa\u00e7\u00e3o de J Balvin. Ela disputa a estatueta com Dura, de Daddy Yankee; Mi Cama, de Karol G; Sensualidad, de J Balvin, e X; de Nicky Jam e J Balvin.\u201cFui indicada ao Grammy Latino pela primeira vez na minha carreira. Cheguei onde sempre sonhei\u201d, celebrou Anitta, em v\u00eddeos postados no seu Instagram.<\/p>\n<p><iframe loading=\"lazy\" src=\"https:\/\/www.youtube.com\/embed\/wlS6Ix7mA0w\" width=\"560\" height=\"315\" frameborder=\"0\" allowfullscreen=\"allowfullscreen\"><\/iframe><\/p>\n<p>Os candidatos concorrentes \u00e0s cerca de 50 categorias do Grammy Latino foram divulgados nesta quinta-feira (20). Quem lidera a lista de indicados da premia\u00e7\u00e3o \u00e9 o colombiano J Balvin, 33 anos, com oito cita\u00e7\u00f5es, seguido pela cantora espanhola Rosal\u00eda, 25, com cinco.<\/p>\n<p>Ainda entre os destaques brasileiros, est\u00e1 Chico Buarque, 74, que est\u00e1 na disputa pelo \u00e1lbum do ano. Chico lan\u00e7ou em 2017 o disco Caravanas e fez longas s\u00e9ries de shows em diversas capitais do pa\u00eds. Ele concorre com \u00e1lbuns como Vibras, de J Balvin; Prometo, de Pablo Albor\u00e1n; e Salvavidas de Hielo, de Jorge Drexler; entre outros.<\/p>\n<p><iframe loading=\"lazy\" src=\"https:\/\/www.youtube.com\/embed\/dauzWLDGpqA\" width=\"560\" height=\"315\" frameborder=\"0\" allowfullscreen=\"allowfullscreen\"><\/iframe><\/p>\n<p>A cantora Iza tamb\u00e9m foi indicada e n\u00e3o segurou a emo\u00e7\u00e3o. &#8220;Sabe como a gente fica quando descobre que foi indicada ao Grammy? No ch\u00e3o. Literalmente&#8221;, comentou a cantora.\u00a0Os f\u00e3s tamb\u00e9m se comoveram com a rea\u00e7\u00e3o da musa. &#8220;Voc\u00ea \u00e9 incr\u00edvel, s\u00f3 vai crescer mais&#8221;, comentou um. &#8220;Merece o mundo&#8221;, disse outro. &#8220;Parab\u00e9ns, te amamos&#8221;, elogiou um terceiro.\u00a0Ela concorre na categoria de Melhor \u00c1lbum de Pop Contempor\u00e2neo em L\u00edngua Portuguesa pelo seu disco de estreia,\u00a0Dona de Mim.<\/p>\n<blockquote class=\"instagram-media\" style=\"background: #FFF; border: 0; border-radius: 3px; box-shadow: 0 0 1px 0 rgba(0,0,0,0.5),0 1px 10px 0 rgba(0,0,0,0.15); margin: 1px; max-width: 540px; min-width: 326px; padding: 0; width: calc(100% - 2px);\" data-instgrm-captioned=\"\" data-instgrm-permalink=\"https:\/\/www.instagram.com\/p\/Bn89rzcHBLI\/?utm_source=ig_embed_loading\" data-instgrm-version=\"12\">\n<div style=\"padding: 16px;\"><a style=\"background: #FFFFFF; line-height: 0; padding: 0 0; text-align: center; text-decoration: none; width: 100%;\" href=\"https:\/\/www.instagram.com\/p\/Bn89rzcHBLI\/?utm_source=ig_embed_loading\" target=\"_blank\"><br \/>\n<\/a><\/p>\n<div style=\"display: flex; flex-direction: row; align-items: center;\"><\/div>\n<div style=\"padding: 19% 0;\"><\/div>\n<div style=\"display: block; height: 50px; margin: 0 auto 12px; width: 50px;\"><\/div>\n<div style=\"padding-top: 8px;\">\n<div style=\"color: #3897f0; font-family: Arial,sans-serif; font-size: 14px; font-style: normal; font-weight: 550; line-height: 18px;\">Visualizar esta foto no Instagram.<\/div>\n<\/div>\n<p style=\"margin: 8px 0 0 0; padding: 0 4px;\"><a style=\"color: #000; font-family: Arial,sans-serif; font-size: 14px; font-style: normal; font-weight: normal; line-height: 17px; text-decoration: none; word-wrap: break-word;\" href=\"https:\/\/www.instagram.com\/p\/Bn89rzcHBLI\/?utm_source=ig_embed_loading\" target=\"_blank\">Sabe como a gente fica quando descobre que foi INDICADA AO GRAMMY?! No ch\u00e3o. Literalmente. #melhoralbumpop<\/a><\/p>\n<p style=\"color: #c9c8cd; font-family: Arial,sans-serif; font-size: 14px; line-height: 17px; margin-bottom: 0; margin-top: 8px; overflow: hidden; padding: 8px 0 7px; text-align: center; text-overflow: ellipsis; white-space: nowrap;\">Uma publica\u00e7\u00e3o compartilhada por <a style=\"color: #c9c8cd; font-family: Arial,sans-serif; font-size: 14px; font-style: normal; font-weight: normal; line-height: 17px;\" href=\"https:\/\/www.instagram.com\/iza\/?utm_source=ig_embed_loading\" target=\"_blank\"> IZA<\/a> (@iza) em <time style=\"font-family: Arial,sans-serif; font-size: 14px; line-height: 17px;\" datetime=\"2018-09-20T15:15:03+00:00\">20 de Set, 2018 \u00e0s 8:15 PDT<\/time><\/p>\n<\/div>\n<\/blockquote>\n<p><script src=\"\/\/www.instagram.com\/embed.js\" async=\"\" defer=\"defer\"><\/script><\/p>\n<p>O 19\u00ba Grammy Latino ser\u00e1 no dia 15 de novembro, em Las Vegas. A cerim\u00f4nia premia artistas em 49 categorias que re\u00fanem o melhor da m\u00fasica em espanhol ou portugu\u00eas.Veja todos concorrentes em .<\/p>\n","protected":false},"excerpt":{"rendered":"<p>A drag queen Pabllo Vittar \u00e9 a primeira drag queen indicada ao Grammy Latino na hist\u00f3ria. Ela disputa ao pr\u00eamio\u00a0com Sua Cara, ao lado de Major [&hellip;]<\/p>\n","protected":false},"author":3,"featured_media":17015,"comment_status":"open","ping_status":"open","sticky":false,"template":"","format":"image","meta":{"footnotes":""},"categories":[28,80,9],"tags":[385,1767,827],"class_list":["post-17014","post","type-post","status-publish","format-image","has-post-thumbnail","hentry","category-farofa-digital","category-home","category-me-orgulho","tag-drag-queen","tag-grammy-latino","tag-pabllo-vittar","post_format-post-format-image"],"_links":{"self":[{"href":"https:\/\/blogs.correio24horas.com.br\/mesalte\/wp-json\/wp\/v2\/posts\/17014","targetHints":{"allow":["GET"]}}],"collection":[{"href":"https:\/\/blogs.correio24horas.com.br\/mesalte\/wp-json\/wp\/v2\/posts"}],"about":[{"href":"https:\/\/blogs.correio24horas.com.br\/mesalte\/wp-json\/wp\/v2\/types\/post"}],"author":[{"embeddable":true,"href":"https:\/\/blogs.correio24horas.com.br\/mesalte\/wp-json\/wp\/v2\/users\/3"}],"replies":[{"embeddable":true,"href":"https:\/\/blogs.correio24horas.com.br\/mesalte\/wp-json\/wp\/v2\/comments?post=17014"}],"version-history":[{"count":1,"href":"https:\/\/blogs.correio24horas.com.br\/mesalte\/wp-json\/wp\/v2\/posts\/17014\/revisions"}],"predecessor-version":[{"id":17016,"href":"https:\/\/blogs.correio24horas.com.br\/mesalte\/wp-json\/wp\/v2\/posts\/17014\/revisions\/17016"}],"wp:featuredmedia":[{"embeddable":true,"href":"https:\/\/blogs.correio24horas.com.br\/mesalte\/wp-json\/wp\/v2\/media\/17015"}],"wp:attachment":[{"href":"https:\/\/blogs.correio24horas.com.br\/mesalte\/wp-json\/wp\/v2\/media?parent=17014"}],"wp:term":[{"taxonomy":"category","embeddable":true,"href":"https:\/\/blogs.correio24horas.com.br\/mesalte\/wp-json\/wp\/v2\/categories?post=17014"},{"taxonomy":"post_tag","embeddable":true,"href":"https:\/\/blogs.correio24horas.com.br\/mesalte\/wp-json\/wp\/v2\/tags?post=17014"}],"curies":[{"name":"wp","href":"https:\/\/api.w.org\/{rel}","templated":true}]}}