{"id":17008,"date":"2018-09-20T16:18:27","date_gmt":"2018-09-20T19:18:27","guid":{"rendered":"http:\/\/blogs.correio24horas.com.br\/mesalte\/?p=17008"},"modified":"2018-09-20T16:21:06","modified_gmt":"2018-09-20T19:21:06","slug":"nao-queria-sofrer-com-tanto-odio-diz-anitta-apos-criticas","status":"publish","type":"post","link":"https:\/\/blogs.correio24horas.com.br\/mesalte\/nao-queria-sofrer-com-tanto-odio-diz-anitta-apos-criticas\/","title":{"rendered":"&#8216;N\u00e3o queria sofrer com tanto \u00f3dio&#8217;, diz Anitta ap\u00f3s cr\u00edticas"},"content":{"rendered":"<p>Depois de ser atacada na Internet por n\u00e3o aderir ao movimento contra o candidato \u00e0 Presid\u00eancia da Rep\u00fablica\u00a0Jair Bolsonaro, a cantora Anitta usou as redes sociais para se defender. &#8220;Eu n\u00e3o queria sofrer ainda mais com tanto \u00f3dio e ataques. Vivemos tempos dif\u00edceis e \u00e9 esse o meu desejo&#8221;, diz um trecho da carta publicada em seu Instagram.<\/p>\n<p>A artista\u00a0<a href=\"https:\/\/www.correio24horas.com.br\/noticia\/nid\/grammy-latino-anuncia-indicados-com-chico-buarque-e-anitta\/\">rec\u00e9m-indicada ao Grammy Latino<\/a>\u00a0disse, ainda, que \u00e9 &#8220;contra a viol\u00eancia, contra a discrimina\u00e7\u00e3o de qualquer esp\u00e9cie&#8221;. &#8220;Sou contra o \u00f3dio e a intoler\u00e2ncia. Sou a favor da igualdade de g\u00eanero, contra a homofobia e o racismo. Defendo a liberdade do outro de decidir o que fazer com seu corpo. Atrav\u00e9s da minha arte tento contribuir com o que posso para vivermos num mundo melhor e mais igualit\u00e1rio&#8221;, continuou.<\/p>\n<p>Al\u00e9m de defender\u00a0que sua hist\u00f3ria n\u00e3o ser\u00e1\u00a0apagada\u00a0por que decidiu n\u00e3o se envolver com pol\u00edtica, a artista lembrou que nasceu pobre e &#8220;com muito esfor\u00e7o&#8221; trilhou seu caminho&#8221;. &#8220;Sofri por ser funkeira, favelada e ainda sofro por ser mulher&#8221;, desabafou. Em\u00a0seguida, ao ressaltar que n\u00e3o aguenta mais &#8220;sofrer com tanto \u00f3dio&#8221;, pediu:\u00a0&#8220;respeitem o pr\u00f3ximo e suas decis\u00f5es&#8221;.<\/p>\n<p class=\"bodytext\">Mesmo defendida por\u00a0Fl\u00e1vio Bolsonaro, filho do candidato, nesta quarta-feira (19), que afirmou que \u201ch\u00e1 uma persegui\u00e7\u00e3o covarde a artistas que se posicionam publicamente a favor de Bolsonaro\u201d, Anitta foi criticada pelos seguidores, sendo\u00a0muitos deles f\u00e3s declarados. &#8220;A vida LGBT no Brasil n\u00e3o est\u00e1 f\u00e1cil e voc\u00ea sabe, porque convive com a gente. N\u00e3o precisamos que voc\u00ea declare seu voto. Esperamos \u00e9 que artistas que exaltamos se posicionem sobre o candidato que, ao propagar ideias de &#8216;defesa da fam\u00edlia&#8217;, est\u00e1 montando um ex\u00e9rcito de \u00f3dio contra n\u00f3s\u00a0LGBT e outras minorias&#8221;, justificou um seguidor.<\/p>\n<p class=\"bodytext\">Ao lamentar o momento &#8220;desagragador&#8221; e declarar que tem orgulho de fazer parte da hist\u00f3ria da cantora, o f\u00e3 continou dizendo que \u00e9 &#8220;por isso que pedimos ajuda&#8221;. &#8220;N\u00e3o deixe que nos fuzilem nesse campo de concentra\u00e7\u00e3o ideol\u00f3gico que est\u00e1 sendo instalado em nosso pa\u00eds diante dos seus olhos e de tantas artistas maravilhosas que exaltamos&#8221;, pediu.<\/p>\n<p class=\"bodytext\">Um pouco menos cordial, outra seguidora criticou quem &#8220;faz v\u00eddeo pedindo mais amor e menos \u00f3dio, mas n\u00e3o se posiciona contra quem s\u00f3 prega \u00f3dio principalmente contra o p\u00fablico que diz apoiar e amar&#8221;. &#8220;Ningu\u00e9m aqui t\u00e1 pedindo pra dizer seu voto e sim querendo que voc\u00ea pare de bancar a planta nos assuntos que te conv\u00e9m. Afinal, na hora de ir na parada gay, usar a bandeira, a senhora apoia a causa. (&#8230;) Mas na hora de se posicionar contra aquele que prega a inferioridade e \u00f3dio, mais uma vez banca a eg\u00edpica&#8221;, completou.<\/p>\n<p class=\"bodytext\">Com o mesmo posicionamento dos demais, outro internauta disse que &#8220;dizer #EleN\u00e3o, a n\u00e3o ser que voc\u00ea vote nesse cara, n\u00e3o \u00e9 revelar o voto&#8221;. &#8220;S\u00e3o 13 candidatos concorrendo. Em tempos como o nosso, omitir-se \u00e9 calar-se diante da viol\u00eancia do opressor&#8221;. Outra f\u00e3 concordou: &#8220;o seu sil\u00eancio \u00e9 combust\u00edvel pra quem nos oprime&#8221;. Mas, apesar das cr\u00edticas, Anitta foi defendida por muitos seguidores: &#8220;Deixem a @anitta em paz!! Tenham respeito pela posi\u00e7\u00e3o dela, ainda que seja diferente da sua!&#8221;.<\/p>\n<p class=\"bodytext\"><strong>Confira o depoimento de Anitta na \u00edntegra:<\/strong><\/p>\n<blockquote>\n<p class=\"bodytext\">&#8220;Essa sou eu. Eu sou contra a viol\u00eancia, contra a discrimina\u00e7\u00e3o de qualquer esp\u00e9cie. Sou contra o \u00f3dio e a intoler\u00e2ncia. Sou a favor da igualdade de g\u00eanero, contra a homofobia e o racismo. Defendo a liberdade do outro de decidir o que fazer com seu corpo. Atrav\u00e9s da minha arte tento contribuir com o que posso para vivermos num mundo melhor e mais igualit\u00e1rio. Anos de trabalho na minha carreira de cantora em que apoiei de diversas maneiras as id\u00e9ias que acredito n\u00e3o v\u00e3o ser apagados por n\u00e3o querer me envolver com pol\u00edtica, pelo menos n\u00e3o para mim. Eu sou brasileira e quero que nosso pa\u00eds melhore assim como cada um de voc\u00eas. Eu nasci pobre e com muito esfor\u00e7o tenho conquistado meu caminho. Sofri por ser funkeira, favelada e ainda sofro por ser mulher. Eu n\u00e3o queria sofrer ainda mais com tanto \u00f3dio e ataques. Vivemos tempos dif\u00edceis e \u00e9 esse o meu desejo. Qualquer coisa diferente do que citei acima n\u00e3o tem meu apoio, obviamente. Respeitem o pr\u00f3ximo e suas decis\u00f5es. Isso sim vai ajudar a sermos uma sociedade tolerante. N\u00f3s somos esse pa\u00eds&#8221;.<\/p>\n<\/blockquote>\n<blockquote class=\"instagram-media\" style=\"background: #FFF; border: 0; border-radius: 3px; box-shadow: 0 0 1px 0 rgba(0,0,0,0.5),0 1px 10px 0 rgba(0,0,0,0.15); margin: 1px; max-width: 540px; min-width: 326px; padding: 0; width: calc(100% - 2px);\" data-instgrm-permalink=\"https:\/\/www.instagram.com\/p\/Bn7G4dygQWV\/?utm_source=ig_embed_loading\" data-instgrm-version=\"12\">\n<div style=\"padding: 16px;\"><a style=\"background: #FFFFFF; line-height: 0; padding: 0 0; text-align: center; text-decoration: none; width: 100%;\" href=\"https:\/\/www.instagram.com\/p\/Bn7G4dygQWV\/?utm_source=ig_embed_loading\" target=\"_blank\"><br \/>\n<\/a><\/p>\n<div style=\"display: flex; flex-direction: row; align-items: center;\"><\/div>\n<div style=\"padding: 19% 0;\"><\/div>\n<div style=\"display: block; height: 50px; margin: 0 auto 12px; width: 50px;\"><\/div>\n<div style=\"padding-top: 8px;\">\n<div style=\"color: #3897f0; font-family: Arial,sans-serif; font-size: 14px; font-style: normal; font-weight: 550; line-height: 18px;\">Visualizar esta foto no Instagram.<\/div>\n<\/div>\n<p style=\"color: #c9c8cd; font-family: Arial,sans-serif; font-size: 14px; line-height: 17px; margin-bottom: 0; margin-top: 8px; overflow: hidden; padding: 8px 0 7px; text-align: center; text-overflow: ellipsis; white-space: nowrap;\"><a style=\"color: #c9c8cd; font-family: Arial,sans-serif; font-size: 14px; font-style: normal; font-weight: normal; line-height: 17px; text-decoration: none;\" href=\"https:\/\/www.instagram.com\/p\/Bn7G4dygQWV\/?utm_source=ig_embed_loading\" target=\"_blank\">Uma publica\u00e7\u00e3o compartilhada por anitta &#x1f3a4; (@anitta)<\/a> em <time style=\"font-family: Arial,sans-serif; font-size: 14px; line-height: 17px;\" datetime=\"2018-09-19T21:55:57+00:00\">19 de Set, 2018 \u00e0s 2:55 PDT<\/time><\/p>\n<p style=\"color: #c9c8cd; font-family: Arial,sans-serif; font-size: 14px; line-height: 17px; margin-bottom: 0; margin-top: 8px; overflow: hidden; padding: 8px 0 7px; text-align: center; text-overflow: ellipsis; white-space: nowrap;\">\n<\/div>\n<\/blockquote>\n<p><script src=\"\/\/www.instagram.com\/embed.js\" async=\"\" defer=\"defer\"><\/script><\/p>\n<p><strong>O que voc\u00ea achou da situa\u00e7\u00e3o? O que acha da posi\u00e7\u00e3o de Anitta?<\/strong><\/p>\n","protected":false},"excerpt":{"rendered":"<p>Depois de ser atacada na Internet por n\u00e3o aderir ao movimento contra o candidato \u00e0 Presid\u00eancia da Rep\u00fablica\u00a0Jair Bolsonaro, a cantora Anitta usou as redes sociais [&hellip;]<\/p>\n","protected":false},"author":2,"featured_media":0,"comment_status":"open","ping_status":"open","sticky":false,"template":"","format":"image","meta":{"footnotes":""},"categories":[80,11],"tags":[],"class_list":["post-17008","post","type-post","status-publish","format-image","hentry","category-home","category-me-informo","post_format-post-format-image"],"_links":{"self":[{"href":"https:\/\/blogs.correio24horas.com.br\/mesalte\/wp-json\/wp\/v2\/posts\/17008","targetHints":{"allow":["GET"]}}],"collection":[{"href":"https:\/\/blogs.correio24horas.com.br\/mesalte\/wp-json\/wp\/v2\/posts"}],"about":[{"href":"https:\/\/blogs.correio24horas.com.br\/mesalte\/wp-json\/wp\/v2\/types\/post"}],"author":[{"embeddable":true,"href":"https:\/\/blogs.correio24horas.com.br\/mesalte\/wp-json\/wp\/v2\/users\/2"}],"replies":[{"embeddable":true,"href":"https:\/\/blogs.correio24horas.com.br\/mesalte\/wp-json\/wp\/v2\/comments?post=17008"}],"version-history":[{"count":1,"href":"https:\/\/blogs.correio24horas.com.br\/mesalte\/wp-json\/wp\/v2\/posts\/17008\/revisions"}],"predecessor-version":[{"id":17009,"href":"https:\/\/blogs.correio24horas.com.br\/mesalte\/wp-json\/wp\/v2\/posts\/17008\/revisions\/17009"}],"wp:attachment":[{"href":"https:\/\/blogs.correio24horas.com.br\/mesalte\/wp-json\/wp\/v2\/media?parent=17008"}],"wp:term":[{"taxonomy":"category","embeddable":true,"href":"https:\/\/blogs.correio24horas.com.br\/mesalte\/wp-json\/wp\/v2\/categories?post=17008"},{"taxonomy":"post_tag","embeddable":true,"href":"https:\/\/blogs.correio24horas.com.br\/mesalte\/wp-json\/wp\/v2\/tags?post=17008"}],"curies":[{"name":"wp","href":"https:\/\/api.w.org\/{rel}","templated":true}]}}