{"id":16999,"date":"2018-09-30T08:44:52","date_gmt":"2018-09-30T11:44:52","guid":{"rendered":"http:\/\/blogs.correio24horas.com.br\/mesalte\/?p=16999"},"modified":"2018-09-28T18:51:49","modified_gmt":"2018-09-28T21:51:49","slug":"nada-de-depilacao-conheca-o-estilo-full-bush","status":"publish","type":"post","link":"https:\/\/blogs.correio24horas.com.br\/mesalte\/nada-de-depilacao-conheca-o-estilo-full-bush\/","title":{"rendered":"Nada de depila\u00e7\u00e3o! Conhe\u00e7a o estilo &#8216;full bush&#8217;"},"content":{"rendered":"<p>Sabe aquele corpo lisinho que o sabonete escorre sem nem sentir?! Esque\u00e7a! Para quem \u00e9 adepto do estilo &#8216;full bush&#8217; (arbusto cheio em tradu\u00e7\u00e3o livre) o que importa s\u00e3o os pelos por todas as partes do corpo sem direito a reclama\u00e7\u00e3o. Os pelinhos sobressaem em todas as partes do corpo: axilas, peitos, costas e obviamente na regi\u00e3o pubiana. Torceu o bico? Faz parte. De fato, o estilo n\u00e3o \u00e9 unanimidade. Em uma enquete feita pelo instagram do Me Salte, na semana passada, 63% das 489 pessoas que responderam disseram que n\u00e3o curtem o estilo e que preferem os arbustos aparados ou totalmente podados. Mas, hoje, vamos focar nos 37%.<\/p>\n<p>O arquiteto Valter Novaes, 35 anos, faz parte desse grupo. Depois de viver o in\u00edcio da vida adulta ref\u00e9m das depila\u00e7\u00f5es resolveu abrir m\u00e3o da cera\/l\u00e2minas e afins. Agora, deixa os pelos tomarem conta do corpo e &#8211; a cada tr\u00eas meses &#8211; faz o que ele chama de &#8216;tosa higi\u00eanica&#8217;. &#8220;Dou aquela aparada com a tesoura s\u00f3 quando est\u00e1 ficando muito grande e come\u00e7a a incomodar especialmente nas partes mais \u00edntimas. \u00c9 uma quest\u00e3o que fa\u00e7o s\u00f3 para facilitar a higiene, mas n\u00e3o curto mais ficar fazendo isso o tempo inteiro. Ganhei mais liberdade&#8221;, destaca.<\/p>\n<p>A liberdade tamb\u00e9m foi o motivo pelo qual o industrial Gabriel Oliveira, 27 anos, &#8216;brigou&#8217; com sua depiladora. &#8220;Todo m\u00eas me sentia ref\u00e9m de ir l\u00e1 para fazer a depila\u00e7\u00e3o completa. Eu depilava tudo do pesco\u00e7o pra baixo. N\u00e3o fica nenhum pelo para contar hist\u00f3ria. O problema \u00e9 que quando os pelos come\u00e7avam a crescer eu ficava desconfort\u00e1vel. Eu deixava de sair com os boys s\u00f3 porque achava que tinha pelos de mais. Mas um dia eu tive um estalo que isso era bobagem e deixei tudo para tr\u00e1s. Hoje eu fa\u00e7o at\u00e9 tran\u00e7a se eu quiser. Agora me sinto livre&#8221;, refor\u00e7a.<\/p>\n<p>&nbsp;<\/p>\n<p><img loading=\"lazy\" decoding=\"async\" class=\"aligncenter size-large wp-image-17066\" src=\"https:\/\/blogs.correio24h.com.br\/mesalte\/wp-content\/uploads\/2018\/09\/ENQUETE-600x1024.jpg\" alt=\"ENQUETE\" width=\"600\" height=\"1024\" srcset=\"https:\/\/blogs.correio24h.com.br\/mesalte\/wp-content\/uploads\/2018\/09\/ENQUETE-600x1024.jpg 600w, https:\/\/blogs.correio24h.com.br\/mesalte\/wp-content\/uploads\/2018\/09\/ENQUETE-176x300.jpg 176w, https:\/\/blogs.correio24h.com.br\/mesalte\/wp-content\/uploads\/2018\/09\/ENQUETE-86x146.jpg 86w, https:\/\/blogs.correio24h.com.br\/mesalte\/wp-content\/uploads\/2018\/09\/ENQUETE-29x50.jpg 29w, https:\/\/blogs.correio24h.com.br\/mesalte\/wp-content\/uploads\/2018\/09\/ENQUETE-44x75.jpg 44w, https:\/\/blogs.correio24h.com.br\/mesalte\/wp-content\/uploads\/2018\/09\/ENQUETE.jpg 665w\" sizes=\"auto, (max-width: 600px) 100vw, 600px\" \/><\/p>\n<p>&nbsp;<\/p>\n<p>O designer de interiores Robert Lino, 29 anos,\u00a0\u00e9 peludo e gosta de pelos (menos nas costas e na bunda). Ele j\u00e1 aparou, raspou. Fez de tudo. Uma vez usou l\u00e2mina e teve uma rea\u00e7\u00e3o al\u00e9rgica horr\u00edvel. Decidiu repensar.<\/p>\n<p>&#8220;Os pelos est\u00e3o muito relacionados com a virilidade. \u00c9 um tra\u00e7o natural e cada um tem um pelo diferente. vivemos em caixas e uma delas \u00e9 a que me enquadro que \u00e9 ser ursinho. Adoro meus pelos e se o boy for barbudo e peludo ele est\u00e1 disparado em vantagem&#8221;, conta ele que apara a barba uma vez por semana e que atualmente deixa os pelos grandes e naturais.<\/p>\n<p>Casado atualmente, Robert ressalta que j\u00e1 perdeu pega\u00e7\u00f5es &#8211; via apps &#8211; s\u00f3 porque era peludo. &#8220;Uma vez um boyfez uma cara de nojinho porque disse que eu tinha muitos pelos. As pessoas acham que ter muito pelo \u00e9 falta de higiene. Mas n\u00e3o \u00e9 isso. Tem cinco anos que estou com meu novo boy que conheci no Carnaval. Quando ele passou a m\u00e3o na minha barriga e sentiu que eu tinha pelos foi logo entrando em \u00eaxtase&#8221;, conta.<\/p>\n<p>Dentro do universo das vaidades masculinas o estilo acaba sendo bastante associado \u00e0 falta de cuidado. Mas n\u00e3o \u00e9 nem de perto isso. O educador f\u00edsico Jorge Novaes, de 28 anos, tem pelos prominentes no corpo inteiro. Diariamente usa cremes e produtos espec\u00edficos para cada tipo de pelo. &#8220;Eu gasto, por m\u00eas cerca de R$500 para cuidar dos pelos do meu corpo. Uso creme e lo\u00e7\u00e3o para a barba. Uso hidratante para as pernas e nos da regi\u00e3o \u00edntima eu uso um produto que funciona como um reparador de pontas e hidratante para ficar tudo cheiroso, hidratado e limpo. Peludo sim, porquinho n\u00e3o&#8221;, ressalta.<\/p>\n<p>Ele diz que d\u00e1 aten\u00e7\u00e3o especial aos pelos das regi\u00f5es pubianas. &#8220;L\u00e1 tem que ter um tratamento vip. Afinal, n\u00e3o d\u00e1 pra deixar a \u00e1rea de lazer muito\u00a0 bagun\u00e7ada&#8221;, diz.<\/p>\n<p>\u00c9 \u00f3bvio que o estilo n\u00e3o \u00e9 de hoje, mas em 2015, a revista Cosmopolitan falava numa tend\u00eancia de nicho que poderia, ou n\u00e3o, estar a vingar: o chamado \u201cfull bush\u201d (arbusto cheio) onde os pelos queriam mesmo ser-se vistos a \u201cfugir\u201d das pe\u00e7as \u00edntimas. \u00a0A ideia era mesmo deixar-se um \u201cmontinho\u201d percet\u00edvel. J\u00e1 em 2014, a famosa marca American Apparel tinha colocado manequins \u201cpeludos\u201d nas suas montras, numa tentativa de apelar \u00e0 beleza natural feminina no seu todo, onde sexy e conforto podem andar juntos.<\/p>\n<p>O estilo, segundo as meninas consultadas pela reportagem, \u00e9 motivo de &#8216;torcida de bico&#8217; de muitas mulheres (aqui o papo \u00e9 mais complexo) mas, segundo a comerci\u00e1ria Val\u00e9ria Nogueira, 32 anos, que \u00e9 casada com a tamb\u00e9m comerci\u00e1ria Norma Dantas, 49 anos, as mulheres s\u00e3o menos criteriosas nesses aspectos. &#8220;Eu percebo entre os meus amigos gays e tamb\u00e9m os heteros que eles se preocupam mais com essa quest\u00e3o de ter feito ou n\u00e3o ter feito a depila\u00e7\u00e3o para poder ficar com outra pessoa. Acho que entre as l\u00e9sbicas h\u00e1 um gerenciamento melhor disso. Aqui em casa mesmo a mata atl\u00e2ntica \u00e9 predominante. N\u00e3o tem esse neg\u00f3cio de brincar s\u00f3 se tiver depiladinha&#8221;, pondera.<\/p>\n<p>Quem tamb\u00e9m pondera\u00a0 essa maior flexibilidade com os pelos entre as mulheres \u00e9 educadora Ver\u00f4nica Lima, de 18 anos. &#8220;Eu desde quando me entendi por gente que deixei os pelos livres. De mulher para mulher \u00e9 mais tranquila essa percep\u00e7\u00e3o quanto aos pelos corporais. Acho que uma mulher entende mais a outra que n\u00e3o est\u00e1 com a virilha depilada&#8221;.<\/p>\n<p>Renata Brasileiro, dermatologista da Cl\u00ednica Osmilto Brand\u00e3o e da Derma Facce, explica que tem mais pelos precisa ter mais cuidado. &#8220;Devemos dar maior aten\u00e7\u00e3o \u00e0 higiene dessas \u00e1reas, uma vez que a maior densidade de pelos leva a uma maior sudorese e consequente aumento da umidade local. O aumento da umidade por sua vez aumenta a chance de prolifera\u00e7\u00e3o f\u00fangica e bacteriana, o que pode tornar infec\u00e7\u00f5es mais frequentes&#8221;, explica.<\/p>\n<p>A dermatologista esclarece que a regularidade das depila\u00e7\u00f5es &#8211; para quem gosta delas &#8211; vai depender do tipo. &#8220;No geral, as depila\u00e7\u00f5es a laser ou cera quente requerem intervalo de 30 dias, que \u00e9 o tempo necess\u00e1rio para um novo pelo crescer. Na depila\u00e7\u00e3o com l\u00e2mina, m\u00e1quina ou creme depilat\u00f3rio apenas a parte externa do pelo \u00e9 retirada, ent\u00e3o logo ap\u00f3s alguns dias j\u00e1 pode ser visualizado novo pelinho crescendo. O ideal \u00e9 que se aguarde um per\u00edodo m\u00ednimo de 20 dias para diminuir a agress\u00e3o \u00e0 pele. S\u00f3 que justamente por causa do r\u00e1pido aparecimento dos pelos, quem opta por essa modalidade acaba dando curtos intervalos entre as sess\u00f5es e consequentemente agride mais a pele, podendo levar a hiperpigmenta\u00e7\u00e3o da \u00e1rea ou dermatites irritativas.\u00a0Embora seja o mais comum, a depila\u00e7\u00e3o das regi\u00f5es de axila e decote (ou outras \u00e1reas) n\u00e3o s\u00e3o obrigat\u00f3rias, desde que a higiene do local n\u00e3o fique prejudicada e n\u00e3o haja casos de infec\u00e7\u00e3o recorrente&#8221;, afirma.<\/p>\n<p>Ou seja, seja como voc\u00ea quiser e se cuide \ud83d\ude42<\/p>\n","protected":false},"excerpt":{"rendered":"<p>Sabe aquele corpo lisinho que o sabonete escorre sem nem sentir?! Esque\u00e7a! Para quem \u00e9 adepto do estilo &#8216;full bush&#8217; (arbusto cheio em tradu\u00e7\u00e3o livre) o [&hellip;]<\/p>\n","protected":false},"author":1,"featured_media":17072,"comment_status":"open","ping_status":"open","sticky":false,"template":"","format":"image","meta":{"footnotes":""},"categories":[80,24],"tags":[],"class_list":["post-16999","post","type-post","status-publish","format-image","has-post-thumbnail","hentry","category-home","category-me-cuido","post_format-post-format-image"],"_links":{"self":[{"href":"https:\/\/blogs.correio24horas.com.br\/mesalte\/wp-json\/wp\/v2\/posts\/16999","targetHints":{"allow":["GET"]}}],"collection":[{"href":"https:\/\/blogs.correio24horas.com.br\/mesalte\/wp-json\/wp\/v2\/posts"}],"about":[{"href":"https:\/\/blogs.correio24horas.com.br\/mesalte\/wp-json\/wp\/v2\/types\/post"}],"author":[{"embeddable":true,"href":"https:\/\/blogs.correio24horas.com.br\/mesalte\/wp-json\/wp\/v2\/users\/1"}],"replies":[{"embeddable":true,"href":"https:\/\/blogs.correio24horas.com.br\/mesalte\/wp-json\/wp\/v2\/comments?post=16999"}],"version-history":[{"count":9,"href":"https:\/\/blogs.correio24horas.com.br\/mesalte\/wp-json\/wp\/v2\/posts\/16999\/revisions"}],"predecessor-version":[{"id":17088,"href":"https:\/\/blogs.correio24horas.com.br\/mesalte\/wp-json\/wp\/v2\/posts\/16999\/revisions\/17088"}],"wp:featuredmedia":[{"embeddable":true,"href":"https:\/\/blogs.correio24horas.com.br\/mesalte\/wp-json\/wp\/v2\/media\/17072"}],"wp:attachment":[{"href":"https:\/\/blogs.correio24horas.com.br\/mesalte\/wp-json\/wp\/v2\/media?parent=16999"}],"wp:term":[{"taxonomy":"category","embeddable":true,"href":"https:\/\/blogs.correio24horas.com.br\/mesalte\/wp-json\/wp\/v2\/categories?post=16999"},{"taxonomy":"post_tag","embeddable":true,"href":"https:\/\/blogs.correio24horas.com.br\/mesalte\/wp-json\/wp\/v2\/tags?post=16999"}],"curies":[{"name":"wp","href":"https:\/\/api.w.org\/{rel}","templated":true}]}}