{"id":16963,"date":"2018-09-18T08:20:27","date_gmt":"2018-09-18T11:20:27","guid":{"rendered":"http:\/\/blogs.correio24horas.com.br\/mesalte\/?p=16963"},"modified":"2018-09-18T08:33:56","modified_gmt":"2018-09-18T11:33:56","slug":"concorrentes-do-miss-gay-no-suburbio-farao-passeio-turistico-neste-sabado","status":"publish","type":"post","link":"https:\/\/blogs.correio24horas.com.br\/mesalte\/concorrentes-do-miss-gay-no-suburbio-farao-passeio-turistico-neste-sabado\/","title":{"rendered":"Concorrentes do Miss Gay no Sub\u00farbio\u00a0far\u00e3o passeio tur\u00edstico\u00a0neste s\u00e1bado"},"content":{"rendered":"<p>Integrando a programa\u00e7\u00e3o do Festival da Primavera, neste s\u00e1bado\u00a0(22) o Concurso Miss Sub\u00farbio Gay apresenta suas candidatas para toda comunidade do Sub\u00farbio Ferrovi\u00e1rio de Salvador. O \u00f4nibus Salvador Bus que circula pela primeira vez com a fun\u00e7\u00e3o tur\u00edstica no Sub\u00farbio, far\u00e1 um passeio nos principais pontos entre a Cal\u00e7ada e Paripe, com as candidatas ao t\u00edtulo deste ano, al\u00e9m dos convidados e dos jurados desta edi\u00e7\u00e3o. A a\u00e7\u00e3o conta com o apoio financeiro da Prefeitura de Salvador, atrav\u00e9s da Funda\u00e7\u00e3o Greg\u00f3rio de Mattos, contemplado no edital Arte todo dia &#8211; Ano IV.<\/p>\n<p>&#8220;S\u00e3o dois sonhos para mim sendo realizado de uma s\u00f3 vez: ver minhas candidatas movimentando a cena cultural pelo Sub\u00farbio e um \u00f4nibus de turismo passando pelo nosso territ\u00f3rio, mostrando que temos muitas belezas para nos orgulharmos&#8221;, afirma Fabr\u00edcio Cumming, idealizador e realizador do Concurso. O \u00f4nibus circular\u00e1 a partir das 14h, saindo da Esta\u00e7\u00e3o de Trem da Cal\u00e7ada. O Acesso \u00e9 apenas para convidados.<\/p>\n<p>Realizado desde 2013, tem como \u00faltima representante La\u00eds Fennel, que conquistou em novembro do ano passado o t\u00edtulo de Miss Sub\u00farbio Gay 2017, representado o bairro de S\u00e3o Tom\u00e9 de Paripe. O concurso Miss Sub\u00farbio Gay entra em sua 6\u00aa edi\u00e7\u00e3o, vai eleger o mais belo transformista do Sub\u00farbio da capital baiana. Os candidatos dever\u00e3o apresentar duas produ\u00e7\u00f5es no palco: uma com traje de passeio e outra com figurino de gala. 15 candidatas ser\u00e3o escolhidas para disputar o t\u00edtulo e um pr\u00eamio em dinheiro no valor de R$ 500, al\u00e9m de conquistar uma vaga para concorrer ao t\u00edtulo de Miss Salvador Gay.<\/p>\n<p>O concurso, que contar\u00e1 com performances de diversas transformistas e apresenta\u00e7\u00f5es culturais, ser\u00e1 realizado no Espa\u00e7o Boca de Brasa, no Complexo Sub\u00farbio 360, em Vista Alegre, dia 21 de outubro.<\/p>\n<p>&nbsp;<\/p>\n<p>&nbsp;<\/p>\n","protected":false},"excerpt":{"rendered":"<p>Integrando a programa\u00e7\u00e3o do Festival da Primavera, neste s\u00e1bado\u00a0(22) o Concurso Miss Sub\u00farbio Gay apresenta suas candidatas para toda comunidade do Sub\u00farbio Ferrovi\u00e1rio de Salvador. O [&hellip;]<\/p>\n","protected":false},"author":1,"featured_media":16964,"comment_status":"open","ping_status":"open","sticky":false,"template":"","format":"image","meta":{"footnotes":""},"categories":[80,25],"tags":[],"class_list":["post-16963","post","type-post","status-publish","format-image","has-post-thumbnail","hentry","category-home","category-me-transformo","post_format-post-format-image"],"_links":{"self":[{"href":"https:\/\/blogs.correio24horas.com.br\/mesalte\/wp-json\/wp\/v2\/posts\/16963","targetHints":{"allow":["GET"]}}],"collection":[{"href":"https:\/\/blogs.correio24horas.com.br\/mesalte\/wp-json\/wp\/v2\/posts"}],"about":[{"href":"https:\/\/blogs.correio24horas.com.br\/mesalte\/wp-json\/wp\/v2\/types\/post"}],"author":[{"embeddable":true,"href":"https:\/\/blogs.correio24horas.com.br\/mesalte\/wp-json\/wp\/v2\/users\/1"}],"replies":[{"embeddable":true,"href":"https:\/\/blogs.correio24horas.com.br\/mesalte\/wp-json\/wp\/v2\/comments?post=16963"}],"version-history":[{"count":2,"href":"https:\/\/blogs.correio24horas.com.br\/mesalte\/wp-json\/wp\/v2\/posts\/16963\/revisions"}],"predecessor-version":[{"id":16966,"href":"https:\/\/blogs.correio24horas.com.br\/mesalte\/wp-json\/wp\/v2\/posts\/16963\/revisions\/16966"}],"wp:featuredmedia":[{"embeddable":true,"href":"https:\/\/blogs.correio24horas.com.br\/mesalte\/wp-json\/wp\/v2\/media\/16964"}],"wp:attachment":[{"href":"https:\/\/blogs.correio24horas.com.br\/mesalte\/wp-json\/wp\/v2\/media?parent=16963"}],"wp:term":[{"taxonomy":"category","embeddable":true,"href":"https:\/\/blogs.correio24horas.com.br\/mesalte\/wp-json\/wp\/v2\/categories?post=16963"},{"taxonomy":"post_tag","embeddable":true,"href":"https:\/\/blogs.correio24horas.com.br\/mesalte\/wp-json\/wp\/v2\/tags?post=16963"}],"curies":[{"name":"wp","href":"https:\/\/api.w.org\/{rel}","templated":true}]}}