{"id":16775,"date":"2018-08-31T10:37:30","date_gmt":"2018-08-31T13:37:30","guid":{"rendered":"http:\/\/blogs.correio24horas.com.br\/mesalte\/?p=16775"},"modified":"2018-08-31T10:44:29","modified_gmt":"2018-08-31T13:44:29","slug":"forrozeiros-fazem-show-em-prol-da-instituicao-beneficente-conceicao-macedo","status":"publish","type":"post","link":"https:\/\/blogs.correio24horas.com.br\/mesalte\/forrozeiros-fazem-show-em-prol-da-instituicao-beneficente-conceicao-macedo\/","title":{"rendered":"Forrozeiros fazem show em prol da Institui\u00e7\u00e3o Beneficente Concei\u00e7\u00e3o Macedo"},"content":{"rendered":"<p>Neste s\u00e1bado (1\u00ba) acontecer\u00e1 o projeto \u201cForrozeiros Solid\u00e1rios\u201d, que reunir\u00e1 v\u00e1rios artistas do meio forrozeiro e grupos de dan\u00e7a em prol da Institui\u00e7\u00e3o Beneficente Concei\u00e7\u00e3o Macedo (IBCM), que passa por dificuldades na alimenta\u00e7\u00e3o da casa de apoio. O evento iniciar\u00e1 \u00e0s 15 horas com a abertura dos port\u00f5es e aul\u00e3o de forr\u00f3.<\/p>\n<p>A partir das 17 horas ter\u00e1 o show do cantor Genard, que j\u00e1 cantou na banda Cavaleiros do Forr\u00f3 e agora est\u00e1 em carreira solo, com participa\u00e7\u00f5es de Norberto Curvelo, Del Feliz, Zelito Miranda, Jeanne Lima, Marquinhos Cerqueira, L\u00e9o Fera, Favo de Mel, Colher de pau, Forr\u00f3 do Ral\u00e3o e a banda A Patroa. \u201cO importante disso tudo \u00e9 saber que podemos nos unir e poder ajudar a quem realmente precisa de apoio\u201d, ressalta o cantor Genard, idealizador do projeto.<\/p>\n<p>A creche (CASA VIHDA), localizada no bairro de Nazar\u00e9, \u00e9 um projeto que atende e beneficia diretamente 70 crian\u00e7as em situa\u00e7\u00e3o de risco social, \u00f3rf\u00e3s e vivendo ou convivendo com o HIV\/AIDS. Nesta Creche s\u00e3o desenvolvidas atividades comuns como a educa\u00e7\u00e3o infantil, o refor\u00e7o escolar e atividades l\u00fadico-terap\u00eauticas, mas tamb\u00e9m atividades espec\u00edficas \u00e0 condi\u00e7\u00e3o soropositiva das crian\u00e7as.<\/p>\n<p>Entre as demais encontram-se: o suporte alimentar e nutricional por meio do fornecimento de 05 refei\u00e7\u00f5es di\u00e1rias; assist\u00eancia \u00e0 sa\u00fade atrav\u00e9s da administra\u00e7\u00e3o de medicamentos anti-retrovirais (TARV) e de controle de infec\u00e7\u00f5es oportunistas (IO) prescritos pelas unidades de sa\u00fade de refer\u00eancia; e conscientiza\u00e7\u00e3o das fam\u00edlias para os cuidados de higiene e tratamento no domic\u00edlio.<\/p>\n<p>Atrav\u00e9s do Projeto Casa VIHDA, adolescentes, jovens, adultos e idosos participam de oficinas de terapia ocupacional, com devido acompanhamento de educadores\/as e agentes de redu\u00e7\u00e3o de riscos e danos, possibilitando ocupa\u00e7\u00f5es laborais para suas fam\u00edlias, al\u00e9m de resgate da auto-estima, cidadania, re-inser\u00e7\u00e3o e valoriza\u00e7\u00e3o social. As Oficinas desenvolvidas com integrantes de uma mesma fam\u00edlia s\u00e3o priorizadas colaborando para um fortalecimento dos v\u00ednculos familiares.<\/p>\n<p><strong>Servi\u00e7o<\/strong><br \/>\nForrozeiros Solid\u00e1rios<br \/>\nAtra\u00e7\u00f5es: Genard e convidados;<br \/>\nData: 01\/09 (S\u00e1bado);<br \/>\nLocal: Novo Coliseu do Forr\u00f3 (Pra\u00e7a Colombo, 80 &#8211; Rio Vermelho);<br \/>\nHor\u00e1rio: 15h;<br \/>\nEntrada: R$ 20 ou R$15 + 1kg de alimento n\u00e3o perec\u00edvel;<br \/>\nMais informa\u00e7\u00f5es: 71 99254-4340<\/p>\n","protected":false},"excerpt":{"rendered":"<p>Neste s\u00e1bado (1\u00ba) acontecer\u00e1 o projeto \u201cForrozeiros Solid\u00e1rios\u201d, que reunir\u00e1 v\u00e1rios artistas do meio forrozeiro e grupos de dan\u00e7a em prol da Institui\u00e7\u00e3o Beneficente Concei\u00e7\u00e3o Macedo [&hellip;]<\/p>\n","protected":false},"author":1,"featured_media":16776,"comment_status":"open","ping_status":"open","sticky":false,"template":"","format":"image","meta":{"footnotes":""},"categories":[80,16],"tags":[],"class_list":["post-16775","post","type-post","status-publish","format-image","has-post-thumbnail","hentry","category-home","category-me-jogo","post_format-post-format-image"],"_links":{"self":[{"href":"https:\/\/blogs.correio24horas.com.br\/mesalte\/wp-json\/wp\/v2\/posts\/16775","targetHints":{"allow":["GET"]}}],"collection":[{"href":"https:\/\/blogs.correio24horas.com.br\/mesalte\/wp-json\/wp\/v2\/posts"}],"about":[{"href":"https:\/\/blogs.correio24horas.com.br\/mesalte\/wp-json\/wp\/v2\/types\/post"}],"author":[{"embeddable":true,"href":"https:\/\/blogs.correio24horas.com.br\/mesalte\/wp-json\/wp\/v2\/users\/1"}],"replies":[{"embeddable":true,"href":"https:\/\/blogs.correio24horas.com.br\/mesalte\/wp-json\/wp\/v2\/comments?post=16775"}],"version-history":[{"count":2,"href":"https:\/\/blogs.correio24horas.com.br\/mesalte\/wp-json\/wp\/v2\/posts\/16775\/revisions"}],"predecessor-version":[{"id":16778,"href":"https:\/\/blogs.correio24horas.com.br\/mesalte\/wp-json\/wp\/v2\/posts\/16775\/revisions\/16778"}],"wp:featuredmedia":[{"embeddable":true,"href":"https:\/\/blogs.correio24horas.com.br\/mesalte\/wp-json\/wp\/v2\/media\/16776"}],"wp:attachment":[{"href":"https:\/\/blogs.correio24horas.com.br\/mesalte\/wp-json\/wp\/v2\/media?parent=16775"}],"wp:term":[{"taxonomy":"category","embeddable":true,"href":"https:\/\/blogs.correio24horas.com.br\/mesalte\/wp-json\/wp\/v2\/categories?post=16775"},{"taxonomy":"post_tag","embeddable":true,"href":"https:\/\/blogs.correio24horas.com.br\/mesalte\/wp-json\/wp\/v2\/tags?post=16775"}],"curies":[{"name":"wp","href":"https:\/\/api.w.org\/{rel}","templated":true}]}}