{"id":16764,"date":"2018-08-30T16:37:36","date_gmt":"2018-08-30T19:37:36","guid":{"rendered":"http:\/\/blogs.correio24horas.com.br\/mesalte\/?p=16764"},"modified":"2018-08-30T16:37:36","modified_gmt":"2018-08-30T19:37:36","slug":"salvador-tera-festa-trans-na-vespera-da-parada-lgbt","status":"publish","type":"post","link":"https:\/\/blogs.correio24horas.com.br\/mesalte\/salvador-tera-festa-trans-na-vespera-da-parada-lgbt\/","title":{"rendered":"Salvador ter\u00e1 festa trans na v\u00e9spera da parada LGBT"},"content":{"rendered":"<p>Vai rolar uma festa\u00a0exclusiva para travestis, crossdresser e homens simpatizantes na v\u00e9spera da Parada LGBT da Bahia em Salvador.<\/p>\n<p>A 27\u00aa edi\u00e7\u00e3o da festa trans acontecer\u00e1 no Espa\u00e7o Fox (localizado na rua das Rosas, na Pituba) no dia 8 de setembro. O agito come\u00e7ar\u00e1 \u00e0s 22h30 e ter\u00e1 como atra\u00e7\u00e3o Brunna Alves. A m\u00fasica ficar\u00e1 por conta do DJ Tico.<\/p>\n<p>Onde: Espa\u00e7o FOX, Rua das Rosas,Pituba<br \/>\nQuando: Dia 8 de setembro,\u00e0s 22h30<br \/>\nConvites antecipados R$ 30<br \/>\nInforma\u00e7\u00f5es: 71 99943 3445\/\u00a071 99632 0423 \/\u00a071 99645 5528\/\u00a071 99144 7732<\/p>\n","protected":false},"excerpt":{"rendered":"<p>Vai rolar uma festa\u00a0exclusiva para travestis, crossdresser e homens simpatizantes na v\u00e9spera da Parada LGBT da Bahia em Salvador. A 27\u00aa edi\u00e7\u00e3o da festa trans acontecer\u00e1 [&hellip;]<\/p>\n","protected":false},"author":1,"featured_media":16765,"comment_status":"open","ping_status":"open","sticky":false,"template":"","format":"image","meta":{"footnotes":""},"categories":[80,16],"tags":[],"class_list":["post-16764","post","type-post","status-publish","format-image","has-post-thumbnail","hentry","category-home","category-me-jogo","post_format-post-format-image"],"_links":{"self":[{"href":"https:\/\/blogs.correio24horas.com.br\/mesalte\/wp-json\/wp\/v2\/posts\/16764","targetHints":{"allow":["GET"]}}],"collection":[{"href":"https:\/\/blogs.correio24horas.com.br\/mesalte\/wp-json\/wp\/v2\/posts"}],"about":[{"href":"https:\/\/blogs.correio24horas.com.br\/mesalte\/wp-json\/wp\/v2\/types\/post"}],"author":[{"embeddable":true,"href":"https:\/\/blogs.correio24horas.com.br\/mesalte\/wp-json\/wp\/v2\/users\/1"}],"replies":[{"embeddable":true,"href":"https:\/\/blogs.correio24horas.com.br\/mesalte\/wp-json\/wp\/v2\/comments?post=16764"}],"version-history":[{"count":1,"href":"https:\/\/blogs.correio24horas.com.br\/mesalte\/wp-json\/wp\/v2\/posts\/16764\/revisions"}],"predecessor-version":[{"id":16766,"href":"https:\/\/blogs.correio24horas.com.br\/mesalte\/wp-json\/wp\/v2\/posts\/16764\/revisions\/16766"}],"wp:featuredmedia":[{"embeddable":true,"href":"https:\/\/blogs.correio24horas.com.br\/mesalte\/wp-json\/wp\/v2\/media\/16765"}],"wp:attachment":[{"href":"https:\/\/blogs.correio24horas.com.br\/mesalte\/wp-json\/wp\/v2\/media?parent=16764"}],"wp:term":[{"taxonomy":"category","embeddable":true,"href":"https:\/\/blogs.correio24horas.com.br\/mesalte\/wp-json\/wp\/v2\/categories?post=16764"},{"taxonomy":"post_tag","embeddable":true,"href":"https:\/\/blogs.correio24horas.com.br\/mesalte\/wp-json\/wp\/v2\/tags?post=16764"}],"curies":[{"name":"wp","href":"https:\/\/api.w.org\/{rel}","templated":true}]}}