{"id":16758,"date":"2018-08-30T15:07:21","date_gmt":"2018-08-30T18:07:21","guid":{"rendered":"http:\/\/blogs.correio24horas.com.br\/mesalte\/?p=16758"},"modified":"2018-08-30T15:07:21","modified_gmt":"2018-08-30T18:07:21","slug":"eu-sou-gay-eu-sou-lesbica-diz-ju-moraes-em-video","status":"publish","type":"post","link":"https:\/\/blogs.correio24horas.com.br\/mesalte\/eu-sou-gay-eu-sou-lesbica-diz-ju-moraes-em-video\/","title":{"rendered":"&#8216;Eu sou gay, eu sou l\u00e9sbica&#8217;, diz Ju Moraes em v\u00eddeo"},"content":{"rendered":"<p>A cantora Ju Moraes usou as redes sociais, na noite de quarta-feira (29), para afirmar publicamente pela primeira vez que \u00e9 l\u00e9sbica. A declara\u00e7\u00e3o foi dada no dia em que se celebra o Dia da Visibilidade L\u00e9sbica.\u00a0 &#8220;Resolvi de amor, falar da minha orienta\u00e7\u00e3o sexual, falar desse assunto aberta e diretamente hoje no dia da Visibilidade L\u00e9sbica! Trazer um caso feliz diante de tanta coisa louca desse mundo&#8221;, diz a artista em um post que chama para um v\u00eddeo de 8 minutos, no IGTV do Instagram, no qual ela fala mais sobre o assunto.<\/p>\n<blockquote><p>&#8220;T\u00f4 aqui pra falar pra voc\u00eas o que meus amigos j\u00e1 sabem, o que minha fam\u00edlia j\u00e1 sabe, o que meus f\u00e3s j\u00e1 sabem, o que grande parte das pessoas j\u00e1 sabe. Eu sou gay, eu sou l\u00e9sbica, eu sou homossexual, ou at\u00e9 bissexual, ningu\u00e9m sabe, n\u00e9? Quem sabe um dia? Ma s me considero l\u00e9sbica hoje&#8221;, diz a artista\u00a0de 32 anos no v\u00eddeo.<\/p><\/blockquote>\n<p>A cantora, <a href=\"https:\/\/blogs.correio24horas.com.br\/mesalte\/cantora-ju-moraes-se-casa-com-empresaria-thiciana-zaher-em-salvador\/\" target=\"_blank\">que \u00e9 casada com a empres\u00e1ria Thiciana Zaher,<\/a> falou que tomou a decis\u00e3o agora por se sentir mais confort\u00e1vel. &#8220;Hoje eu me sinto totalmente confort\u00e1vel, tranquila, serena quanto a isso, e resolvi falar com voc\u00eas abertamente sobre isso. Sou gay desde os meus 20 anos de idade, dos meus 21. Na verdade, at\u00e9 os meus 21 anos eu namorei sempre com homem, o que dificultou muito a minha rela\u00e7\u00e3o com a minha fam\u00edlia, depois que eles descobriram a minha orienta\u00e7\u00e3o&#8221;, lembrou.<\/p>\n<p>&nbsp;<\/p>\n<blockquote class=\"instagram-media\" style=\"background: #FFF; border: 0; border-radius: 3px; box-shadow: 0 0 1px 0 rgba(0,0,0,0.5),0 1px 10px 0 rgba(0,0,0,0.15); margin: 1px; max-width: 540px; min-width: 326px; padding: 0; width: calc(100% - 2px);\" data-instgrm-permalink=\"https:\/\/www.instagram.com\/p\/BnEn90Gnp2P\/?utm_source=ig_embed\" data-instgrm-version=\"9\">\n<div style=\"padding: 8px;\">\n<div style=\"background: #F8F8F8; line-height: 0; margin-top: 40px; padding: 62.5% 0; text-align: center; width: 100%;\"><\/div>\n<p style=\"color: #c9c8cd; font-family: Arial,sans-serif; font-size: 14px; line-height: 17px; margin-bottom: 0; margin-top: 8px; overflow: hidden; padding: 8px 0 7px; text-align: center; text-overflow: ellipsis; white-space: nowrap;\"><a style=\"color: #c9c8cd; font-family: Arial,sans-serif; font-size: 14px; font-style: normal; font-weight: normal; line-height: 17px; text-decoration: none;\" href=\"https:\/\/www.instagram.com\/p\/BnEn90Gnp2P\/?utm_source=ig_embed\" target=\"_blank\">Uma publica\u00e7\u00e3o compartilhada por Ju Moraes (@jumoraesoficial)<\/a> em <time style=\"font-family: Arial,sans-serif; font-size: 14px; line-height: 17px;\" datetime=\"2018-08-29T18:08:50+00:00\">29 de Ago, 2018 \u00e0s 11:08 PDT<\/time><\/p>\n<\/div>\n<\/blockquote>\n<p><script src=\"\/\/www.instagram.com\/embed.js\" async=\"\" defer=\"defer\"><\/script><\/p>\n<p>Ju Moraes relata, no v\u00eddeo, ainda que revelou a homossexualidade para fam\u00edlia h\u00e1 12 anos.\u00a0&#8220;Meu pai explanou para minha m\u00e3e e foi um grande terror dentro da minha casa, virou um grande problema dentro da minha casa, que permeou durante muitos anos a minha rela\u00e7\u00e3o com meus pais, com a minha fam\u00edlia. Mas, gra\u00e7as a Deus, eles entenderam o que \u00e9 ser homossexual para mim, entenderam o que \u00e9 conviver com uma filha gay, que eu sou normal&#8221;, falou a artista que relatou ainda que a &#8216;revela\u00e7\u00e3o&#8217; aconteceu no dia de seu anivers\u00e1rio.<\/p>\n<p>&#8220;Eu fui criada por uma fam\u00edlia heteronormativa, com princ\u00edpios at\u00e9 mesmo machistas, e que hoje me aceita, em ama, e que convive comigo da melhor foram poss\u00edvel. Eu tenho um caso feliz, muito feliz de aceita\u00e7\u00e3o. Ent\u00e3o, n\u00e3o desistam. N\u00e3o desistam do seu amor, da sua vida, da sua felicidade&#8221;, diz a artista.<\/p>\n","protected":false},"excerpt":{"rendered":"<p>A cantora Ju Moraes usou as redes sociais, na noite de quarta-feira (29), para afirmar publicamente pela primeira vez que \u00e9 l\u00e9sbica. A declara\u00e7\u00e3o foi dada [&hellip;]<\/p>\n","protected":false},"author":1,"featured_media":16761,"comment_status":"open","ping_status":"open","sticky":false,"template":"","format":"image","meta":{"footnotes":""},"categories":[28,80],"tags":[],"class_list":["post-16758","post","type-post","status-publish","format-image","has-post-thumbnail","hentry","category-farofa-digital","category-home","post_format-post-format-image"],"_links":{"self":[{"href":"https:\/\/blogs.correio24horas.com.br\/mesalte\/wp-json\/wp\/v2\/posts\/16758","targetHints":{"allow":["GET"]}}],"collection":[{"href":"https:\/\/blogs.correio24horas.com.br\/mesalte\/wp-json\/wp\/v2\/posts"}],"about":[{"href":"https:\/\/blogs.correio24horas.com.br\/mesalte\/wp-json\/wp\/v2\/types\/post"}],"author":[{"embeddable":true,"href":"https:\/\/blogs.correio24horas.com.br\/mesalte\/wp-json\/wp\/v2\/users\/1"}],"replies":[{"embeddable":true,"href":"https:\/\/blogs.correio24horas.com.br\/mesalte\/wp-json\/wp\/v2\/comments?post=16758"}],"version-history":[{"count":3,"href":"https:\/\/blogs.correio24horas.com.br\/mesalte\/wp-json\/wp\/v2\/posts\/16758\/revisions"}],"predecessor-version":[{"id":16762,"href":"https:\/\/blogs.correio24horas.com.br\/mesalte\/wp-json\/wp\/v2\/posts\/16758\/revisions\/16762"}],"wp:featuredmedia":[{"embeddable":true,"href":"https:\/\/blogs.correio24horas.com.br\/mesalte\/wp-json\/wp\/v2\/media\/16761"}],"wp:attachment":[{"href":"https:\/\/blogs.correio24horas.com.br\/mesalte\/wp-json\/wp\/v2\/media?parent=16758"}],"wp:term":[{"taxonomy":"category","embeddable":true,"href":"https:\/\/blogs.correio24horas.com.br\/mesalte\/wp-json\/wp\/v2\/categories?post=16758"},{"taxonomy":"post_tag","embeddable":true,"href":"https:\/\/blogs.correio24horas.com.br\/mesalte\/wp-json\/wp\/v2\/tags?post=16758"}],"curies":[{"name":"wp","href":"https:\/\/api.w.org\/{rel}","templated":true}]}}