{"id":16741,"date":"2018-08-28T15:35:11","date_gmt":"2018-08-28T18:35:11","guid":{"rendered":"http:\/\/blogs.correio24horas.com.br\/mesalte\/?p=16741"},"modified":"2018-08-29T22:06:37","modified_gmt":"2018-08-30T01:06:37","slug":"veja-foto-de-como-sera-a-campanha-de-divulgacao-da-parada-lgbt-da-bahia","status":"publish","type":"post","link":"https:\/\/blogs.correio24horas.com.br\/mesalte\/veja-foto-de-como-sera-a-campanha-de-divulgacao-da-parada-lgbt-da-bahia\/","title":{"rendered":"Veja foto de como ser\u00e1 a campanha de divulga\u00e7\u00e3o da parada LGBT da Bahia"},"content":{"rendered":"<p class=\"x_MsoNormal\">A\u00a017\u00aa edi\u00e7\u00e3o da\u00a0<span id=\"0.44838476622687273\" class=\"highlight\">Parada<\/span>\u00a0do Orgulho LGBT da Bahia, que\u00a0ser\u00e1 realizada dia 9 de setembro, a partir das 9h, no centro de Salvador, traz como tema deste ano o &#8216;Abra\u00e7o \u00e0\u00a0Diversidade&#8217;.\u00a0O evento convida todos que desejem doar o seu abra\u00e7o. \u201cA ideia \u00e9 fazer do cal\u00e7ad\u00e3o da pra\u00e7a do Campo Grande um formid\u00e1vel abra\u00e7\u00f3domo\u201d, declara Marcelo Cerqueira, presidente do GGB.<\/p>\n<p class=\"x_MsoNormal\">Nesta segunda-feira (27) foram produzidas as fotos que ir\u00e3o ilustrar os outdoors da cidade. A campanha, produzida pela ag\u00eancia Propeg, foi fotografada por\u00a0Saulo Kainuma. A campanha tem pessoas LGBTs como personagens.\u00a0 Foram modelos da campanha:\u00a0L\u00e9s Keithy Mirela, Monica Cidreira,\u00a0\u00a0Genilson Coutinho, Robsom Cerqueira (da Institui\u00e7\u00e3o Beneficente Concei\u00e7\u00e3o Macedo), Lua Peixoto, Jadson Pereira Santos,\u00a0Millena Passos al\u00e9m de Paulette Furac\u00e3o (foto abaixo). Veja abaixo a primeira imagem, que foi divulgada ao Me Salte com exclusividade.<\/p>\n<p class=\"x_MsoNormal\"><img loading=\"lazy\" decoding=\"async\" class=\"aligncenter size-large wp-image-16742\" src=\"https:\/\/blogs.correio24h.com.br\/mesalte\/wp-content\/uploads\/2018\/08\/paulett-1024x341.jpg\" alt=\"paulett\" width=\"1024\" height=\"341\" srcset=\"https:\/\/blogs.correio24h.com.br\/mesalte\/wp-content\/uploads\/2018\/08\/paulett-1024x341.jpg 1024w, https:\/\/blogs.correio24h.com.br\/mesalte\/wp-content\/uploads\/2018\/08\/paulett-300x100.jpg 300w, https:\/\/blogs.correio24h.com.br\/mesalte\/wp-content\/uploads\/2018\/08\/paulett-768x256.jpg 768w, https:\/\/blogs.correio24h.com.br\/mesalte\/wp-content\/uploads\/2018\/08\/paulett-260x87.jpg 260w, https:\/\/blogs.correio24h.com.br\/mesalte\/wp-content\/uploads\/2018\/08\/paulett-50x17.jpg 50w, https:\/\/blogs.correio24h.com.br\/mesalte\/wp-content\/uploads\/2018\/08\/paulett-150x50.jpg 150w, https:\/\/blogs.correio24h.com.br\/mesalte\/wp-content\/uploads\/2018\/08\/paulett.jpg 1280w\" sizes=\"auto, (max-width: 1024px) 100vw, 1024px\" \/><\/p>\n<p class=\"x_MsoNormal\">Entre as atividades programadas para o evento, est\u00e3o previstos shows de transformistas e bandas musicais no palco \u2018Abra\u00e7o \u00e0 Diversidade\u2019, na pra\u00e7a do Campo Grande, das 11h \u00e0s 21h30, e desfile de trios el\u00e9tricos das 15h \u00e0s 20h. Tamb\u00e9m haver\u00e1 a entrega do trof\u00e9u do GGB: \u201cHonra\u00a0ao\u00a0M\u00e9rito\u00a0da\u00a0Diversidad<wbr \/>e\u00a0Cultural\u00a0LGBT\u201d, no Foyer do Teatro Castro Alves, \u00e0s 12h.<\/p>\n<p class=\"x_MsoNormal\">Este ano, o evento ter\u00e1 como padrinho Fernando Guerreiro, diretor teatral e presidente da Funda\u00e7\u00e3o Greg\u00f3rio de Matos,\u00a0e\u00a0madrinha\u00a0Julieta Palmeira, secretaria Estadual de Pol\u00edticas para as Mulheres.<\/p>\n<p class=\"x_MsoNormal\">O evento vai promover a testagem sorol\u00f3gica para detec\u00e7\u00e3o do HIV\/Aids, s\u00edfilis e hepatites virais, al\u00e9m da distribui\u00e7\u00e3o de 20 mil preservativos.<\/p>\n<p class=\"x_MsoNormal\">Tamb\u00e9m ser\u00e1 reciclado todo material pl\u00e1stico descartado durante o evento, que ser\u00e1 transformado em bolsas, porta l\u00e1pis e mochilas, distribu\u00eddos aos alunos das escolas municipais.<\/p>\n<p class=\"x_MsoNormal\"><b><\/b>Com dificuldade em conseguir patroc\u00ednio de todos os setores, \u00f3rg\u00e3os p\u00fablicos e empresas privadas, o GGB lan\u00e7ou uma \u201cvaquinha\u201d online para arrecadar fundos para realiza\u00e7\u00e3o das atividades operacionais da 17\u00aa\u00a0<span id=\"0.1321661265244778\" class=\"highlight\">Parada<\/span>\u00a0do Orgulho LGBT da Bahia. Para contribuir basta acessar este link:\u00a0<a href=\"https:\/\/www.vakinha.com.br\/vaquinha\/17-parada-do-orgulho-lgbt-da-bahia-abraco-a-diversidade\" target=\"_blank\" rel=\"noopener noreferrer\" data-auth=\"NotApplicable\">https:\/\/www.vakinha.com.<wbr \/>br\/vaquinha\/17-<span id=\"0.7008674272474382\" class=\"highlight\">parada<\/span>-do-orgul<wbr \/>ho-lgbt-da-bahia-abraco-a-<wbr \/>diversidade<\/a>.<\/p>\n<p class=\"x_MsoNormal\">A realiza\u00e7\u00e3o da 17\u00aa\u00a0<span id=\"0.5178097427723527\" class=\"highlight\">Parada<\/span>\u00a0do Orgulho LGBT da Bahia \u00e9 do Grupo Gay da Bahia (GGB), Quimbanda e CBAA, com apoio da\u00a0Secretaria de Cultura, Secretaria de Justi\u00e7a, Direitos Humanos e Desenvolvimento Social (SJDHDS), Secretaria de Turismo e Superintend\u00eancia de Fomento ao Turismo do Estado da Bahia (Bahiatursa), Prefeitura Municipal da Cidade do Salvador, Uber e Dois Ter\u00e7os.<\/p>\n","protected":false},"excerpt":{"rendered":"<p>A\u00a017\u00aa edi\u00e7\u00e3o da\u00a0Parada\u00a0do Orgulho LGBT da Bahia, que\u00a0ser\u00e1 realizada dia 9 de setembro, a partir das 9h, no centro de Salvador, traz como tema deste ano [&hellip;]<\/p>\n","protected":false},"author":1,"featured_media":0,"comment_status":"open","ping_status":"open","sticky":false,"template":"","format":"image","meta":{"footnotes":""},"categories":[80,9],"tags":[],"class_list":["post-16741","post","type-post","status-publish","format-image","hentry","category-home","category-me-orgulho","post_format-post-format-image"],"_links":{"self":[{"href":"https:\/\/blogs.correio24horas.com.br\/mesalte\/wp-json\/wp\/v2\/posts\/16741","targetHints":{"allow":["GET"]}}],"collection":[{"href":"https:\/\/blogs.correio24horas.com.br\/mesalte\/wp-json\/wp\/v2\/posts"}],"about":[{"href":"https:\/\/blogs.correio24horas.com.br\/mesalte\/wp-json\/wp\/v2\/types\/post"}],"author":[{"embeddable":true,"href":"https:\/\/blogs.correio24horas.com.br\/mesalte\/wp-json\/wp\/v2\/users\/1"}],"replies":[{"embeddable":true,"href":"https:\/\/blogs.correio24horas.com.br\/mesalte\/wp-json\/wp\/v2\/comments?post=16741"}],"version-history":[{"count":3,"href":"https:\/\/blogs.correio24horas.com.br\/mesalte\/wp-json\/wp\/v2\/posts\/16741\/revisions"}],"predecessor-version":[{"id":16757,"href":"https:\/\/blogs.correio24horas.com.br\/mesalte\/wp-json\/wp\/v2\/posts\/16741\/revisions\/16757"}],"wp:attachment":[{"href":"https:\/\/blogs.correio24horas.com.br\/mesalte\/wp-json\/wp\/v2\/media?parent=16741"}],"wp:term":[{"taxonomy":"category","embeddable":true,"href":"https:\/\/blogs.correio24horas.com.br\/mesalte\/wp-json\/wp\/v2\/categories?post=16741"},{"taxonomy":"post_tag","embeddable":true,"href":"https:\/\/blogs.correio24horas.com.br\/mesalte\/wp-json\/wp\/v2\/tags?post=16741"}],"curies":[{"name":"wp","href":"https:\/\/api.w.org\/{rel}","templated":true}]}}