{"id":16739,"date":"2018-08-28T12:53:23","date_gmt":"2018-08-28T15:53:23","guid":{"rendered":"http:\/\/blogs.correio24horas.com.br\/mesalte\/?p=16739"},"modified":"2018-08-28T12:54:32","modified_gmt":"2018-08-28T15:54:32","slug":"shopping-da-bahia-sedia-semana-lgbtq-veja-programacao","status":"publish","type":"post","link":"https:\/\/blogs.correio24horas.com.br\/mesalte\/shopping-da-bahia-sedia-semana-lgbtq-veja-programacao\/","title":{"rendered":"Shopping da Bahia sedia Semana LGBTQ+; veja programa\u00e7\u00e3o"},"content":{"rendered":"<p>Entre os dias 28 e 31 de agosto, acontece a primeira edi\u00e7\u00e3o da Semana LGBTQ+ do Shopping da Bahia.\u00a0Numa parceria com o site Dois Ter\u00e7os, a a\u00e7\u00e3o ter\u00e1 ciclos de palestras, desfile de moda, comunica\u00e7\u00e3o no mall e a\u00e7\u00f5es de impacto para dar visibilidade e apoio a popula\u00e7\u00e3o LGBTQ+ na Bahia.<\/p>\n<p>O evento \u00e9 gratuito e aberto ao p\u00fablico e vai tratar de temas como a descoberta de um filho LGBTQ+, a pol\u00edtica brasileira de preven\u00e7\u00e3o ao HIV, ado\u00e7\u00e3o por casais LGBTQ+ e o mercado de trabalho para as pessoas transexuais.<\/p>\n<p>A programa\u00e7\u00e3o contar\u00e1 com bate-papos e palestras acontecer\u00e3o na Pra\u00e7a Divaldo Franco, 2\u00ba piso, com atividades fixas \u00e0s 14h, 16h, 18h e 20h, sempre de forma gratuita e reunindo palestrantes e ativistas em suas \u00e1reas de atua\u00e7\u00e3o.<\/p>\n<p><strong>Confira programa\u00e7\u00e3o completa abaixo:<br \/>\nPROGRAMA\u00c7\u00c3O<\/strong><\/p>\n<p>DIA 28 (ter\u00e7a-feira)<\/p>\n<p>14h \u2013 Comiss\u00e3o da diversidade da OAB Bahia &#8211; Gustavo Miranda Coutinho<\/p>\n<p>15h \u2013 Sexualidade gay\/l\u00e9sbica adolescente em Salvador<\/p>\n<p>&#8211; Caio Cerqueira \u2013 Escritor, Mestre , doutorando \u2013 Professor do Instituto Federal do Rio Grande do Sul<\/p>\n<p>&#8211; Pessoas LGBTQ com defici\u00eancias \u2013 Alon Mauricio \u2013 Psic\u00f3logo e int\u00e9rprete de Libras \u2013 UFBA<\/p>\n<p>16h \u2013&#8221;Ado\u00e7\u00e3o por casais LGBT&#8221; &#8211; Denise Ferreira<\/p>\n<p>18h \u2013 Desfile de Jorge Andrade<\/p>\n<p>DIA 29 (quarta-feira)<\/p>\n<p>14h \u2013 Os n\u00fameros da AIDS e as formas de preven\u00e7\u00e3o em Salvador \u2013 Secretaria Municipal de Sa\u00fade \u2013 Helena Lima<\/p>\n<p>15h \u2013 Os LGBTQ+ e o Mercado de Trabalho \u2013 Milena Passos Secretaria pol\u00edtica das Mulheres<\/p>\n<p>16h \u2013 Transfobia e Den\u00fancia &#8211; Paulett Furac\u00e3o Educadora Social \u2013 Integrante do F\u00f3rum Estadual de Politicas Publicas para popula\u00e7\u00e3o transg\u00eanero<\/p>\n<p>17h \u2013 O Mercado e desafios para os empreendedores LGBTQ no Mercado<\/p>\n<p>&#8211; Stylos Acess\u00f3rios \u2013 Fabio Almeida<\/p>\n<p>&#8211; Luiz Ramon Abdon &#8211; Blog Aud\u00e1cia Baiana<\/p>\n<p>&#8211; Paulo Senna &#8211; Boys Excluive Colletions<\/p>\n<p>19h \u2013 A descoberta de um filho LGBTQ+: Como lidar com essa descoberta &#8211; Fam\u00edlias Pela Diversidade<\/p>\n<p>DIA 30 (quinta-feira)<\/p>\n<p>14h \u2013 PeP e PreP &#8211; HIV\/AIDS \u2013 CEDAP Miralba Freire de C. Ribeiro da Silva \/ Agnaldo Junior<\/p>\n<p>16h \u2013 Mulheres l\u00e9sbicas e suas lutas \u2013 B\u00e1rbara Alves \u2013 Raissa Alves Gira<\/p>\n<p>17h \u2013 LGBTQ e Ativismo em Redes \u2013 Beth Dantas<\/p>\n<p>19h \u2013 Os LGBTQ e a M\u00eddia \u2013 Tedson Souza \u2013 Jornalista e Mestre e doutorando em Antropologia<\/p>\n<p>DIA 31 (sexta-feira)<\/p>\n<p>14h \u2013 Reconhecimento das novas forma\u00e7\u00f5es familiares no ponto legal &#8211; Doutora Lize Borges Galv\u00e3o<\/p>\n<p>15h \u2013 Relatos de Experi\u00eancias: GAPA Bahia e IBCM<\/p>\n<p>17h \u2013 &#8220;Ideologia de G\u00eanero&#8221; Elder Luan \u2013 UFBA<\/p>\n<p>18h \u2013 Desfile e encerramento com Rainha Loulou<\/p>\n","protected":false},"excerpt":{"rendered":"<p>Entre os dias 28 e 31 de agosto, acontece a primeira edi\u00e7\u00e3o da Semana LGBTQ+ do Shopping da Bahia.\u00a0Numa parceria com o site Dois Ter\u00e7os, a [&hellip;]<\/p>\n","protected":false},"author":1,"featured_media":0,"comment_status":"open","ping_status":"open","sticky":false,"template":"","format":"image","meta":{"footnotes":""},"categories":[80,11],"tags":[],"class_list":["post-16739","post","type-post","status-publish","format-image","hentry","category-home","category-me-informo","post_format-post-format-image"],"_links":{"self":[{"href":"https:\/\/blogs.correio24horas.com.br\/mesalte\/wp-json\/wp\/v2\/posts\/16739","targetHints":{"allow":["GET"]}}],"collection":[{"href":"https:\/\/blogs.correio24horas.com.br\/mesalte\/wp-json\/wp\/v2\/posts"}],"about":[{"href":"https:\/\/blogs.correio24horas.com.br\/mesalte\/wp-json\/wp\/v2\/types\/post"}],"author":[{"embeddable":true,"href":"https:\/\/blogs.correio24horas.com.br\/mesalte\/wp-json\/wp\/v2\/users\/1"}],"replies":[{"embeddable":true,"href":"https:\/\/blogs.correio24horas.com.br\/mesalte\/wp-json\/wp\/v2\/comments?post=16739"}],"version-history":[{"count":1,"href":"https:\/\/blogs.correio24horas.com.br\/mesalte\/wp-json\/wp\/v2\/posts\/16739\/revisions"}],"predecessor-version":[{"id":16740,"href":"https:\/\/blogs.correio24horas.com.br\/mesalte\/wp-json\/wp\/v2\/posts\/16739\/revisions\/16740"}],"wp:attachment":[{"href":"https:\/\/blogs.correio24horas.com.br\/mesalte\/wp-json\/wp\/v2\/media?parent=16739"}],"wp:term":[{"taxonomy":"category","embeddable":true,"href":"https:\/\/blogs.correio24horas.com.br\/mesalte\/wp-json\/wp\/v2\/categories?post=16739"},{"taxonomy":"post_tag","embeddable":true,"href":"https:\/\/blogs.correio24horas.com.br\/mesalte\/wp-json\/wp\/v2\/tags?post=16739"}],"curies":[{"name":"wp","href":"https:\/\/api.w.org\/{rel}","templated":true}]}}