{"id":16737,"date":"2018-08-28T12:19:06","date_gmt":"2018-08-28T15:19:06","guid":{"rendered":"http:\/\/blogs.correio24horas.com.br\/mesalte\/?p=16737"},"modified":"2018-09-01T18:57:31","modified_gmt":"2018-09-01T21:57:31","slug":"yuke-pabllo-vittar-fara-dublagem-de-desenho-animado-sobre-drags-na-netflix","status":"publish","type":"post","link":"https:\/\/blogs.correio24horas.com.br\/mesalte\/yuke-pabllo-vittar-fara-dublagem-de-desenho-animado-sobre-drags-na-netflix\/","title":{"rendered":"Yuk\u00ea!!!! Pabllo Vittar far\u00e1 dublagem de desenho animado sobre drags na Netflix"},"content":{"rendered":"<p>Pabllo Vittar ser\u00e1 vista em breve desempenhando uma fun\u00e7\u00e3o inesperada. A cantora dublou uma das protagonistas da anima\u00e7\u00e3o Super Drags, que a Netflix estrear\u00e1 em novembro.<\/p>\n<p>Como o pr\u00f3prio nome sugere, o desenho mostrar\u00e1 drag queens hero\u00ednas. Pabllo j\u00e1 colocou a voz em todos os seis epis\u00f3dios. A atra\u00e7\u00e3o contar\u00e1 ainda com nomes como Silvetty Montilla, \u00edcone da noite paulistana, e o ator Rapha Velez. Super Drags \u00e9 a primeira anima\u00e7\u00e3o brasileira produzida pela gigante do streaming.<\/p>\n<p>A s\u00e9rie de cinco epis\u00f3dios que deve estrear no segundo semestre de 2018 traz as aventuras de Patrick, Donny e Ramon, tr\u00eas jovens que, de dia, trabalham em uma loja de departamento e t\u00eam uma vida comum. Por\u00e9m, \u00e0 noite, eles liberam suas divas internas e se transformam em Lemon Chiffon, Safira Cian e Scarlet Carmesim, tr\u00eas fabulosas Super Drags que foram recrutadas para reunir a comunidade LGBT como super-hero\u00ednas.<\/p>\n<p class=\"bodytext\"><strong>A anima\u00e7\u00e3o \u00e9 pop<\/strong><br \/>\nOutra artista pop brasileira que est\u00e1 estrelando um desenho \u00e9 Anitta, que estreia a primeira temporada do\u00a0<strong><a href=\"https:\/\/www.correio24horas.com.br\/noticia\/nid\/anitta-vira-personagem-infantil-no-desenho-animado-clube-da-anittinha\/\" target=\"_blank\">Clube da Anittinha na semana do Dia das Crian\u00e7as<\/a><\/strong>. A produ\u00e7\u00e3o, em parecia como\u00a0os canais infantis Gloob e Gloobinho, tem dez epis\u00f3dios e conta a hist\u00f3ria da cantora, com v\u00e1rios personagens inspirados em sua m\u00e3e, pai, irm\u00e3o, amigos, al\u00e9m de seus animais de estima\u00e7\u00e3o.<\/p>\n<table class=\"table\">\n<tbody>\n<tr>\n<td>\n<p class=\"bodytext\"><img decoding=\"async\" src=\"https:\/\/correio-cdn2.cworks.cloud\/fileadmin\/user_upload\/correio24horas\/2018\/08\/03\/anitta1.jpg\" alt=\"\" \/><\/p>\n<\/td>\n<\/tr>\n<tr>\n<td class=\"text-center\">(Foto: Divulga\u00e7\u00e3o)<\/td>\n<\/tr>\n<\/tbody>\n<\/table>\n","protected":false},"excerpt":{"rendered":"<p>Pabllo Vittar ser\u00e1 vista em breve desempenhando uma fun\u00e7\u00e3o inesperada. A cantora dublou uma das protagonistas da anima\u00e7\u00e3o Super Drags, que a Netflix estrear\u00e1 em novembro. [&hellip;]<\/p>\n","protected":false},"author":1,"featured_media":15617,"comment_status":"open","ping_status":"open","sticky":false,"template":"","format":"image","meta":{"footnotes":""},"categories":[80,26],"tags":[],"class_list":["post-16737","post","type-post","status-publish","format-image","has-post-thumbnail","hentry","category-home","category-me-inspiro","post_format-post-format-image"],"_links":{"self":[{"href":"https:\/\/blogs.correio24horas.com.br\/mesalte\/wp-json\/wp\/v2\/posts\/16737","targetHints":{"allow":["GET"]}}],"collection":[{"href":"https:\/\/blogs.correio24horas.com.br\/mesalte\/wp-json\/wp\/v2\/posts"}],"about":[{"href":"https:\/\/blogs.correio24horas.com.br\/mesalte\/wp-json\/wp\/v2\/types\/post"}],"author":[{"embeddable":true,"href":"https:\/\/blogs.correio24horas.com.br\/mesalte\/wp-json\/wp\/v2\/users\/1"}],"replies":[{"embeddable":true,"href":"https:\/\/blogs.correio24horas.com.br\/mesalte\/wp-json\/wp\/v2\/comments?post=16737"}],"version-history":[{"count":2,"href":"https:\/\/blogs.correio24horas.com.br\/mesalte\/wp-json\/wp\/v2\/posts\/16737\/revisions"}],"predecessor-version":[{"id":16781,"href":"https:\/\/blogs.correio24horas.com.br\/mesalte\/wp-json\/wp\/v2\/posts\/16737\/revisions\/16781"}],"wp:featuredmedia":[{"embeddable":true,"href":"https:\/\/blogs.correio24horas.com.br\/mesalte\/wp-json\/wp\/v2\/media\/15617"}],"wp:attachment":[{"href":"https:\/\/blogs.correio24horas.com.br\/mesalte\/wp-json\/wp\/v2\/media?parent=16737"}],"wp:term":[{"taxonomy":"category","embeddable":true,"href":"https:\/\/blogs.correio24horas.com.br\/mesalte\/wp-json\/wp\/v2\/categories?post=16737"},{"taxonomy":"post_tag","embeddable":true,"href":"https:\/\/blogs.correio24horas.com.br\/mesalte\/wp-json\/wp\/v2\/tags?post=16737"}],"curies":[{"name":"wp","href":"https:\/\/api.w.org\/{rel}","templated":true}]}}