{"id":16735,"date":"2018-08-28T08:29:21","date_gmt":"2018-08-28T11:29:21","guid":{"rendered":"http:\/\/blogs.correio24horas.com.br\/mesalte\/?p=16735"},"modified":"2018-08-28T08:29:34","modified_gmt":"2018-08-28T11:29:34","slug":"ministro-suspende-proibicao-do-ensino-sobre-sexualidade-em-palmas","status":"publish","type":"post","link":"https:\/\/blogs.correio24horas.com.br\/mesalte\/ministro-suspende-proibicao-do-ensino-sobre-sexualidade-em-palmas\/","title":{"rendered":"Ministro suspende proibi\u00e7\u00e3o do ensino sobre sexualidade em Palmas"},"content":{"rendered":"<p>O ministro Lu\u00eds Roberto Barroso, do Supremo Tribunal Federal (STF), suspendeu os efeitos do artigo 1\u00ba de uma lei municipal de Palmas (TO) que vetava o ensino sobre g\u00eanero e sexualidade nas escolas p\u00fablicas municipais. A medida \u00e9 liminar (provis\u00f3ria) e deve ser ainda discutida pelo plen\u00e1rio do STF.<\/p>\n<p>O ministro lembrou que a lei local conflita com a Lei 9.394\/1996 (Lei de Diretrizes e Bases de Educa\u00e7\u00e3o), editada pela Uni\u00e3o, \u201cque prev\u00ea o respeito \u00e0 liberdade, o apre\u00e7o \u00e0 toler\u00e2ncia e a vincula\u00e7\u00e3o entre educa\u00e7\u00e3o e pr\u00e1ticas sociais\u201d.<\/p>\n<p>A a\u00e7\u00e3o foi proposta pela Procuradoria-Geral da Rep\u00fablica que alegou que a decis\u00e3o contrariava a Constitui\u00e7\u00e3o Federal e colaborava com a cultura de viol\u00eancia contra a parcela da popula\u00e7\u00e3o LGBT- L\u00e9sbicas, Gays, Bissexuais, Travestis, Transexuais ou Transg\u00eaneros.<\/p>\n<p>Para Barroso, h\u00e1 uma rela\u00e7\u00e3o de causa e efeito entre a exposi\u00e7\u00e3o dos alunos aos mais diversos conte\u00fados e a aptid\u00e3o da educa\u00e7\u00e3o para promover o seu pleno desenvolvimento.<\/p>\n<blockquote><p>\u201cQuanto maior \u00e9 o contato do aluno com vis\u00f5es de mundo diferentes, mais amplo tende a ser o universo de ideias a partir do qual pode desenvolver uma vis\u00e3o cr\u00edtica, e mais confort\u00e1vel tende a ser o tr\u00e2nsito em ambientes diferentes dos seus\u201d, observou o ministro.<\/p><\/blockquote>\n<p>Em 2016, a prefeitura de Palmas vetou o uso de material did\u00e1tico, no ensino municipal, que mencionava diversidade sexual. Na \u00e9poca, o Minist\u00e9rio da Educa\u00e7\u00e3o havia disponibilizado livros did\u00e1ticos que incentivavam o uso de preservativos, debates sobre ideologia de g\u00eanero e uni\u00e3o entre pessoas do mesmo sexo.<\/p>\n<p><em>Por Ag\u00eancia Brasil\u00a0<\/em><\/p>\n","protected":false},"excerpt":{"rendered":"<p>O ministro Lu\u00eds Roberto Barroso, do Supremo Tribunal Federal (STF), suspendeu os efeitos do artigo 1\u00ba de uma lei municipal de Palmas (TO) que vetava o [&hellip;]<\/p>\n","protected":false},"author":2,"featured_media":0,"comment_status":"open","ping_status":"open","sticky":false,"template":"","format":"image","meta":{"footnotes":""},"categories":[80,11],"tags":[],"class_list":["post-16735","post","type-post","status-publish","format-image","hentry","category-home","category-me-informo","post_format-post-format-image"],"_links":{"self":[{"href":"https:\/\/blogs.correio24horas.com.br\/mesalte\/wp-json\/wp\/v2\/posts\/16735","targetHints":{"allow":["GET"]}}],"collection":[{"href":"https:\/\/blogs.correio24horas.com.br\/mesalte\/wp-json\/wp\/v2\/posts"}],"about":[{"href":"https:\/\/blogs.correio24horas.com.br\/mesalte\/wp-json\/wp\/v2\/types\/post"}],"author":[{"embeddable":true,"href":"https:\/\/blogs.correio24horas.com.br\/mesalte\/wp-json\/wp\/v2\/users\/2"}],"replies":[{"embeddable":true,"href":"https:\/\/blogs.correio24horas.com.br\/mesalte\/wp-json\/wp\/v2\/comments?post=16735"}],"version-history":[{"count":1,"href":"https:\/\/blogs.correio24horas.com.br\/mesalte\/wp-json\/wp\/v2\/posts\/16735\/revisions"}],"predecessor-version":[{"id":16736,"href":"https:\/\/blogs.correio24horas.com.br\/mesalte\/wp-json\/wp\/v2\/posts\/16735\/revisions\/16736"}],"wp:attachment":[{"href":"https:\/\/blogs.correio24horas.com.br\/mesalte\/wp-json\/wp\/v2\/media?parent=16735"}],"wp:term":[{"taxonomy":"category","embeddable":true,"href":"https:\/\/blogs.correio24horas.com.br\/mesalte\/wp-json\/wp\/v2\/categories?post=16735"},{"taxonomy":"post_tag","embeddable":true,"href":"https:\/\/blogs.correio24horas.com.br\/mesalte\/wp-json\/wp\/v2\/tags?post=16735"}],"curies":[{"name":"wp","href":"https:\/\/api.w.org\/{rel}","templated":true}]}}