{"id":16731,"date":"2018-08-28T07:35:05","date_gmt":"2018-08-28T10:35:05","guid":{"rendered":"http:\/\/blogs.correio24horas.com.br\/mesalte\/?p=16731"},"modified":"2018-08-28T07:35:05","modified_gmt":"2018-08-28T10:35:05","slug":"gilmelandia-comandara-trio-da-uber-na-parada-do-orgulho-lgbt-da-bahia","status":"publish","type":"post","link":"https:\/\/blogs.correio24horas.com.br\/mesalte\/gilmelandia-comandara-trio-da-uber-na-parada-do-orgulho-lgbt-da-bahia\/","title":{"rendered":"Gilmel\u00e2ndia comandar\u00e1 trio da Uber na parada do Orgulho LGBT da Bahia"},"content":{"rendered":"<p>A cantora Gilmel\u00e2ndia ser\u00e1 a grande estrela do trio da Uber na 17\u00aa\u00a0Parada do Orgulho LGBT da Bahia, que acontecer\u00e1 no dia 9 de setembro no Centro de Salvador. A informa\u00e7\u00e3o foi confirmada com exclusividade ao Me Salte. Al\u00e9m do trio el\u00e9trico o aplicativo de mobilidade tamb\u00e9m ter\u00e1 DJs no trio.<\/p>\n<p>Mas as a\u00e7\u00f5es do app em prol da diversidade ir\u00e3o al\u00e9m. O aplicativo de mobilidade tamb\u00e9m celebrar\u00e1 a diversidade usando rainbow routes &#8212; at\u00e9 o dia do evento, vai colorir com as cores do arco-\u00edris todos os seus trajetos de viagens de Uber na cidade.<\/p>\n<p>Mensagens de apoio \u00e0 diversidade e inclus\u00e3o tamb\u00e9m estar\u00e3o circulando pelo aplicativo da Uber, atrav\u00e9s de p\u00edlulas de informa\u00e7\u00e3o enviadas pelo pr\u00f3prio app. Esses conte\u00fados foram definidos a partir da campanha digital Vamos Juntos, que come\u00e7ou a ser veiculada nas redes sociais, no final de maio, e est\u00e1 na sua terceira fase, com um v\u00eddeo dos YouTubers Pedro HMC (P\u00f5e na Roda) e J\u00e9ssica (Canal das Bee), veja aqui.<\/p>\n<p>Elaborada a partir do debate entre ativistas LGBTQ+ e funcion\u00e1rios da Uber que se voluntariam em projetos internos para tornar a empresa ainda mais diversa e inclusiva, a campanha incentiva o orgulho, o respeito, a representatividade e a inclus\u00e3o da comunidade LGBTQ+.<\/p>\n<p>Al\u00e9m de Salvador, a Uber vem patrocinando mais 14 Paradas do Orgulho LGBTQ+ que come\u00e7aram a ser realizadas em junho e que v\u00e3o at\u00e9 novembro, em todas as regi\u00f5es do Brasil. A empresa tamb\u00e9m patrocinou a 22\u00aa Parada do Orgulho e a Marcha Trans em S\u00e3o Paulo, somando assim um total de 16 paradas apoiadas.<\/p>\n<p>A Uber \u00e9 signat\u00e1ria do F\u00f3rum de Empresas e Direitos LGBT, aderindo aos 10 Compromissos para promover os Direitos LGBT. \u00c9 parte tamb\u00e9m do grupo de empresas que aderiram aos Padr\u00f5es de Conduta para Empresas no enfrentamento \u00e0 discrimina\u00e7\u00e3o contra pessoas LGBTI.<\/p>\n<p>Foi eleita pela empresa de recrutamento on line Glassdoor como como a empresa n\u00famero 1, num ranking de 20, a colocar pr\u00e1ticas de contrata\u00e7\u00e3o realmente igualit\u00e1rias para pessoas LGBTQ+.<\/p>\n<p>Em\u00a01\u00ba junho, recebeu da Associa\u00e7\u00e3o da Parada do Orgulho LGBT de S\u00e3o Paulo (APOGLBT) o 18\u00aa Pr\u00eamio Cidadania e Respeito \u00e0 Diversidade na categoria Trabalho, pelo apoio \u00e0 diversidade na contrata\u00e7\u00e3o de pessoas transg\u00eanero.<\/p>\n<p>Nos \u00faltimos dois anos a empresa recebeu nota 100 do HRC\u2019s Corporate Equality Index (CEI), nos Estados Unidos e na Am\u00e9rica Latina.<\/p>\n<p>Tem Programa de inclus\u00e3o para pessoas transg\u00eanero dirigirem na plataforma. A Uber aceita nome social, sem a necessidade do(a) parceiro(a) ter completado o processo para a mudan\u00e7a do que est\u00e1 registrado em seus documentos.<\/p>\n<p>Tem parceria com locadoras de ve\u00edculos para dar suporte \u00e0s pessoas transg\u00eanero que queiram dirigir na plataforma.<\/p>\n<p>Tem parceria em iniciativas com a ONG Amo Trans, que acolhe pessoas transg\u00eanero em situa\u00e7\u00e3o de vulnerabilidade.<\/p>\n<p>Faz a\u00e7\u00f5es de conscientiza\u00e7\u00e3o para motoristas parceiros. Ano passado, distribuiu 50 mil cartilhas propondo um c\u00f3digo de conduta baseado no respeito. Este est\u00e1 distribuindo 100 mil. Pelo aplicativo, continua veiculando para os 500 mil motoristas ativos e 20 milh\u00f5es de usu\u00e1rios p\u00edlulas de informa\u00e7\u00e3o que t\u00eam esse mesmo prop\u00f3sito: incentivar o respeito \u00e0 diversidade.<\/p>\n<p>Est\u00e1 patrocinando outras Paradas do Orgulho em S\u00e3o Paulo, Belo Horizonte, Goi\u00e2nia, Fortaleza, Recife, Salvador, Bras\u00edlia, Curitiba, Florian\u00f3polis, Porto Alegre e Rio de Janeiro.<\/p>\n<p>No Carnaval de 2018, veiculou nas redes sociais campanha contra o ass\u00e9dio e a discrimina\u00e7\u00e3o, com distribui\u00e7\u00e3o de material educativo para os 500 mil motoristas parceiros ativos no pa\u00eds.<\/p>\n<p>No final de maio, come\u00e7ou a veicular nas redes sociais a campanha #VamosJuntos, baseada em um grande debate com representantes LGBTQ+, incentivando a uni\u00e3o pelas diferen\u00e7as e uma conversa aberta sobre representatividade, respeito e inclus\u00e3o. A campanha est\u00e1 agora no seu segundo ciclo, com um clipe de Pabllo Vittar fazendo um recap da parada de S\u00e3o Paulo. Veja aqui.<\/p>\n","protected":false},"excerpt":{"rendered":"<p>A cantora Gilmel\u00e2ndia ser\u00e1 a grande estrela do trio da Uber na 17\u00aa\u00a0Parada do Orgulho LGBT da Bahia, que acontecer\u00e1 no dia 9 de setembro no [&hellip;]<\/p>\n","protected":false},"author":1,"featured_media":16733,"comment_status":"open","ping_status":"open","sticky":false,"template":"","format":"image","meta":{"footnotes":""},"categories":[80,9],"tags":[],"class_list":["post-16731","post","type-post","status-publish","format-image","has-post-thumbnail","hentry","category-home","category-me-orgulho","post_format-post-format-image"],"_links":{"self":[{"href":"https:\/\/blogs.correio24horas.com.br\/mesalte\/wp-json\/wp\/v2\/posts\/16731","targetHints":{"allow":["GET"]}}],"collection":[{"href":"https:\/\/blogs.correio24horas.com.br\/mesalte\/wp-json\/wp\/v2\/posts"}],"about":[{"href":"https:\/\/blogs.correio24horas.com.br\/mesalte\/wp-json\/wp\/v2\/types\/post"}],"author":[{"embeddable":true,"href":"https:\/\/blogs.correio24horas.com.br\/mesalte\/wp-json\/wp\/v2\/users\/1"}],"replies":[{"embeddable":true,"href":"https:\/\/blogs.correio24horas.com.br\/mesalte\/wp-json\/wp\/v2\/comments?post=16731"}],"version-history":[{"count":2,"href":"https:\/\/blogs.correio24horas.com.br\/mesalte\/wp-json\/wp\/v2\/posts\/16731\/revisions"}],"predecessor-version":[{"id":16734,"href":"https:\/\/blogs.correio24horas.com.br\/mesalte\/wp-json\/wp\/v2\/posts\/16731\/revisions\/16734"}],"wp:featuredmedia":[{"embeddable":true,"href":"https:\/\/blogs.correio24horas.com.br\/mesalte\/wp-json\/wp\/v2\/media\/16733"}],"wp:attachment":[{"href":"https:\/\/blogs.correio24horas.com.br\/mesalte\/wp-json\/wp\/v2\/media?parent=16731"}],"wp:term":[{"taxonomy":"category","embeddable":true,"href":"https:\/\/blogs.correio24horas.com.br\/mesalte\/wp-json\/wp\/v2\/categories?post=16731"},{"taxonomy":"post_tag","embeddable":true,"href":"https:\/\/blogs.correio24horas.com.br\/mesalte\/wp-json\/wp\/v2\/tags?post=16731"}],"curies":[{"name":"wp","href":"https:\/\/api.w.org\/{rel}","templated":true}]}}