{"id":16710,"date":"2018-08-27T05:17:12","date_gmt":"2018-08-27T08:17:12","guid":{"rendered":"http:\/\/blogs.correio24horas.com.br\/mesalte\/?p=16710"},"modified":"2018-08-27T05:17:43","modified_gmt":"2018-08-27T08:17:43","slug":"segundo-sol-o-beijo-de-maura-e-ionan-e-o-risco-de-se-achar-que-existe-cura-gay","status":"publish","type":"post","link":"https:\/\/blogs.correio24horas.com.br\/mesalte\/segundo-sol-o-beijo-de-maura-e-ionan-e-o-risco-de-se-achar-que-existe-cura-gay\/","title":{"rendered":"Segundo Sol: o beijo de Maura e Ionan e o risco de se achar &#8216;que existe cura gay&#8217;"},"content":{"rendered":"<p>Eu adoro a novela Segundo Sol. Mas neste s\u00e1bado (26) tive um compromisso bem na hora da exibi\u00e7\u00e3o do cap\u00edtulo, mas mesmo que eu quisesse me isolar do mundo sobre o assunto n\u00e3o consegui. Pelo direct do Instagram e via mensagens de WhatsApp recebi dezenas de mensagens me alertando para o fato de Ionan e Maura terem se beijado.<\/p>\n<p><em>Se por acaso voc\u00ea n\u00e3o sabe nada da novela vai a\u00ed uma explica\u00e7\u00e3o pocket: Maura (Nanda Costa) mora junto com Selma (Carol Fazu). Ionan (Armando Babaioff) \u00e9 casado com Doralice (Roberta Rodrigues), mas doou s\u00eamen para Maura fazer insemina\u00e7\u00e3o artificial. Depois da gesta\u00e7\u00e3o consumada os dois &#8211; que s\u00e3o policiais e trabalham na mesma delegacia &#8211; come\u00e7aram a se aproximar. Neste s\u00e1bado (25) rolou um beijo que causou <a href=\"https:\/\/www.correio24horas.com.br\/noticia\/nid\/segundo-sol-beijo-de-maura-e-ionan-causa-polemica-na-web\/\" target=\"_blank\">alvoro\u00e7o na web.\u00a0<\/a><\/em><\/p>\n<p>E qual o problema de tudo isso? Bom, vamos por partes.<\/p>\n<p>Primeiramente h\u00e1 um risco com essa &#8216;virada&#8217; afetiva dos personagens. Maura foi constru\u00edda para o p\u00fablico &#8211; pelo menos at\u00e9 ent\u00e3o &#8211; com uma mulher l\u00e9sbica. A partir do momento em que, na trama, ela se relaciona com um homem abre precedente para a prolifera\u00e7\u00e3o de discursos de cunho preconceituoso. Foi exatamente o que aconteceu. No Twitter, por exemplo, surgiram coment\u00e1rios do tipo: &#8216;t\u00e1 vendo a\u00ed. pra deixar de ser sapat\u00e3o basta ter um homem de verdade&#8217;.<\/p>\n<p>Conversando com amigas minhas l\u00e9sbicas elas me alertaram para um risco paralelo a isso: o chamado estupro corretivo. O termo revela uma crueldade a qual muitas mulheres l\u00e9sbicas s\u00e3o submetidas. &#8220;Quando eu tinha 16 anos contei para minha fam\u00edlia que eu era l\u00e9sbica. Mandado por meu pai, um primo me estuprou. Na \u00e9poca eles falaram que eu precisaria ter um homem entre as pernas para poder ter certeza que n\u00e3o gostava disso. Fui violentada dentro da minha pr\u00f3pria casa&#8221;, revela a\u00a0fisioterapeuta\u00a0que hoje tem 29 anos.<\/p>\n<p>O caso da fisioterapeuta aconteceu em uma cidade do interior da Bahia mas apesar de ter acontecido h\u00e1 tanto tempo ainda \u00e9 um risco que ronda muitas mulheres l\u00e9sbicas. &#8220;Os homens acham que s\u00e3o donos do nosso corpo. Para a sociedade machista e patriarcal \u00e9 inadmiss\u00edvel que uma mulher n\u00e3o queria ter um homem ao seu lado. N\u00e3o. N\u00e3o precisamos! Uma mulher tem que ser livre para decidir com quem fica, inclusive, com outra mulher&#8221;, ressalta.<\/p>\n<p>Uma outra jovem, que revelou para a fam\u00edlia no m\u00eas passado que era l\u00e9sbica, contou ao Me Salte que logo ap\u00f3s ser exibida a cena entre Maura e Ionan recebeu uma mensagem do pai que dizia:<em> &#8216;Veja o que aconteceu na novela. Maura era sapat\u00e3o e j\u00e1 beijou um homem. Voc\u00ea deveria tentar tamb\u00e9m&#8217;.\u00a0<\/em><\/p>\n<p>Para ela foi como se o mundo se abrisse novamente. &#8220;Eu tinha tido uma conversa super dif\u00edcil com minha fam\u00edlia. Eles tinham me dado um voto de confian\u00e7a para que eu apresentasse minha vida para eles. Mas, depois que passou isso na novela virou um inferno. Meu pai n\u00e3o para de me dizer que posso ser &#8216;curada igual a Maura'&#8221;, conta a estudante de 19 anos.<\/p>\n<p>O coment\u00e1rio do pai da jovem que citei acima \u00e9 um dos que mais ganhou for\u00e7a nas redes sociais depois da exibi\u00e7\u00e3o da cena da novela. S\u00e3o coment\u00e1rios que induzem o pensamento de que existe &#8216;uma cura gay&#8217;.<\/p>\n<p>Para come\u00e7o de conversa n\u00e3o h\u00e1 cura para o que n\u00e3o \u00e9 doen\u00e7a.\u00a0Desde 1973 que os Estados Unidos retirou\u00a0 o termo \u201chomossexualismo\u201d da lista dos dist\u00farbios mentais da American Psychology Association, passando a ser usado o termo homossexualidade.<\/p>\n<p>Desde fevereiro de 1985, o Conselho Federal de Medicina aprovou a retirada, no Brasil, da homossexualidade do c\u00f3digo 302.0, referente aos desvios e transtornos sexuais. Em 17 de maio de 1990, a Assembleia Mundial da Sa\u00fade aprovou a retirada do c\u00f3digo 302.0 da Classifica\u00e7\u00e3o Internacional de Doen\u00e7as da Organiza\u00e7\u00e3o Mundial da Sa\u00fade. A nova classifica\u00e7\u00e3o entrou em vigor entre os pa\u00edses-membro das Na\u00e7\u00f5es Unidas a partir de 1\u00ba de janeiro de 1993.<\/p>\n<p>Outro aspecto important\u00edssimo que precisa ser levado em considera\u00e7\u00e3o \u00e9 que Maura na verdade pode ser uma mulher bissexual. Sim, amigos! O &#8216;B&#8217; da sigla LGBTQ+ n\u00e3o \u00e9 de biscoito. \u00c9 de bissexuais que s\u00e3o pessoas que se relacionam\u00a0afetiva e sexualmente com pessoas de ambos os sexos\/g\u00eaneros. Bi \u00e9 uma forma reduzida de falar de pessoas Bissexuais.<\/p>\n<p>Se a personagem Maura foi bi ser\u00e1 uma \u00f3tima oportunidade de se visibilizar essas pessoas. Contudo, se a inten\u00e7\u00e3o for essa ela j\u00e1 come\u00e7a com um erro grave: refor\u00e7ar ao esteri\u00f3tipo de que todo bissexual \u00e9 uma pessoa que trai com facilidade.<\/p>\n<p>N\u00e3o sabemos ao certo o que o autor Jo\u00e3o Emanuel Carneiro quer com essa a\u00e7\u00e3o dos personagens, mas \u00e9 preciso ter muito cuidado especialmente nesse momento em que o pa\u00eds vive uma dualidade entre o conservadorismo e o lado oposto.\u00a0A televis\u00e3o tem peso e influencia as pessoas. Infeliz ou felizmente a TV acaba tendo um efeito multiplicador. Quando se coloca em evid\u00eancia uma &#8216;cura gay&#8217; isso reflete na vida das pessoas. Novela n\u00e3o \u00e9 s\u00f3 entretenimento. Novela \u00e9 tamb\u00e9m informa\u00e7\u00e3o e responsabilidade social.<\/p>\n<p>Por sorte, a novela \u00e9 uma obra aberta! Ou seja, Jo\u00e3o Emanuel Carneiro alinhe esses fluxos para que a novela (que \u00e9 t\u00e3o maravilhosa) acabe virando um deservi\u00e7o para toda a popula\u00e7\u00e3o LGBTQ+.<\/p>\n","protected":false},"excerpt":{"rendered":"<p>Eu adoro a novela Segundo Sol. Mas neste s\u00e1bado (26) tive um compromisso bem na hora da exibi\u00e7\u00e3o do cap\u00edtulo, mas mesmo que eu quisesse me [&hellip;]<\/p>\n","protected":false},"author":1,"featured_media":16712,"comment_status":"open","ping_status":"open","sticky":false,"template":"","format":"image","meta":{"footnotes":""},"categories":[28,80],"tags":[1750,1749,1681],"class_list":["post-16710","post","type-post","status-publish","format-image","has-post-thumbnail","hentry","category-farofa-digital","category-home","tag-ionan","tag-maura","tag-segundo-sol","post_format-post-format-image"],"_links":{"self":[{"href":"https:\/\/blogs.correio24horas.com.br\/mesalte\/wp-json\/wp\/v2\/posts\/16710","targetHints":{"allow":["GET"]}}],"collection":[{"href":"https:\/\/blogs.correio24horas.com.br\/mesalte\/wp-json\/wp\/v2\/posts"}],"about":[{"href":"https:\/\/blogs.correio24horas.com.br\/mesalte\/wp-json\/wp\/v2\/types\/post"}],"author":[{"embeddable":true,"href":"https:\/\/blogs.correio24horas.com.br\/mesalte\/wp-json\/wp\/v2\/users\/1"}],"replies":[{"embeddable":true,"href":"https:\/\/blogs.correio24horas.com.br\/mesalte\/wp-json\/wp\/v2\/comments?post=16710"}],"version-history":[{"count":8,"href":"https:\/\/blogs.correio24horas.com.br\/mesalte\/wp-json\/wp\/v2\/posts\/16710\/revisions"}],"predecessor-version":[{"id":16719,"href":"https:\/\/blogs.correio24horas.com.br\/mesalte\/wp-json\/wp\/v2\/posts\/16710\/revisions\/16719"}],"wp:featuredmedia":[{"embeddable":true,"href":"https:\/\/blogs.correio24horas.com.br\/mesalte\/wp-json\/wp\/v2\/media\/16712"}],"wp:attachment":[{"href":"https:\/\/blogs.correio24horas.com.br\/mesalte\/wp-json\/wp\/v2\/media?parent=16710"}],"wp:term":[{"taxonomy":"category","embeddable":true,"href":"https:\/\/blogs.correio24horas.com.br\/mesalte\/wp-json\/wp\/v2\/categories?post=16710"},{"taxonomy":"post_tag","embeddable":true,"href":"https:\/\/blogs.correio24horas.com.br\/mesalte\/wp-json\/wp\/v2\/tags?post=16710"}],"curies":[{"name":"wp","href":"https:\/\/api.w.org\/{rel}","templated":true}]}}