{"id":16702,"date":"2018-08-27T04:29:58","date_gmt":"2018-08-27T07:29:58","guid":{"rendered":"http:\/\/blogs.correio24horas.com.br\/mesalte\/?p=16702"},"modified":"2018-08-27T04:30:14","modified_gmt":"2018-08-27T07:30:14","slug":"espetaculo-os-passaros-de-copacabana-fara-temporada-no-rio-vermelho","status":"publish","type":"post","link":"https:\/\/blogs.correio24horas.com.br\/mesalte\/espetaculo-os-passaros-de-copacabana-fara-temporada-no-rio-vermelho\/","title":{"rendered":"Espet\u00e1culo Os P\u00e1ssaros de Copacabana far\u00e1 temporada no Rio Vermelho"},"content":{"rendered":"<p>O mon\u00f3logo musical \u201cOs P\u00e1ssaros de Copacabana\u201d est\u00e1 de volta.\u00a0De 30 de agosto a 14 de setembro, quintas e sextas, \u00e0s 20h, o Teatro SESI Rio Vermelho receber\u00e1 o espet\u00e1culo\u00a0protagonizado por Marcelo Praddo, sob a dire\u00e7\u00e3o de Gil Vicente Tavares, ambos premiados em suas categorias com o Pr\u00eamio Braskem de Teatro 2017.<\/p>\n<p>A partir das can\u00e7\u00f5es de Ary Barroso, a pe\u00e7a conta a hist\u00f3ria de uma travesti, \u00e0s v\u00e9speras do Golpe de 1964, tentando fazer um espet\u00e1culo em homenagem ao compositor, por encomenda de seu amante militar. Em cena, Marcelo Praddo interpreta cl\u00e1ssicos de Ary e can\u00e7\u00f5es menos conhecidas, intercalando com depoimentos e lembran\u00e7as da vida da personagem. A partir dos seus relatos, a pe\u00e7a vai revelando sentimentos e segredos dessa travesti em meio ao per\u00edodo conturbado do Brasil e a sua luta di\u00e1ria contra o preconceito e a marginaliza\u00e7\u00e3o de sua condi\u00e7\u00e3o na sociedade brasileira daquela \u00e9poca.<\/p>\n<p>As can\u00e7\u00f5es s\u00e3o executadas ao vivo, com o acompanhamento do multi-instrumentista Elinaldo Nascimento, materializando os belos arranjos do diretor musical Jarbas Bitencourt. Tocando piano, acordeom ou guitarra, o m\u00fasico dialoga com o personagem atrav\u00e9s das can\u00e7\u00f5es de Ary Barroso. Com ilumina\u00e7\u00e3o de Eduardo Tudella, cen\u00e1rio e figurinos de Euro Pires, a equipe conta ainda com a dire\u00e7\u00e3o de movimento de B\u00e1rbara Barbar\u00e1 e a maquiagem de Anna Oliveira.<\/p>\n<p>O espet\u00e1culo faz parte do projeto do Teatro NU 10+, e tem apoio financeiro do Estado da Bahia, atrav\u00e9s do Fundo de Cultura, Secretaria da Fazenda e Secretaria de Cultura da Bahia. Realiza\u00e7\u00e3o do Teatro NU, com produ\u00e7\u00e3o de Selma Santos.<\/p>\n<p>Os ingressos custam R$ 30,00 a inteira e R$ 15,00 a meia-entrada. Vendas na bilheteria do teatro e na plataforma SYMPLA (<a href=\"http:\/\/www.sympla.com.br\/teatronu\" target=\"_blank\">www.sympla.com.br\/teatronu<\/a>).<\/p>\n<p><strong>Servi\u00e7o<\/strong><br \/>\nOs P\u00e1ssaros de Copacabana<\/p>\n<p>Local: Teatro SESI Rio Vermelho<\/p>\n<p>Datas: de 30 de agosto a 14 de setembro (quinta e sexta)<\/p>\n<p>Hor\u00e1rio: 20 horas \u2013 censura 14 anos<\/p>\n<p>Ingresso: R$ 30,00 (inteira) \/ R$ 15,00 (meia) Vendas: Bilheteria do Teatro (3616-7064) e em www.sympla.com.br\/teatronu<\/p>\n<p>Apoio: Triathlon, TV Bahia, Clube Correio, TVE, R\u00e1dio Educadora, Pizzaria La Napoletana, Restaurante Carv\u00e3o e Olho de Vidro<\/p>\n<p>Dire\u00e7\u00e3o de Produ\u00e7\u00e3o: Selma Santos<\/p>\n","protected":false},"excerpt":{"rendered":"<p>O mon\u00f3logo musical \u201cOs P\u00e1ssaros de Copacabana\u201d est\u00e1 de volta.\u00a0De 30 de agosto a 14 de setembro, quintas e sextas, \u00e0s 20h, o Teatro SESI Rio [&hellip;]<\/p>\n","protected":false},"author":1,"featured_media":16703,"comment_status":"open","ping_status":"open","sticky":false,"template":"","format":"image","meta":{"footnotes":""},"categories":[80,16],"tags":[],"class_list":["post-16702","post","type-post","status-publish","format-image","has-post-thumbnail","hentry","category-home","category-me-jogo","post_format-post-format-image"],"_links":{"self":[{"href":"https:\/\/blogs.correio24horas.com.br\/mesalte\/wp-json\/wp\/v2\/posts\/16702","targetHints":{"allow":["GET"]}}],"collection":[{"href":"https:\/\/blogs.correio24horas.com.br\/mesalte\/wp-json\/wp\/v2\/posts"}],"about":[{"href":"https:\/\/blogs.correio24horas.com.br\/mesalte\/wp-json\/wp\/v2\/types\/post"}],"author":[{"embeddable":true,"href":"https:\/\/blogs.correio24horas.com.br\/mesalte\/wp-json\/wp\/v2\/users\/1"}],"replies":[{"embeddable":true,"href":"https:\/\/blogs.correio24horas.com.br\/mesalte\/wp-json\/wp\/v2\/comments?post=16702"}],"version-history":[{"count":1,"href":"https:\/\/blogs.correio24horas.com.br\/mesalte\/wp-json\/wp\/v2\/posts\/16702\/revisions"}],"predecessor-version":[{"id":16704,"href":"https:\/\/blogs.correio24horas.com.br\/mesalte\/wp-json\/wp\/v2\/posts\/16702\/revisions\/16704"}],"wp:featuredmedia":[{"embeddable":true,"href":"https:\/\/blogs.correio24horas.com.br\/mesalte\/wp-json\/wp\/v2\/media\/16703"}],"wp:attachment":[{"href":"https:\/\/blogs.correio24horas.com.br\/mesalte\/wp-json\/wp\/v2\/media?parent=16702"}],"wp:term":[{"taxonomy":"category","embeddable":true,"href":"https:\/\/blogs.correio24horas.com.br\/mesalte\/wp-json\/wp\/v2\/categories?post=16702"},{"taxonomy":"post_tag","embeddable":true,"href":"https:\/\/blogs.correio24horas.com.br\/mesalte\/wp-json\/wp\/v2\/tags?post=16702"}],"curies":[{"name":"wp","href":"https:\/\/api.w.org\/{rel}","templated":true}]}}