{"id":16684,"date":"2018-08-27T04:09:38","date_gmt":"2018-08-27T07:09:38","guid":{"rendered":"http:\/\/blogs.correio24horas.com.br\/mesalte\/?p=16684"},"modified":"2018-08-27T04:09:38","modified_gmt":"2018-08-27T07:09:38","slug":"teatro-gamboa-nova-recebe-projeto-gayboa-em-setembro-veja-programacao","status":"publish","type":"post","link":"https:\/\/blogs.correio24horas.com.br\/mesalte\/teatro-gamboa-nova-recebe-projeto-gayboa-em-setembro-veja-programacao\/","title":{"rendered":"Teatro Gamboa Nova recebe projeto &#8216;Gayboa&#8217; em setembro; veja programa\u00e7\u00e3o"},"content":{"rendered":"<p>Pelo sexto ano consecutivo, o Gamboa Nova abra\u00e7a a produ\u00e7\u00e3o art\u00edstica sobre g\u00eanero e diversidade e mostra a for\u00e7a de seus criadores, no m\u00eas das comemora\u00e7\u00f5es do Orgulho LGBTQ+ de Salvador. Com cores, formas, sons, gestos e palavras, o objetivo \u00e9 afirmar cada vez mais a beleza e import\u00e2ncia da diferen\u00e7a, celebrando o respeito por todas as formas de express\u00e3o. Na programa\u00e7\u00e3o, m\u00fasica, teatro, cinema e performances de drag queens, entre outras linguagens que somam para a diversidade da comemora\u00e7\u00e3o.\u00a0O Gamboa Nova \u00e9 uma entidade apoiada pela Secretaria de Cultura do Estado da Bahia (SecultBA), com recursos do Fundo de Cultura para o edital de a\u00e7\u00f5es continuadas de institui\u00e7\u00f5es culturais.<\/p>\n<p><strong>Confira abaixo a programa\u00e7\u00e3o completa do \u201cSetembro \u00e9 Gayboa\u201d.<\/strong><\/p>\n<p><strong>EXPOSI\u00c7\u00c3O:<\/strong><br \/>\nCores e Flores para Tita &#8211; Adeloy\u00e1 Magnoni<br \/>\n<i>Gratuito<br \/>\n<\/i>De 01 a 30\/09 &#8211; <i>quarta a s\u00e1bado das 16h \u00e0s 19h e domingo das 15h \u00e0s 17h<\/i><\/p>\n<p><span style=\"font-weight: 400;\">S\u00e9rie de fotografias que questionam a naturaliza\u00e7\u00e3o das performances bin\u00e1rias, cis e heteronormativas, com \u00eanfase na utiliza\u00e7\u00e3o de fotografias como dispositivo de empoderamento de pessoas trans e travestis, denunciando tamb\u00e9m o genoc\u00eddio dessa popula\u00e7\u00e3o.<\/span><\/p>\n<p><img loading=\"lazy\" decoding=\"async\" class=\"aligncenter size-large wp-image-16686\" src=\"https:\/\/blogs.correio24h.com.br\/mesalte\/wp-content\/uploads\/2018\/08\/Exposi\u00e7\u00e3o-Cores-e-Flores-para-Tita_La\u00eds-Cas\u00e3o_cr\u00e9dito-Adeloy\u00e1-Magnoni-683x1024.jpg\" alt=\"Exposi\u00e7\u00e3o Cores e Flores para Tita_La\u00eds Cas\u00e3o_cr\u00e9dito Adeloy\u00e1 Magnoni\" width=\"683\" height=\"1024\" srcset=\"https:\/\/blogs.correio24h.com.br\/mesalte\/wp-content\/uploads\/2018\/08\/Exposi\u00e7\u00e3o-Cores-e-Flores-para-Tita_La\u00eds-Cas\u00e3o_cr\u00e9dito-Adeloy\u00e1-Magnoni-683x1024.jpg 683w, https:\/\/blogs.correio24h.com.br\/mesalte\/wp-content\/uploads\/2018\/08\/Exposi\u00e7\u00e3o-Cores-e-Flores-para-Tita_La\u00eds-Cas\u00e3o_cr\u00e9dito-Adeloy\u00e1-Magnoni-200x300.jpg 200w, https:\/\/blogs.correio24h.com.br\/mesalte\/wp-content\/uploads\/2018\/08\/Exposi\u00e7\u00e3o-Cores-e-Flores-para-Tita_La\u00eds-Cas\u00e3o_cr\u00e9dito-Adeloy\u00e1-Magnoni-768x1152.jpg 768w, https:\/\/blogs.correio24h.com.br\/mesalte\/wp-content\/uploads\/2018\/08\/Exposi\u00e7\u00e3o-Cores-e-Flores-para-Tita_La\u00eds-Cas\u00e3o_cr\u00e9dito-Adeloy\u00e1-Magnoni-97x146.jpg 97w, https:\/\/blogs.correio24h.com.br\/mesalte\/wp-content\/uploads\/2018\/08\/Exposi\u00e7\u00e3o-Cores-e-Flores-para-Tita_La\u00eds-Cas\u00e3o_cr\u00e9dito-Adeloy\u00e1-Magnoni-33x50.jpg 33w, https:\/\/blogs.correio24h.com.br\/mesalte\/wp-content\/uploads\/2018\/08\/Exposi\u00e7\u00e3o-Cores-e-Flores-para-Tita_La\u00eds-Cas\u00e3o_cr\u00e9dito-Adeloy\u00e1-Magnoni-50x75.jpg 50w\" sizes=\"auto, (max-width: 683px) 100vw, 683px\" \/><\/p>\n<p><b>TEATRO:<br \/>\n<\/b><b>Xica!<\/b> <span style=\"font-weight: 400;\">&#8211; <\/span><span style=\"font-weight: 400;\">Coletivo das Liliths<br \/>\n<\/span><i><span style=\"font-weight: 400;\">R$ 20,00 (inteira) R$ 10,00 (meia c\/ comprovante)<br \/>\n<\/span><\/i><b>01\/09 (s\u00e1bado) &#8211; 19h + 02\/09 (domingo) &#8211; 17h<br \/>\n<\/b><span style=\"font-weight: 400;\">O espet\u00e1culo conta a hist\u00f3ria da negra africana, escravizada, quimbanda, considerada a primeira travesti n\u00e3o-\u00edndia do Brasil, que tornou-se s\u00edmbolo de luta e resist\u00eancia de uma \u00e9poca.<br \/>\n<\/span><span style=\"font-weight: 400;\">Classifica\u00e7\u00e3o: 18 anos<\/span><\/p>\n<p><img loading=\"lazy\" decoding=\"async\" class=\"aligncenter size-large wp-image-16687\" src=\"https:\/\/blogs.correio24h.com.br\/mesalte\/wp-content\/uploads\/2018\/08\/Espet\u00e1culo-Xica_divulga\u00e7\u00e3o-5-1024x683.jpg\" alt=\"Espet\u00e1culo Xica_divulga\u00e7\u00e3o (5)\" width=\"1024\" height=\"683\" srcset=\"https:\/\/blogs.correio24h.com.br\/mesalte\/wp-content\/uploads\/2018\/08\/Espet\u00e1culo-Xica_divulga\u00e7\u00e3o-5-1024x683.jpg 1024w, https:\/\/blogs.correio24h.com.br\/mesalte\/wp-content\/uploads\/2018\/08\/Espet\u00e1culo-Xica_divulga\u00e7\u00e3o-5-300x200.jpg 300w, https:\/\/blogs.correio24h.com.br\/mesalte\/wp-content\/uploads\/2018\/08\/Espet\u00e1culo-Xica_divulga\u00e7\u00e3o-5-768x512.jpg 768w, https:\/\/blogs.correio24h.com.br\/mesalte\/wp-content\/uploads\/2018\/08\/Espet\u00e1culo-Xica_divulga\u00e7\u00e3o-5-219x146.jpg 219w, https:\/\/blogs.correio24h.com.br\/mesalte\/wp-content\/uploads\/2018\/08\/Espet\u00e1culo-Xica_divulga\u00e7\u00e3o-5-50x33.jpg 50w, https:\/\/blogs.correio24h.com.br\/mesalte\/wp-content\/uploads\/2018\/08\/Espet\u00e1culo-Xica_divulga\u00e7\u00e3o-5-113x75.jpg 113w\" sizes=\"auto, (max-width: 1024px) 100vw, 1024px\" \/><\/p>\n<p><span style=\"font-weight: 400;\">Para saber mais:<\/span><a href=\"https:\/\/www.youtube.com\/watch?v=O8HIIPPwtVg&amp;t=2232s\"><span style=\"font-weight: 400;\">https:\/\/www.youtube.com\/watch?v=O8HIIPPwtVg&amp;t=2232s<\/span><\/a><\/p>\n<p>&nbsp;<\/p>\n<p><b>Uma Janela para Elas &#8211; <\/b><span style=\"font-weight: 400;\">Paula Lice<br \/>\n<\/span><i><span style=\"font-weight: 400;\">R$ 20,00 (inteira) R$ 10,00 (meia c\/ comprovante)<br \/>\n<\/span><\/i><b>05\/09 (quarta) &#8211; 19h\/\u00a0(23\u00a0e 30\/09, \u00e0s 17h).<br \/>\n<\/b><span style=\"font-weight: 400;\">Estrelado por e drag queens da cena soteropolitana, a trama se passa em um futuro dist\u00f3pico no qual, dez anos ap\u00f3s a vit\u00f3ria dos conservadores nas urnas, o Brasil de 2028 vive uma ditadura que cerceia os direitos de express\u00e3o de g\u00eanero.<br \/>\n<\/span>Classifica\u00e7\u00e3o: 16 anos<\/p>\n<p><img loading=\"lazy\" decoding=\"async\" class=\"aligncenter size-large wp-image-16688\" src=\"https:\/\/blogs.correio24h.com.br\/mesalte\/wp-content\/uploads\/2018\/08\/Espet\u00e1culo-Uma-Janela-para-Elas_cr\u00e9dito-Caio-L\u00edrio-4-1024x683.jpg\" alt=\"Espet\u00e1culo Uma Janela para Elas_cr\u00e9dito Caio L\u00edrio (4)\" width=\"1024\" height=\"683\" srcset=\"https:\/\/blogs.correio24h.com.br\/mesalte\/wp-content\/uploads\/2018\/08\/Espet\u00e1culo-Uma-Janela-para-Elas_cr\u00e9dito-Caio-L\u00edrio-4-1024x683.jpg 1024w, https:\/\/blogs.correio24h.com.br\/mesalte\/wp-content\/uploads\/2018\/08\/Espet\u00e1culo-Uma-Janela-para-Elas_cr\u00e9dito-Caio-L\u00edrio-4-300x200.jpg 300w, https:\/\/blogs.correio24h.com.br\/mesalte\/wp-content\/uploads\/2018\/08\/Espet\u00e1culo-Uma-Janela-para-Elas_cr\u00e9dito-Caio-L\u00edrio-4-768x512.jpg 768w, https:\/\/blogs.correio24h.com.br\/mesalte\/wp-content\/uploads\/2018\/08\/Espet\u00e1culo-Uma-Janela-para-Elas_cr\u00e9dito-Caio-L\u00edrio-4-219x146.jpg 219w, https:\/\/blogs.correio24h.com.br\/mesalte\/wp-content\/uploads\/2018\/08\/Espet\u00e1culo-Uma-Janela-para-Elas_cr\u00e9dito-Caio-L\u00edrio-4-50x33.jpg 50w, https:\/\/blogs.correio24h.com.br\/mesalte\/wp-content\/uploads\/2018\/08\/Espet\u00e1culo-Uma-Janela-para-Elas_cr\u00e9dito-Caio-L\u00edrio-4-113x75.jpg 113w, https:\/\/blogs.correio24h.com.br\/mesalte\/wp-content\/uploads\/2018\/08\/Espet\u00e1culo-Uma-Janela-para-Elas_cr\u00e9dito-Caio-L\u00edrio-4.jpg 2016w\" sizes=\"auto, (max-width: 1024px) 100vw, 1024px\" \/><br \/>\n<span style=\"font-weight: 400;\">Para saber mais: <\/span><a href=\"http:\/\/pequenasaladeideias.com\/\"><span style=\"font-weight: 400;\">http:\/\/pequenasaladeideias.com\/<\/span><\/a><\/p>\n<p>&nbsp;<\/p>\n<p><b>Crian\u00e7a Viada ou de como me Disseram que eu era Gay &#8211; <\/b><span style=\"font-weight: 400;\">Vinicius Bustani<br \/>\n<\/span><i><span style=\"font-weight: 400;\">R$ 20,00 (inteira) R$ 10,00 (meia c\/ comprovante)<br \/>\n<\/span><\/i><b>07, 08, 14,15 , 21, 22, 28 e 29 \/09 (sextas e s\u00e1bados) &#8211; 19h<br \/>\n<\/b><span style=\"font-weight: 400;\">Depois de temporadas de sucesso, o solo volta ao Gamboa Nova , misturando relatos e cenas de fic\u00e7\u00e3o sobre a inf\u00e2ncia do autor, numa maneira divertida e irreverente diante da import\u00e2ncia de seu debate.<br \/>\n<\/span><span style=\"font-weight: 400;\">Classifica\u00e7\u00e3o: 14 anos<\/span><\/p>\n<p><span style=\"font-weight: 400;\"><img loading=\"lazy\" decoding=\"async\" class=\"aligncenter size-large wp-image-16689\" src=\"https:\/\/blogs.correio24h.com.br\/mesalte\/wp-content\/uploads\/2018\/08\/Espet\u00e1culo-Crian\u00e7a-Viada_credito-Diney-Ara\u00fajo-4-1024x683.jpg\" alt=\"Espet\u00e1culo Crian\u00e7a Viada_credito Diney Ara\u00fajo (4)\" width=\"1024\" height=\"683\" srcset=\"https:\/\/blogs.correio24h.com.br\/mesalte\/wp-content\/uploads\/2018\/08\/Espet\u00e1culo-Crian\u00e7a-Viada_credito-Diney-Ara\u00fajo-4-1024x683.jpg 1024w, https:\/\/blogs.correio24h.com.br\/mesalte\/wp-content\/uploads\/2018\/08\/Espet\u00e1culo-Crian\u00e7a-Viada_credito-Diney-Ara\u00fajo-4-300x200.jpg 300w, https:\/\/blogs.correio24h.com.br\/mesalte\/wp-content\/uploads\/2018\/08\/Espet\u00e1culo-Crian\u00e7a-Viada_credito-Diney-Ara\u00fajo-4-768x512.jpg 768w, https:\/\/blogs.correio24h.com.br\/mesalte\/wp-content\/uploads\/2018\/08\/Espet\u00e1culo-Crian\u00e7a-Viada_credito-Diney-Ara\u00fajo-4-219x146.jpg 219w, https:\/\/blogs.correio24h.com.br\/mesalte\/wp-content\/uploads\/2018\/08\/Espet\u00e1culo-Crian\u00e7a-Viada_credito-Diney-Ara\u00fajo-4-50x33.jpg 50w, https:\/\/blogs.correio24h.com.br\/mesalte\/wp-content\/uploads\/2018\/08\/Espet\u00e1culo-Crian\u00e7a-Viada_credito-Diney-Ara\u00fajo-4-113x75.jpg 113w\" sizes=\"auto, (max-width: 1024px) 100vw, 1024px\" \/><br \/>\n<\/span><span style=\"font-weight: 400;\">Para saber mais:<\/span> <a href=\"https:\/\/www.facebook.com\/criancaviadaou\/\"><span style=\"font-weight: 400;\">https:\/\/www.facebook.com\/criancaviadaou\/<\/span><\/a><\/p>\n<p><b>M\u00daSICA:<br \/>\n<\/b><b>Diva Box Canta Cazuza<br \/>\n<\/b><i><span style=\"font-weight: 400;\">R$ 20,00 (inteira) R$ 10,00 (meia c\/ comprovante)<br \/>\n<\/span><\/i><b>06, 13, 20 e 27 \u00a0(quintas) &#8211; 19h<br \/>\n<\/b><span style=\"font-weight: 400;\">Inspirados pelo legado do artista, o grupo apresenta releituras dos maiores sucessos de Cazuza. Passando desde as primeiras can\u00e7\u00f5es at\u00e9 os cl\u00e1ssicos, o trio vocal segue fazendo suas misturas improv\u00e1veis.<br \/>\n<\/span><span style=\"font-weight: 400;\">Classifica\u00e7\u00e3o: 12 anos<\/span><\/p>\n<p><span style=\"font-weight: 400;\"><img loading=\"lazy\" decoding=\"async\" class=\"aligncenter size-large wp-image-16690\" src=\"https:\/\/blogs.correio24h.com.br\/mesalte\/wp-content\/uploads\/2018\/08\/Show-Diva-Box_divulga\u00e7\u00e3o-1-1024x768.jpg\" alt=\"Show Diva Box_divulga\u00e7\u00e3o (1)\" width=\"1024\" height=\"768\" srcset=\"https:\/\/blogs.correio24h.com.br\/mesalte\/wp-content\/uploads\/2018\/08\/Show-Diva-Box_divulga\u00e7\u00e3o-1-1024x768.jpg 1024w, https:\/\/blogs.correio24h.com.br\/mesalte\/wp-content\/uploads\/2018\/08\/Show-Diva-Box_divulga\u00e7\u00e3o-1-300x225.jpg 300w, https:\/\/blogs.correio24h.com.br\/mesalte\/wp-content\/uploads\/2018\/08\/Show-Diva-Box_divulga\u00e7\u00e3o-1-768x576.jpg 768w, https:\/\/blogs.correio24h.com.br\/mesalte\/wp-content\/uploads\/2018\/08\/Show-Diva-Box_divulga\u00e7\u00e3o-1-195x146.jpg 195w, https:\/\/blogs.correio24h.com.br\/mesalte\/wp-content\/uploads\/2018\/08\/Show-Diva-Box_divulga\u00e7\u00e3o-1-50x38.jpg 50w, https:\/\/blogs.correio24h.com.br\/mesalte\/wp-content\/uploads\/2018\/08\/Show-Diva-Box_divulga\u00e7\u00e3o-1-100x75.jpg 100w\" sizes=\"auto, (max-width: 1024px) 100vw, 1024px\" \/><br \/>\n<\/span><span style=\"font-weight: 400;\">Para saber mais: <\/span><a href=\"https:\/\/www.youtube.com\/watch?v=3kmGPO_lzu4\"><span style=\"font-weight: 400;\">https:\/\/www.youtube.com\/watch?v=3kmGPO_lzu4<\/span><\/a><\/p>\n<p><b>BATE-PAPOS E DOCUMENT\u00c1RIO<br \/>\n<\/b><b>Adeloy\u00e1 Magnoni + convidados:<\/b> <span style=\"font-weight: 400;\"><br \/>\n<\/span><b>Cores e Flores para Tita<br \/>\n<\/b><i><span style=\"font-weight: 400;\">Pague Quanto Puder<br \/>\n<\/span><\/i><b>12\/09 (quarta) &#8211; 18h<br \/>\n<\/b><span style=\"font-weight: 400;\">Exibi\u00e7\u00e3o do document\u00e1rio mais bate-papo cop\u00f3reo. O filme foi realizado em homenagem ao seu tio Renato \u201cTita\u201d, homem trans que foi suicidado em 1973, aos 15 anos de idade. A partir de depoimentos de pessoas trans, constr\u00f3i um di\u00e1logo contra a transfobia.<br \/>\n<\/span><span style=\"font-weight: 400;\">Classifica\u00e7\u00e3o: 14 anos<br \/>\n<\/span><a href=\"https:\/\/www.youtube.com\/watch?v=noMfGcTPl_Q\"><span style=\"font-weight: 400;\">https:\/\/www.youtube.com\/watch?v=noMfGcTPl_Q<\/span><\/a><\/p>\n<p><b>Sexualidades Monossidentes &#8211; Eu n\u00e3o estou confus@!<br \/>\n<\/b><i><span style=\"font-weight: 400;\">Gratuito<br \/>\n<\/span><\/i><b>19\/09 (quarta) &#8211; 18h30<br \/>\n<\/b><span style=\"font-weight: 400;\">Esse bate-papo tem o intuito de dar voz a pessoas que se atraem por mais de um g\u00eanero, compreender um pouco mais de suas especificidades e ouvir sobre a viv\u00eancia de quem enfrenta o julgamento e a incredulidade.<br \/>\n<\/span><span style=\"font-weight: 400;\">Classifica\u00e7\u00e3o: 14 anos<\/span><\/p>\n<p><b>Percep\u00e7\u00f5es Tardias \u00a0das Dissid\u00eancias Sexuais &#8211; Cheguei atrasada no vale!<br \/>\n<\/b><i><span style=\"font-weight: 400;\">Gratuito<br \/>\n<\/span><\/i><b>26\/09 (quarta) &#8211; 18h30<br \/>\n<\/b><span style=\"font-weight: 400;\">Abordar\u00e1 experi\u00eancias de pessoas que se perceberam tardiamente de uma sexualidade dissidente e fora da heteronorma. Ser\u00e1 composto por pessoas que toparam despir a alma e compartilhar seus medos, d\u00favidas e del\u00edcias ao ver um mundo novo se abrir.<br \/>\n<\/span><span style=\"font-weight: 400;\">Classifica\u00e7\u00e3o: 14 anos<\/span> <span style=\"font-weight: 400;\">\u00a0<\/span><\/p>\n<p><b>PERFORMANCE:<br \/>\n<\/b><b>Sarga\u00e7o &#8211; \u00a0Frut\u00edfera Ilha<br \/>\n<\/b><b><i>R$ 20,00 (inteira) R$ 10,00 (meia c\/ comprovante)<br \/>\n<\/i><\/b><b>16\/09 (domingo) &#8211; 17h<br \/>\n<\/b><span style=\"font-weight: 400;\">Drag Queen, performer, artista visual e <\/span><i><span style=\"font-weight: 400;\">artivista<\/span><\/i><span style=\"font-weight: 400;\">, \u00a0Frut\u00edfera (Clarissa Nunes) nos apresenta uma nova performance, que trabalha sob a \u00f3tica do afro futurismo e a naturaliza\u00e7\u00e3o de sua nudez. A dire\u00e7\u00e3o \u00e9 de Mamba Negra (Diego Alc\u00e2ntara), que trabalha com visualidades da cena, identidade, g\u00eanero e ra\u00e7a.<br \/>\n<\/span><span style=\"font-weight: 400;\">Classifica\u00e7\u00e3o: 16 anos<br \/>\n<\/span><span style=\"font-weight: 400;\">Para saber mais:<\/span> <a href=\"https:\/\/pt-br.facebook.com\/Frutilha\/\"><span style=\"font-weight: 400;\">https:\/\/pt-br.facebook.com\/Frutilha\/<\/span><\/a><\/p>\n<p><b>CINE:<br \/>\n<\/b><b>O Gongo<br \/>\n<\/b><i><span style=\"font-weight: 400;\">gratuito<br \/>\n<\/span><\/i><b>de 01 \u00a0a 30\/09<br \/>\n<\/b><b>&#8211; <\/b><i><span style=\"font-weight: 400;\">quarta a domingo antes das apresenta\u00e7\u00f5es<br \/>\n<\/span><\/i><span style=\"font-weight: 400;\">O melhor do humor baiano continua agitando os espectadores do Gamboa Nova.<\/span><\/p>\n","protected":false},"excerpt":{"rendered":"<p>Pelo sexto ano consecutivo, o Gamboa Nova abra\u00e7a a produ\u00e7\u00e3o art\u00edstica sobre g\u00eanero e diversidade e mostra a for\u00e7a de seus criadores, no m\u00eas das comemora\u00e7\u00f5es [&hellip;]<\/p>\n","protected":false},"author":1,"featured_media":16691,"comment_status":"open","ping_status":"open","sticky":false,"template":"","format":"image","meta":{"footnotes":""},"categories":[80,16],"tags":[],"class_list":["post-16684","post","type-post","status-publish","format-image","has-post-thumbnail","hentry","category-home","category-me-jogo","post_format-post-format-image"],"_links":{"self":[{"href":"https:\/\/blogs.correio24horas.com.br\/mesalte\/wp-json\/wp\/v2\/posts\/16684","targetHints":{"allow":["GET"]}}],"collection":[{"href":"https:\/\/blogs.correio24horas.com.br\/mesalte\/wp-json\/wp\/v2\/posts"}],"about":[{"href":"https:\/\/blogs.correio24horas.com.br\/mesalte\/wp-json\/wp\/v2\/types\/post"}],"author":[{"embeddable":true,"href":"https:\/\/blogs.correio24horas.com.br\/mesalte\/wp-json\/wp\/v2\/users\/1"}],"replies":[{"embeddable":true,"href":"https:\/\/blogs.correio24horas.com.br\/mesalte\/wp-json\/wp\/v2\/comments?post=16684"}],"version-history":[{"count":2,"href":"https:\/\/blogs.correio24horas.com.br\/mesalte\/wp-json\/wp\/v2\/posts\/16684\/revisions"}],"predecessor-version":[{"id":16692,"href":"https:\/\/blogs.correio24horas.com.br\/mesalte\/wp-json\/wp\/v2\/posts\/16684\/revisions\/16692"}],"wp:featuredmedia":[{"embeddable":true,"href":"https:\/\/blogs.correio24horas.com.br\/mesalte\/wp-json\/wp\/v2\/media\/16691"}],"wp:attachment":[{"href":"https:\/\/blogs.correio24horas.com.br\/mesalte\/wp-json\/wp\/v2\/media?parent=16684"}],"wp:term":[{"taxonomy":"category","embeddable":true,"href":"https:\/\/blogs.correio24horas.com.br\/mesalte\/wp-json\/wp\/v2\/categories?post=16684"},{"taxonomy":"post_tag","embeddable":true,"href":"https:\/\/blogs.correio24horas.com.br\/mesalte\/wp-json\/wp\/v2\/tags?post=16684"}],"curies":[{"name":"wp","href":"https:\/\/api.w.org\/{rel}","templated":true}]}}