{"id":16680,"date":"2018-08-27T03:56:33","date_gmt":"2018-08-27T06:56:33","guid":{"rendered":"http:\/\/blogs.correio24horas.com.br\/mesalte\/?p=16680"},"modified":"2018-08-27T04:20:13","modified_gmt":"2018-08-27T07:20:13","slug":"documentario-abrindo-o-armario-fala-sobre-libertacao-e-conquistas-saiba-mais","status":"publish","type":"post","link":"https:\/\/blogs.correio24horas.com.br\/mesalte\/documentario-abrindo-o-armario-fala-sobre-libertacao-e-conquistas-saiba-mais\/","title":{"rendered":"Document\u00e1rio &#8216;Abrindo o Arm\u00e1rio&#8217; fala sobre liberta\u00e7\u00e3o e conquistas; saiba mais"},"content":{"rendered":"<p>Dirigido por Dario Menezes e Luis Abramo, foi lan\u00e7ado esse m\u00eas de agosto o document\u00e1rio\u00a0<b>&#8220;<span id=\"0.25689202783171305\" class=\"highlight\">Abrindo<\/span>\u00a0<span id=\"0.17595802275908268\" class=\"highlight\">o<\/span>\u00a0Arm\u00e1rio&#8221;<\/b>\u00a0. O\u00a0document\u00e1rio aborda os processos de liberta\u00e7\u00e3o e conquistas do movimento gay no Brasil.\u00a0Entre os 16 personagens est\u00e3o nomes como Linn da Quebrada, Bayard Tonelli e Jo\u00e3o Silv\u00e9rio Trevisan, que falam de suas vidas e de como foi abrir e sair do arm\u00e1rio.<\/p>\n<p><iframe loading=\"lazy\" src=\"https:\/\/www.youtube.com\/embed\/2AT4Ev2rKxg\" width=\"560\" height=\"315\" frameborder=\"0\" allowfullscreen=\"allowfullscreen\"><\/iframe><\/p>\n<p>Abrindo o Arm\u00e1rio \u00e9 um document\u00e1rio que mergulha nos\u00a0processos de liberta\u00e7\u00e3o e conquistas do movimento gay no<br \/>\nBrasil, atrav\u00e9s de depoimentos e performances, que mostram\u00a0como gays, drags queens e pessoas n\u00e3o-bin\u00e1rias de diferentes<br \/>\ngera\u00e7\u00f5es enfrentaram resist\u00eancias, viol\u00eancias e preconceitos\u00a0para conquistar espa\u00e7os e construir uma identidade pol\u00edtica,<br \/>\nsocial e coletiva.<\/p>\n<p>O document\u00e1rio nasceu\u00a0 do desejo do diretor Dario\u00a0Menezes em investigar a hist\u00f3ria\u00a0do movimento gay no Brasil nos\u00a0anos 70, depois do movimento\u00a0que ficou conhecido como a\u00a0Revolta de Stonewall.\u00a0O filme apresenta um\u00a0apanhado de diferentes<br \/>\nvis\u00f5es e viv\u00eancias sobre a\u00a0experi\u00eancia de se descobrir,\u00a0se declarar, se assumir, viver\u00a0plenamente o fato de ser gay<br \/>\nno Brasil de hoje.<\/p>\n<p>Rodado no Rio e S\u00e3o Paulo, o longa registra\u00a0depoimentos dos\u00a0personagens mais\u00a0experientes que se mesclam\u00a0aos dos mais jovens. O document\u00e1rio apresenta\u00a0um debate sobre a\u00a0intoler\u00e2ncia no passado e\u00a0na atualidade, mostrando a\u00a0import\u00e2ncia que o<br \/>\nsegmento LGBTQI+\u00a0conquistou na moderna\u00a0sociedade de consumo e\u00a0seu protagonismo no mundo\u00a0pol\u00edtico, social e art\u00edstico<br \/>\nnesse in\u00edcio do s\u00e9culo 21.<\/p>\n<p>A trilha tamb\u00e9m conta com trechos dos singles \u201cEnviadescer\u201d, \u201cBicha\u00a0Preta\u201d, \u201cLenda da bicha esquisita\u201d e\u00a0\u201cEla n\u00e3o quer pau, ela quer paz\u201d de\u00a0Linn da Quebrada, \u201cGueto\u201d de Jup\u00a0Pires e \u201cLixo Homof\u00f3bico\u201d de X\u00cbRX\u00cbS,\u00a0artistas entrevistadas para o filme.<\/p>\n<p>Disputando com longas de fic\u00e7\u00e3o e outros g\u00eaneros, o\u00a0document\u00e1rio conquistou o\u00a0Pr\u00eamio de Melhor Filme no 6\u00ba\u00a0FRICINE &#8211; Festival Internacional\u00a0de Cinema Socioambiental (Nova\u00a0Friburgo, 2017). Tamb\u00e9m foi\u00a0selecionado para o IV Festival<br \/>\nInternacional de Cinema\u00a0Documental e Transmedia\u00a0(Portugal, 2018), para o 21\u00ba\u00a0FAM &#8211; Florian\u00f3polis Mercosul\u00a0Audiovisual (2017); e o 3\u00ba\u00a0Festival Internacional de Cine de\u00a0Derechos Humanos \u2013 Bajo\u00a0Nuestra Piel (Bol\u00edvia 2017).<\/p>\n<p>O filme \u00e9 parte do Projeta \u00e0s 7, parceria da Cinemark e Elo Company que abre uma nova janela para o cinema nacional, e est\u00e1 sendo exibido desde meados de agosto em 20 salas de 19 cidades do pa\u00eds de segunda a sexta-feira, sempre \u00e0s 19h com pre\u00e7os especiais.\u00a0\u00a0Em Salvador, o filme est\u00e1 sendo exibido no Cinemark do Salvador Shoppping.<a href=\"https:\/\/www.cinemark.com.br\/filme\/abrindo-o-armario\" target=\"_blank\"> Essa semana ter\u00e1 sess\u00e3o segunda, ter\u00e7a e quarta<\/a>.<\/p>\n<p>Ap\u00f3s a estreia nos cinemas, o filme ser\u00e1\u00a0exibido nos canais de TV a\u00a0cabo Globo News e Canal\u00a0Brasil.<\/p>\n<p>&nbsp;<\/p>\n","protected":false},"excerpt":{"rendered":"<p>Dirigido por Dario Menezes e Luis Abramo, foi lan\u00e7ado esse m\u00eas de agosto o document\u00e1rio\u00a0&#8220;Abrindo\u00a0o\u00a0Arm\u00e1rio&#8221;\u00a0. O\u00a0document\u00e1rio aborda os processos de liberta\u00e7\u00e3o e conquistas do movimento gay [&hellip;]<\/p>\n","protected":false},"author":1,"featured_media":16699,"comment_status":"open","ping_status":"open","sticky":false,"template":"","format":"image","meta":{"footnotes":""},"categories":[80,9],"tags":[1748],"class_list":["post-16680","post","type-post","status-publish","format-image","has-post-thumbnail","hentry","category-home","category-me-orgulho","tag-abrindo-o-armario","post_format-post-format-image"],"_links":{"self":[{"href":"https:\/\/blogs.correio24horas.com.br\/mesalte\/wp-json\/wp\/v2\/posts\/16680","targetHints":{"allow":["GET"]}}],"collection":[{"href":"https:\/\/blogs.correio24horas.com.br\/mesalte\/wp-json\/wp\/v2\/posts"}],"about":[{"href":"https:\/\/blogs.correio24horas.com.br\/mesalte\/wp-json\/wp\/v2\/types\/post"}],"author":[{"embeddable":true,"href":"https:\/\/blogs.correio24horas.com.br\/mesalte\/wp-json\/wp\/v2\/users\/1"}],"replies":[{"embeddable":true,"href":"https:\/\/blogs.correio24horas.com.br\/mesalte\/wp-json\/wp\/v2\/comments?post=16680"}],"version-history":[{"count":2,"href":"https:\/\/blogs.correio24horas.com.br\/mesalte\/wp-json\/wp\/v2\/posts\/16680\/revisions"}],"predecessor-version":[{"id":16683,"href":"https:\/\/blogs.correio24horas.com.br\/mesalte\/wp-json\/wp\/v2\/posts\/16680\/revisions\/16683"}],"wp:featuredmedia":[{"embeddable":true,"href":"https:\/\/blogs.correio24horas.com.br\/mesalte\/wp-json\/wp\/v2\/media\/16699"}],"wp:attachment":[{"href":"https:\/\/blogs.correio24horas.com.br\/mesalte\/wp-json\/wp\/v2\/media?parent=16680"}],"wp:term":[{"taxonomy":"category","embeddable":true,"href":"https:\/\/blogs.correio24horas.com.br\/mesalte\/wp-json\/wp\/v2\/categories?post=16680"},{"taxonomy":"post_tag","embeddable":true,"href":"https:\/\/blogs.correio24horas.com.br\/mesalte\/wp-json\/wp\/v2\/tags?post=16680"}],"curies":[{"name":"wp","href":"https:\/\/api.w.org\/{rel}","templated":true}]}}