{"id":16677,"date":"2018-08-27T03:25:07","date_gmt":"2018-08-27T06:25:07","guid":{"rendered":"http:\/\/blogs.correio24horas.com.br\/mesalte\/?p=16677"},"modified":"2018-08-27T03:25:23","modified_gmt":"2018-08-27T06:25:23","slug":"espetaculo-que-discute-lgbtfobia-volta-aos-palcos-dentro-da-programacao-do-setembro-e-gayboa","status":"publish","type":"post","link":"https:\/\/blogs.correio24horas.com.br\/mesalte\/espetaculo-que-discute-lgbtfobia-volta-aos-palcos-dentro-da-programacao-do-setembro-e-gayboa\/","title":{"rendered":"Espet\u00e1culo que discute LGBTfobia volta aos palcos\u00a0dentro da programa\u00e7\u00e3o do \u2018Setembro \u00e9 Gayboa\u2019"},"content":{"rendered":"<p>Em setembro, no m\u00eas da diversidade, o espet\u00e1culo<strong> \u2018Crian\u00e7a viada ou de como me disseram que eu era gay\u2019<\/strong> volta em cartaz na programa\u00e7\u00e3o do \u2018Setembro \u00e9 Gayboa\u2019, no Teatro Gamboa Nova. A pe\u00e7a vai contar com oito apresenta\u00e7\u00f5es, sempre \u00e0s sextas-feiras e s\u00e1bados, \u00e0s 19h, com entradas custando R$ 20 (inteira) e R$ 10 (meia). Os ingressos j\u00e1 podem ser adquiridos no <a href=\"http:\/\/www.sympla.com.br\/criancaviada\" target=\"_blank\">www.sympla.com.br\/criancaviada<\/a> ou na bilheteria do teatro, nos dias das apresenta\u00e7\u00f5es. O espet\u00e1culo tem classifica\u00e7\u00e3o indicativa livre a partir dos 14 anos.<\/p>\n<blockquote><p>\u201cEstou muito feliz de fazer essa temporada no m\u00eas de setembro, que \u00e9 quando, em Salvador, a gente comemora a diversidade, ainda mais voltando ao teatro onde estreamos e dentro de uma programa\u00e7\u00e3o que tem essa tem\u00e1tica\u201d, afirma Vinicius Bustani, ator do espet\u00e1culo que \u00e9 o primeiro solo de sua carreira.<\/p><\/blockquote>\n<p>Esta \u00e9 a terceira temporada de \u2018Crian\u00e7a viada ou de como me disseram que eu era gay\u2019, espet\u00e1culo que mistura relatos autobiogr\u00e1ficos com cenas de fic\u00e7\u00e3o. Na pe\u00e7a escrita pelo pr\u00f3prio Vinicius, o ator usa sua hist\u00f3ria com humor e sarcasmo como ponto de partida para mostrar as dificuldades que viveu como pessoa LGBT, desde a inf\u00e2ncia quando ainda nem sabia o que era, mas j\u00e1 era apontado por outras pessoas, passando pela adolesc\u00eancia e chegando na idade adulta.<\/p>\n<p>A motiva\u00e7\u00e3o para montar o espet\u00e1culo surgiu logo ap\u00f3s o ator contar aos pais, familiares e amigos sobre sua sexualidade. \u201cDepois de conversar com eles, disse para ficarem \u00e0 vontade para perguntar o que quisessem\u201d, lembra. Foram quest\u00f5es, muitas vezes t\u00e3o distantes da realidade, que ele viu nelas combust\u00edvel para a pe\u00e7a. \u201cResolvi fazer um espet\u00e1culo em que eu pudesse mostrar com minha hist\u00f3ria que ser gay \u00e9 mais natural e simples do que parece\u201d, pontua.<\/p>\n<p>Para trazer isso tudo ao palco Vinicius contou com a ajuda da diretora e dramaturga Paula Lice. \u201cQuando ele me mostrou todo o material que tinha coletado, achei que poder\u00edamos ir pelo caminho do biodrama e do teatro documental\u201d, conta. \u201cAcredito que para falar sobre um tema t\u00e3o complexo como sexualidade \u00e9 fundamental arriscar um mergulho em sua pr\u00f3pria experi\u00eancia nua e crua. Enfrentar esse tema atrav\u00e9s das estrat\u00e9gias do biodrama \u00e9 estreitar la\u00e7os entre o p\u00fablico e a cena\u201d, finaliza.<\/p>\n<p>Paula tamb\u00e9m comemora a carreira que \u2018Crian\u00e7a viada ou de como me disseram que eu era gay\u2019 est\u00e1 fazendo. \u201cEstou muito feliz de ver que a pe\u00e7a est\u00e1 fazendo sucesso e reverberando\u201d, afirma. Vinicius tamb\u00e9m celebra. \u201cA gente percebe que existe um p\u00fablico grande para o espet\u00e1culo e que grande parte das pessoas que j\u00e1 assistiram se tornaram multiplicadores\u201d, comenta. \u201cO boca a boca tem sido algo potente para nossa pe\u00e7a\u201d, complementa.<\/p>\n<p><strong>Arte e educa\u00e7\u00e3o<\/strong><br \/>\nUm dos diferenciais de \u2018Crian\u00e7a viada ou de como me disseram que eu era gay\u2019 \u00e9 seu formato \u201cport\u00e1til\u201d. \u201cCriamos um espet\u00e1culo com uma estrutura mais simples para que fosse poss\u00edvel lev\u00e1-lo a espa\u00e7os n\u00e3o convencionais ampliando o alcance de p\u00fablico\u201d, explica Vinicius. Entre os desejos da dupla est\u00e1 a vontade de levar a discuss\u00e3o sobre a LGBTfobia nas diferentes fases da vida para os mais diversos espa\u00e7os de educa\u00e7\u00e3o como universidades, escolas e centros de pesquisa, por exemplo.<\/p>\n<p>Uma das primeiras oportunidades acontece ao longo das duas \u00faltimas semanas de agosto, quando \u2018Crian\u00e7a viada ou de como me disseram que eu era gay\u2019 est\u00e1 sendo apresentada a diversas turmas de estudantes e colaboradores da Escola Bahiana de Medicina e Sa\u00fade P\u00fablica (EBMSP), nos dois campi da institui\u00e7\u00e3o no Cabula e em Brotas. \u201cEstamos muito felizes, sab\u00edamos o que ia surgir desse encontro, humanizar, personalizar, singularizar, dar corpo, alma e cora\u00e7\u00e3o \u00e0s pessoas que vivem suas ang\u00fastias, \u00e0s que n\u00e3o vivem e aquelas que angustiam outros. Para n\u00f3s \u00e9 um presente, s\u00f3 temos a agradecer\u201d, comenta Luiza Ribeiro, pedagoga e Coordenadora de Desenvolvimento de Pessoas da EBMSP.<\/p>\n<p>Para mais informa\u00e7\u00f5es siga \u2018Crian\u00e7a viada ou de como me disseram que eu era gay\u2019 no Instagram (@crianca_viada) e no Facebook (<a href=\"http:\/\/facebook.com\/criancaviadaou\" target=\"_blank\">facebook.com\/criancaviadaou<\/a>).<\/p>\n<p>Servi\u00e7o:<br \/>\nCrian\u00e7a viada ou de como me disseram que eu era gay no Setembro \u00e9 Gayboa<br \/>\nQuando: 07, 08, 14, 15, 21, 22, 28 e 29 de setembro (sextas e s\u00e1bados) \u00e0s 19h<br \/>\nOnde: Teatro Gamboa Nova (R. Gamboa de Cima, 3 &#8211; Largo dos Aflitos)<br \/>\nQuanto: R$ 20 (inteira) e R$ 10 (meia)<br \/>\nClassifica\u00e7\u00e3o indicativa: 14 anos<\/p>\n<p><strong>Ficha T\u00e9cnica:<\/strong><br \/>\nTexto e atua\u00e7\u00e3o: Vinicius Bustani<br \/>\nDire\u00e7\u00e3o e dramaturgia: Paula Lice<br \/>\nDire\u00e7\u00e3o de arte: Lia Cunha e Tiago Ribeiro<br \/>\nDire\u00e7\u00e3o musical: Heitor Dantas<br \/>\nDesenho de Luz: Larissa Lacerda<br \/>\nProdu\u00e7\u00e3o: Tais Bichara<\/p>\n","protected":false},"excerpt":{"rendered":"<p>Em setembro, no m\u00eas da diversidade, o espet\u00e1culo \u2018Crian\u00e7a viada ou de como me disseram que eu era gay\u2019 volta em cartaz na programa\u00e7\u00e3o do \u2018Setembro [&hellip;]<\/p>\n","protected":false},"author":2,"featured_media":16678,"comment_status":"open","ping_status":"open","sticky":false,"template":"","format":"image","meta":{"footnotes":""},"categories":[80,16,9],"tags":[1051,1742,175,1743,1744,33,1745,281,309,1741,218,1747,1746,1551,1691,50,462,62,1470],"class_list":["post-16677","post","type-post","status-publish","format-image","has-post-thumbnail","hentry","category-home","category-me-jogo","category-me-orgulho","tag-boy","tag-close","tag-diversidade","tag-favela","tag-freedom","tag-gay","tag-hot","tag-lesbian","tag-lesbica","tag-lgbtqia","tag-liberdade","tag-life","tag-live","tag-love","tag-queer","tag-trans","tag-transgender","tag-travesti","tag-vittar","post_format-post-format-image"],"_links":{"self":[{"href":"https:\/\/blogs.correio24horas.com.br\/mesalte\/wp-json\/wp\/v2\/posts\/16677","targetHints":{"allow":["GET"]}}],"collection":[{"href":"https:\/\/blogs.correio24horas.com.br\/mesalte\/wp-json\/wp\/v2\/posts"}],"about":[{"href":"https:\/\/blogs.correio24horas.com.br\/mesalte\/wp-json\/wp\/v2\/types\/post"}],"author":[{"embeddable":true,"href":"https:\/\/blogs.correio24horas.com.br\/mesalte\/wp-json\/wp\/v2\/users\/2"}],"replies":[{"embeddable":true,"href":"https:\/\/blogs.correio24horas.com.br\/mesalte\/wp-json\/wp\/v2\/comments?post=16677"}],"version-history":[{"count":1,"href":"https:\/\/blogs.correio24horas.com.br\/mesalte\/wp-json\/wp\/v2\/posts\/16677\/revisions"}],"predecessor-version":[{"id":16679,"href":"https:\/\/blogs.correio24horas.com.br\/mesalte\/wp-json\/wp\/v2\/posts\/16677\/revisions\/16679"}],"wp:featuredmedia":[{"embeddable":true,"href":"https:\/\/blogs.correio24horas.com.br\/mesalte\/wp-json\/wp\/v2\/media\/16678"}],"wp:attachment":[{"href":"https:\/\/blogs.correio24horas.com.br\/mesalte\/wp-json\/wp\/v2\/media?parent=16677"}],"wp:term":[{"taxonomy":"category","embeddable":true,"href":"https:\/\/blogs.correio24horas.com.br\/mesalte\/wp-json\/wp\/v2\/categories?post=16677"},{"taxonomy":"post_tag","embeddable":true,"href":"https:\/\/blogs.correio24horas.com.br\/mesalte\/wp-json\/wp\/v2\/tags?post=16677"}],"curies":[{"name":"wp","href":"https:\/\/api.w.org\/{rel}","templated":true}]}}