{"id":16667,"date":"2018-08-27T03:12:01","date_gmt":"2018-08-27T06:12:01","guid":{"rendered":"http:\/\/blogs.correio24horas.com.br\/mesalte\/?p=16667"},"modified":"2018-08-27T03:19:26","modified_gmt":"2018-08-27T06:19:26","slug":"parada-do-orgulho-lgbtq-do-suburbio-acontece-neste-domingo-2","status":"publish","type":"post","link":"https:\/\/blogs.correio24horas.com.br\/mesalte\/parada-do-orgulho-lgbtq-do-suburbio-acontece-neste-domingo-2\/","title":{"rendered":"Parada do Orgulho LGBTQ+ do Sub\u00farbio acontece neste domingo (2)"},"content":{"rendered":"<p>O Sub\u00farbio de Salvador vai parar para a diversidade passar. Acontecer\u00e1 no pr\u00f3ximo domingo (2) a\u00a07\u00aa Parada do Orgulho LGBTQ+ do Sub\u00farbio. Este ano o tema ser\u00e1 \u201cMinha Religi\u00e3o \u00e9 minha F\u00e9\u201d atrav\u00e9s do qual se far\u00e1 uma homenagem ao povo de santo e \u00e0s lutas contra a intoler\u00e2ncia religiosa. O evento ser\u00e1 realizado no dia 2 de setembro, \u00e0s 15h, da pra\u00e7a Jo\u00e3o Martins, em Paripe, com destino \u00e0 pra\u00e7a da Revolu\u00e7\u00e3o, em Periperi.<\/p>\n<p>A parada \u00e9 idealizada por Rosy Silva e Alexsandra Leitte.\u00a0Este ano o padrinho da parada ser\u00e1 Clifer Paz que receber\u00e1 a faixa das m\u00e3os de Jorge Gauthier, editor do Me Salte, que foi o padrinho da edi\u00e7\u00e3o do ano passado.<\/p>\n<p>A madrinha ser\u00e1 Ray Santos. Al\u00e9m dela ser\u00e3o homenageados: Danyulat\u00f4 (rei da parada), Carmen Fran\u00e7a (rainha), Valerie O&#8217;rarah (apresentadora), Genilson Coutinho (pr\u00edncipe), Tuka Perez (top trans) e Laura Drummont (top drag).<\/p>\n<p>No comando dos som estar\u00e3o as Djs Adriana Prates, Duda Baroni, Tia Carol, Sasha Hells e Haeckel Junior.<\/p>\n<p>&nbsp;<\/p>\n<p>&nbsp;<\/p>\n","protected":false},"excerpt":{"rendered":"<p>O Sub\u00farbio de Salvador vai parar para a diversidade passar. Acontecer\u00e1 no pr\u00f3ximo domingo (2) a\u00a07\u00aa Parada do Orgulho LGBTQ+ do Sub\u00farbio. Este ano o tema [&hellip;]<\/p>\n","protected":false},"author":1,"featured_media":16668,"comment_status":"open","ping_status":"open","sticky":false,"template":"","format":"image","meta":{"footnotes":""},"categories":[80,9],"tags":[1051,1742,175,1743,1744,33,1745,309,1741,218,1747,1746,1551,1691,50,462,62,1470],"class_list":["post-16667","post","type-post","status-publish","format-image","has-post-thumbnail","hentry","category-home","category-me-orgulho","tag-boy","tag-close","tag-diversidade","tag-favela","tag-freedom","tag-gay","tag-hot","tag-lesbica","tag-lgbtqia","tag-liberdade","tag-life","tag-live","tag-love","tag-queer","tag-trans","tag-transgender","tag-travesti","tag-vittar","post_format-post-format-image"],"_links":{"self":[{"href":"https:\/\/blogs.correio24horas.com.br\/mesalte\/wp-json\/wp\/v2\/posts\/16667","targetHints":{"allow":["GET"]}}],"collection":[{"href":"https:\/\/blogs.correio24horas.com.br\/mesalte\/wp-json\/wp\/v2\/posts"}],"about":[{"href":"https:\/\/blogs.correio24horas.com.br\/mesalte\/wp-json\/wp\/v2\/types\/post"}],"author":[{"embeddable":true,"href":"https:\/\/blogs.correio24horas.com.br\/mesalte\/wp-json\/wp\/v2\/users\/1"}],"replies":[{"embeddable":true,"href":"https:\/\/blogs.correio24horas.com.br\/mesalte\/wp-json\/wp\/v2\/comments?post=16667"}],"version-history":[{"count":1,"href":"https:\/\/blogs.correio24horas.com.br\/mesalte\/wp-json\/wp\/v2\/posts\/16667\/revisions"}],"predecessor-version":[{"id":16669,"href":"https:\/\/blogs.correio24horas.com.br\/mesalte\/wp-json\/wp\/v2\/posts\/16667\/revisions\/16669"}],"wp:featuredmedia":[{"embeddable":true,"href":"https:\/\/blogs.correio24horas.com.br\/mesalte\/wp-json\/wp\/v2\/media\/16668"}],"wp:attachment":[{"href":"https:\/\/blogs.correio24horas.com.br\/mesalte\/wp-json\/wp\/v2\/media?parent=16667"}],"wp:term":[{"taxonomy":"category","embeddable":true,"href":"https:\/\/blogs.correio24horas.com.br\/mesalte\/wp-json\/wp\/v2\/categories?post=16667"},{"taxonomy":"post_tag","embeddable":true,"href":"https:\/\/blogs.correio24horas.com.br\/mesalte\/wp-json\/wp\/v2\/tags?post=16667"}],"curies":[{"name":"wp","href":"https:\/\/api.w.org\/{rel}","templated":true}]}}