{"id":16663,"date":"2018-08-27T03:04:02","date_gmt":"2018-08-27T06:04:02","guid":{"rendered":"http:\/\/blogs.correio24horas.com.br\/mesalte\/?p=16663"},"modified":"2018-08-27T03:19:33","modified_gmt":"2018-08-27T06:19:33","slug":"segunda-edicao-do-diversilibras-acontece-em-setembro-em-salvador","status":"publish","type":"post","link":"https:\/\/blogs.correio24horas.com.br\/mesalte\/segunda-edicao-do-diversilibras-acontece-em-setembro-em-salvador\/","title":{"rendered":"Segunda edi\u00e7\u00e3o do &#8216;Diversilibras&#8217; acontece em setembro em Salvador"},"content":{"rendered":"<p>Inclus\u00e3o e diversidade! Esses s\u00e3o alguns dos motes da segunda edi\u00e7\u00e3o do Diversilibras, evento que acontecer\u00e1 no dia 21 de setembro no\u00a0Teatro Experimental da Escola de Dan\u00e7a da Universidade Federal da Bahia, das 8h \u00e0s 17h.<\/p>\n<p>O projeto, com a primeira edi\u00e7\u00e3o no ano passado, re\u00fane diversas a\u00e7\u00f5es e informa\u00e7\u00f5es voltadas para Pessoas com Defici\u00eancia, sobretudo pessoas surdas, entrela\u00e7adas a tem\u00e1ticas de G\u00eanero e Diversidade Sexual.<br \/>\n<iframe loading=\"lazy\" src=\"https:\/\/www.youtube.com\/embed\/I1ybyJ_NPv0\" width=\"560\" height=\"315\" frameborder=\"0\" allowfullscreen=\"allowfullscreen\"><\/iframe><\/p>\n<p>No evento ocorrer\u00e1 um ciclo de palestras de tem\u00e1ticas LGBTs, com interpreta\u00e7\u00e3o em Libras, apoio mobilidade, audiodescri\u00e7\u00e3o para cegos \/ baixa vis\u00e3o, com a proposta de promover a inclus\u00e3o com discuss\u00f5es transversais e o respeito \u00e0 diversidade.<\/p>\n<p><strong>Veja a programa\u00e7\u00e3o:<br \/>\n<img loading=\"lazy\" decoding=\"async\" class=\"aligncenter size-full wp-image-16664\" src=\"https:\/\/blogs.correio24h.com.br\/mesalte\/wp-content\/uploads\/2018\/08\/programa\u00e7\u00e3o.png\" alt=\"programa\u00e7\u00e3o\" width=\"595\" height=\"842\" srcset=\"https:\/\/blogs.correio24h.com.br\/mesalte\/wp-content\/uploads\/2018\/08\/programa\u00e7\u00e3o.png 595w, https:\/\/blogs.correio24h.com.br\/mesalte\/wp-content\/uploads\/2018\/08\/programa\u00e7\u00e3o-212x300.png 212w, https:\/\/blogs.correio24h.com.br\/mesalte\/wp-content\/uploads\/2018\/08\/programa\u00e7\u00e3o-103x146.png 103w, https:\/\/blogs.correio24h.com.br\/mesalte\/wp-content\/uploads\/2018\/08\/programa\u00e7\u00e3o-35x50.png 35w, https:\/\/blogs.correio24h.com.br\/mesalte\/wp-content\/uploads\/2018\/08\/programa\u00e7\u00e3o-53x75.png 53w\" sizes=\"auto, (max-width: 595px) 100vw, 595px\" \/><\/strong><\/p>\n<p>&nbsp;<\/p>\n<p>As inscri\u00e7\u00f5es &#8211; que s\u00e3o gratuitas e limitadas &#8211; podem ser feitas atrav\u00e9s da internet no seguinte link: <\/p>\n<p>&nbsp;<\/p>\n<p>&nbsp;<\/p>\n","protected":false},"excerpt":{"rendered":"<p>Inclus\u00e3o e diversidade! Esses s\u00e3o alguns dos motes da segunda edi\u00e7\u00e3o do Diversilibras, evento que acontecer\u00e1 no dia 21 de setembro no\u00a0Teatro Experimental da Escola de [&hellip;]<\/p>\n","protected":false},"author":1,"featured_media":16665,"comment_status":"open","ping_status":"open","sticky":false,"template":"","format":"image","meta":{"footnotes":""},"categories":[80,11],"tags":[1051,1742,175,1743,1744,33,1745,309,1741,218,1740,1747,1746,1551,1691,50,462,62,1470],"class_list":["post-16663","post","type-post","status-publish","format-image","has-post-thumbnail","hentry","category-home","category-me-informo","tag-boy","tag-close","tag-diversidade","tag-favela","tag-freedom","tag-gay","tag-hot","tag-lesbica","tag-lgbtqia","tag-liberdade","tag-libras","tag-life","tag-live","tag-love","tag-queer","tag-trans","tag-transgender","tag-travesti","tag-vittar","post_format-post-format-image"],"_links":{"self":[{"href":"https:\/\/blogs.correio24horas.com.br\/mesalte\/wp-json\/wp\/v2\/posts\/16663","targetHints":{"allow":["GET"]}}],"collection":[{"href":"https:\/\/blogs.correio24horas.com.br\/mesalte\/wp-json\/wp\/v2\/posts"}],"about":[{"href":"https:\/\/blogs.correio24horas.com.br\/mesalte\/wp-json\/wp\/v2\/types\/post"}],"author":[{"embeddable":true,"href":"https:\/\/blogs.correio24horas.com.br\/mesalte\/wp-json\/wp\/v2\/users\/1"}],"replies":[{"embeddable":true,"href":"https:\/\/blogs.correio24horas.com.br\/mesalte\/wp-json\/wp\/v2\/comments?post=16663"}],"version-history":[{"count":1,"href":"https:\/\/blogs.correio24horas.com.br\/mesalte\/wp-json\/wp\/v2\/posts\/16663\/revisions"}],"predecessor-version":[{"id":16666,"href":"https:\/\/blogs.correio24horas.com.br\/mesalte\/wp-json\/wp\/v2\/posts\/16663\/revisions\/16666"}],"wp:featuredmedia":[{"embeddable":true,"href":"https:\/\/blogs.correio24horas.com.br\/mesalte\/wp-json\/wp\/v2\/media\/16665"}],"wp:attachment":[{"href":"https:\/\/blogs.correio24horas.com.br\/mesalte\/wp-json\/wp\/v2\/media?parent=16663"}],"wp:term":[{"taxonomy":"category","embeddable":true,"href":"https:\/\/blogs.correio24horas.com.br\/mesalte\/wp-json\/wp\/v2\/categories?post=16663"},{"taxonomy":"post_tag","embeddable":true,"href":"https:\/\/blogs.correio24horas.com.br\/mesalte\/wp-json\/wp\/v2\/tags?post=16663"}],"curies":[{"name":"wp","href":"https:\/\/api.w.org\/{rel}","templated":true}]}}