{"id":16604,"date":"2018-08-21T07:16:58","date_gmt":"2018-08-21T10:16:58","guid":{"rendered":"http:\/\/blogs.correio24horas.com.br\/mesalte\/?p=16604"},"modified":"2018-08-21T08:26:36","modified_gmt":"2018-08-21T11:26:36","slug":"salvador-tera-micareta-com-claudia-leitte-daniela-mercury-margareth-menezes-alinne-rosa-e-babado-novo","status":"publish","type":"post","link":"https:\/\/blogs.correio24horas.com.br\/mesalte\/salvador-tera-micareta-com-claudia-leitte-daniela-mercury-margareth-menezes-alinne-rosa-e-babado-novo\/","title":{"rendered":"Salvador ter\u00e1 micareta com Claudia Leitte, Daniela Mercury, Margareth Menezes, Alinne Rosa e Babado Novo"},"content":{"rendered":"<p>Est\u00e1 com vontade de Carnaval? N\u00e3o vamos precisar esperar chegar fevereiro\/mar\u00e7o para esquentar os tamborins.\u00a0O Grupo San Sebastian anunciou um evento que promete abalar a capital baiana: Micareta Salvador. O\u00a0\u00a0evento acontecer\u00e1 de 11 a 14 de outubro, no Wet&#8217;n Wild, na Avenida Paralela.\u00a0Nomes de peso j\u00e1 est\u00e3o confirmados, como Claudia Leitte (Blow Out\/Largadinho), Daniela Mercury (Crocodilo), Margareth Menezes (AfroPop), Alinne Rosa (O Vale) e Babado Novo (Papa).<\/p>\n<p>A Micareta Salvador promete 4 dias de folia, todos com after na principal casa do grupo, a SAN, no Rio Vermelho. &#8220;A ideia \u00e9 reunir 6 blocos no Wet\u2019n Wild, numa din\u00e2mica diferente da do Carnaval, em que 1 abad\u00e1 dar\u00e1 acesso a at\u00e9 2 blocos no mesmo dia&#8221;, explica Andr\u00e9 Gagliano, tamb\u00e9m diretor do Grupo San Sebastian.<\/p>\n<p>Na quinta-feira (11) os shows s\u00e3o de Alinne e Margareth. J\u00e1 no s\u00e1bado (13) tem Daniela e Babado Novo. No domingo (14) tem Claudia. Detalhe: ainda faltam algumas atra\u00e7\u00f5es para serem confirmadas.<\/p>\n<p>O circuito da Micareta Salvador ser\u00e1 um cen\u00e1rio \u00e0 parte, com refer\u00eancias na decora\u00e7\u00e3o aos percursos Barra-Ondina e do Centro. O Farol da Barra, o Morro do Cristo e as Meninas do Brasil, apelidadas carinhosamente de &#8220;As Gordinhas de Ondina&#8221;, estar\u00e3o todos representados no circuito, que come\u00e7ar\u00e1 numa Pra\u00e7a Castro Alves c\u00eanica.<\/p>\n<p>&#8220;Salvador \u00e9 mais do que festa e m\u00fasica, sim, mas n\u00e3o tem como negar os encantos dos nossos artistas, que atraem p\u00fablico do mundo todo no Ver\u00e3o. Porque n\u00e3o antecipar os festejos, em outros formatos, para que o Turismo e, consequentemente, a Economia local continuem aquecidos em outros per\u00edodos?\u00a0A estrutura foi toda pensada para garantir conforto e seguran\u00e7a do p\u00fablico. Teremos corredor da folia, encontro de trios, posto m\u00e9dico e banheiros em todo o circuito&#8221;, afirma Jos\u00e9 Augusto Vasconcelos, tamb\u00e9m diretor do grupo.<\/p>\n<p>De quinta a s\u00e1bado, ap\u00f3s os blocos, a SAN, principal casa do grupo, receber\u00e1 DJs locais, nacionais e internacionais. No domingo (14), o After rola no pr\u00f3prio circuito, com os DJs Diego Baez e Giulia Cioti tocando em cima de um trio el\u00e9trico. A programa\u00e7\u00e3o eletr\u00f4nica j\u00e1 est\u00e1 fechada:<\/p>\n<p>11\/10 &#8211; Guilherme Guerrero, Felipe Carvalho e Diego Baez<\/p>\n<p>12\/10 &#8211; Tommy Love, Rob Phillips, Kaio Del Rey e Mauro Mozart<\/p>\n<p>13\/10 &#8211; Ben Bakson (XLSIOR), Anne Louise, Arthur Valleti e Felipe Lira<\/p>\n<p>14\/10 &#8211; Diego Baez e Giulia Cioti (Bloco Pipoca Eletr\u00f4nica)<\/p>\n<p>Se animou? Os ingressos come\u00e7aram a ser vendidos atrav\u00e9s do San Folia (www.sanfolia.com) com pre\u00e7os promocionais v\u00e3o\u00a0at\u00e9\u00a0 \u00e0s 20h de ter\u00e7a-feira (21).<\/p>\n<p><img loading=\"lazy\" decoding=\"async\" class=\"aligncenter size-full wp-image-16605\" src=\"https:\/\/blogs.correio24h.com.br\/mesalte\/wp-content\/uploads\/2018\/08\/micasan.jpg\" alt=\"micasan\" width=\"691\" height=\"651\" srcset=\"https:\/\/blogs.correio24h.com.br\/mesalte\/wp-content\/uploads\/2018\/08\/micasan.jpg 691w, https:\/\/blogs.correio24h.com.br\/mesalte\/wp-content\/uploads\/2018\/08\/micasan-300x283.jpg 300w, https:\/\/blogs.correio24h.com.br\/mesalte\/wp-content\/uploads\/2018\/08\/micasan-155x146.jpg 155w, https:\/\/blogs.correio24h.com.br\/mesalte\/wp-content\/uploads\/2018\/08\/micasan-50x47.jpg 50w, https:\/\/blogs.correio24h.com.br\/mesalte\/wp-content\/uploads\/2018\/08\/micasan-80x75.jpg 80w\" sizes=\"auto, (max-width: 691px) 100vw, 691px\" \/><\/p>\n<p>&nbsp;<\/p>\n<p>SERVI\u00c7O<br \/>\nMicareta Salvador<br \/>\n11 a 14 de outubro, Wet&#8217;n Wild<br \/>\nAtra\u00e7\u00f5es confirmadas: Claudia Leitte, Daniela Mercury, Margareth Menezes, Alinne Rosa e Babado Novo<br \/>\nDJs confirmados: Guilherme Guerrero, Felipe Carvalho, Diego Baez, Tommy Love, Rob Phillips, Kaio Del Rey, Mauro Mozart, Ben Bakson (XLSIOR), Anne Louise, Arthur Valleti, Felipe Lira e Giulia Cioti<br \/>\nVendas: www.sanfolia.com<\/p>\n","protected":false},"excerpt":{"rendered":"<p>Est\u00e1 com vontade de Carnaval? N\u00e3o vamos precisar esperar chegar fevereiro\/mar\u00e7o para esquentar os tamborins.\u00a0O Grupo San Sebastian anunciou um evento que promete abalar a capital [&hellip;]<\/p>\n","protected":false},"author":1,"featured_media":16607,"comment_status":"open","ping_status":"open","sticky":false,"template":"","format":"image","meta":{"footnotes":""},"categories":[28,80],"tags":[],"class_list":["post-16604","post","type-post","status-publish","format-image","has-post-thumbnail","hentry","category-farofa-digital","category-home","post_format-post-format-image"],"_links":{"self":[{"href":"https:\/\/blogs.correio24horas.com.br\/mesalte\/wp-json\/wp\/v2\/posts\/16604","targetHints":{"allow":["GET"]}}],"collection":[{"href":"https:\/\/blogs.correio24horas.com.br\/mesalte\/wp-json\/wp\/v2\/posts"}],"about":[{"href":"https:\/\/blogs.correio24horas.com.br\/mesalte\/wp-json\/wp\/v2\/types\/post"}],"author":[{"embeddable":true,"href":"https:\/\/blogs.correio24horas.com.br\/mesalte\/wp-json\/wp\/v2\/users\/1"}],"replies":[{"embeddable":true,"href":"https:\/\/blogs.correio24horas.com.br\/mesalte\/wp-json\/wp\/v2\/comments?post=16604"}],"version-history":[{"count":2,"href":"https:\/\/blogs.correio24horas.com.br\/mesalte\/wp-json\/wp\/v2\/posts\/16604\/revisions"}],"predecessor-version":[{"id":16611,"href":"https:\/\/blogs.correio24horas.com.br\/mesalte\/wp-json\/wp\/v2\/posts\/16604\/revisions\/16611"}],"wp:featuredmedia":[{"embeddable":true,"href":"https:\/\/blogs.correio24horas.com.br\/mesalte\/wp-json\/wp\/v2\/media\/16607"}],"wp:attachment":[{"href":"https:\/\/blogs.correio24horas.com.br\/mesalte\/wp-json\/wp\/v2\/media?parent=16604"}],"wp:term":[{"taxonomy":"category","embeddable":true,"href":"https:\/\/blogs.correio24horas.com.br\/mesalte\/wp-json\/wp\/v2\/categories?post=16604"},{"taxonomy":"post_tag","embeddable":true,"href":"https:\/\/blogs.correio24horas.com.br\/mesalte\/wp-json\/wp\/v2\/tags?post=16604"}],"curies":[{"name":"wp","href":"https:\/\/api.w.org\/{rel}","templated":true}]}}