{"id":16554,"date":"2018-08-18T11:49:34","date_gmt":"2018-08-18T14:49:34","guid":{"rendered":"http:\/\/blogs.correio24horas.com.br\/mesalte\/?p=16554"},"modified":"2018-08-18T11:49:52","modified_gmt":"2018-08-18T14:49:52","slug":"justica-proibe-entrada-de-menores-de-14-anos-na-exposicao-queermuseu","status":"publish","type":"post","link":"https:\/\/blogs.correio24horas.com.br\/mesalte\/justica-proibe-entrada-de-menores-de-14-anos-na-exposicao-queermuseu\/","title":{"rendered":"Justi\u00e7a pro\u00edbe entrada de menores de 14 anos na exposi\u00e7\u00e3o Queermuseu"},"content":{"rendered":"<p>O juiz Pedro Henrique Alves, da 1\u00ba Vara da Inf\u00e2ncia, da Juventude e do Idoso, decidiu proibir a entrada de menores de 14 anos de idade na exposi\u00e7\u00e3o Queermuseu &#8211; Cartografia da Diferen\u00e7a na Arte Brasileira, que abre ao p\u00fablico neste s\u00e1bado (18), na Escola de Artes Visuais do Parque Lage. O magistrado respondeu \u00e0 recomenda\u00e7\u00e3o de classifica\u00e7\u00e3o indicativa do Minist\u00e9rio P\u00fablico (MP), para afixa\u00e7\u00e3o de informa\u00e7\u00e3o sobre a natureza da mostra, que apresenta obras com conte\u00fado de sexo e nudez.<\/p>\n<p>O MP salientou, entretanto, por meio de sua assessoria, que em nenhum momento pediu a proibi\u00e7\u00e3o do ingresso de menores de 14 anos na exposi\u00e7\u00e3o. \u201cN\u00e3o houve pedido de proibi\u00e7\u00e3o para menor de 14 anos por parte do MP. O MP, em nenhum momento, pediu a proibi\u00e7\u00e3o \u00e0 Justi\u00e7a. O MP enviou recomenda\u00e7\u00e3o aos expositores, com base em decis\u00e3o do Minist\u00e9rio da Justi\u00e7a, que estabeleceu classifica\u00e7\u00e3o indicativa como crit\u00e9rio apenas de orienta\u00e7\u00e3o para os pais\u201d, esclareceu o Minist\u00e9rio P\u00fablico.<\/p>\n<p>Apesar disso, o juiz decidiu proibir a entrada de menores abaixo dessa faixa et\u00e1ria: \u201cDecido: autorizar a entrada e perman\u00eancia de adolescentes de 14 a 15 anos de idade, somente acompanhados dos pais ou respons\u00e1vel legal, e maiores de 15 anos de idade, desacompanhados; proibir a entrada e perman\u00eancia no evento de crian\u00e7as\/adolescentes com idade inferior a 14 anos, ainda que acompanhados dos pais ou respons\u00e1vel legal.\u201d<\/p>\n<p>Caso a decis\u00e3o n\u00e3o seja respeitada, foi institu\u00edda multa de R$ 50 mil di\u00e1rios. Haver\u00e1 fiscaliza\u00e7\u00e3o no local para checar se a medida est\u00e1 sendo cumprida.<\/p>\n<p>A exposi\u00e7\u00e3o Queermuseu foi inaugurada em Porto Alegre, em 15 de agosto do ano passado, com previs\u00e3o de seguir at\u00e9 8 de outubro, no Santander Cultural. Mas protestos de ativistas conservadores provocou o cancelamento da mostra em 10 de setembro. Posteriormente, cogitou-se reabrir a exposi\u00e7\u00e3o no Museu de Arte do Rio (MAR), mas o prefeito Marcelo Crivella vetou a iniciativa.<\/p>\n<p>Al\u00e9m da exposi\u00e7\u00e3o de obras de arte, haver\u00e1 uma intensa programa\u00e7\u00e3o cultural paralela, com shows musicais, debates e espet\u00e1culos de dan\u00e7a.A visita\u00e7\u00e3o \u00e9 gratuita. Os hor\u00e1rios s\u00e3o: das 12h \u00e0s 20h, de segunda-feira a sexta-feira, e das 10h \u00e0s 17h, aos s\u00e1bados, domingos e feriados.<\/p>\n<p>Texto\u00a0e Foto: Ag\u00eancia Brasil<\/p>\n","protected":false},"excerpt":{"rendered":"<p>O juiz Pedro Henrique Alves, da 1\u00ba Vara da Inf\u00e2ncia, da Juventude e do Idoso, decidiu proibir a entrada de menores de 14 anos de idade [&hellip;]<\/p>\n","protected":false},"author":2,"featured_media":16555,"comment_status":"open","ping_status":"open","sticky":false,"template":"","format":"image","meta":{"footnotes":""},"categories":[80,11],"tags":[],"class_list":["post-16554","post","type-post","status-publish","format-image","has-post-thumbnail","hentry","category-home","category-me-informo","post_format-post-format-image"],"_links":{"self":[{"href":"https:\/\/blogs.correio24horas.com.br\/mesalte\/wp-json\/wp\/v2\/posts\/16554","targetHints":{"allow":["GET"]}}],"collection":[{"href":"https:\/\/blogs.correio24horas.com.br\/mesalte\/wp-json\/wp\/v2\/posts"}],"about":[{"href":"https:\/\/blogs.correio24horas.com.br\/mesalte\/wp-json\/wp\/v2\/types\/post"}],"author":[{"embeddable":true,"href":"https:\/\/blogs.correio24horas.com.br\/mesalte\/wp-json\/wp\/v2\/users\/2"}],"replies":[{"embeddable":true,"href":"https:\/\/blogs.correio24horas.com.br\/mesalte\/wp-json\/wp\/v2\/comments?post=16554"}],"version-history":[{"count":1,"href":"https:\/\/blogs.correio24horas.com.br\/mesalte\/wp-json\/wp\/v2\/posts\/16554\/revisions"}],"predecessor-version":[{"id":16556,"href":"https:\/\/blogs.correio24horas.com.br\/mesalte\/wp-json\/wp\/v2\/posts\/16554\/revisions\/16556"}],"wp:featuredmedia":[{"embeddable":true,"href":"https:\/\/blogs.correio24horas.com.br\/mesalte\/wp-json\/wp\/v2\/media\/16555"}],"wp:attachment":[{"href":"https:\/\/blogs.correio24horas.com.br\/mesalte\/wp-json\/wp\/v2\/media?parent=16554"}],"wp:term":[{"taxonomy":"category","embeddable":true,"href":"https:\/\/blogs.correio24horas.com.br\/mesalte\/wp-json\/wp\/v2\/categories?post=16554"},{"taxonomy":"post_tag","embeddable":true,"href":"https:\/\/blogs.correio24horas.com.br\/mesalte\/wp-json\/wp\/v2\/tags?post=16554"}],"curies":[{"name":"wp","href":"https:\/\/api.w.org\/{rel}","templated":true}]}}