{"id":16524,"date":"2018-08-17T08:48:05","date_gmt":"2018-08-17T11:48:05","guid":{"rendered":"http:\/\/blogs.correio24horas.com.br\/mesalte\/?p=16524"},"modified":"2018-08-17T08:48:20","modified_gmt":"2018-08-17T11:48:20","slug":"conheca-luedji-luna-cantora-que-esgotou-os-ingressos-do-tca","status":"publish","type":"post","link":"https:\/\/blogs.correio24horas.com.br\/mesalte\/conheca-luedji-luna-cantora-que-esgotou-os-ingressos-do-tca\/","title":{"rendered":"Conhe\u00e7a Luedji Luna, cantora que esgotou os ingressos do TCA"},"content":{"rendered":"<p class=\"bodytext\">Se voc\u00ea ainda n\u00e3o conhece o trabalho da cantora baiana Luedji Luna, 31 anos, precisa parar um segundo para escutar essa artista de voz doce e potente que se apresenta nesta sexta-feira (17), no Teatro Castro Alves, com os ingressos esgotados. O Pr\u00eamio Caymmi de M\u00fasica 2017 e o Pr\u00eamio Bravo, ambos como revela\u00e7\u00e3o, foram s\u00f3 algumas pistas do impacto causado pelo elogiado \u00e1lbum Um Corpo no Mundo, que conquistou o Brasil por ser genu\u00edno e carregar consigo a for\u00e7a da cultura\u00a0afro-baiana.<\/p>\n<p class=\"bodytext\">Contemplado pelo edital Natura Musical, o show de hoje conta com participa\u00e7\u00e3o do cantor Tigan\u00e1 Santana e marca a estreia nacional da turn\u00ea que vai circular por outros estados. Acompanhada pela banda que gravou o disco lan\u00e7ado no ano passado, Luedji reproduz todas as m\u00fasicas do repert\u00f3rio, na sequ\u00eancia, e abre espa\u00e7o para o convidado de voz imponente de quem \u00e9 \u201cf\u00e3 desde sempre\u201d.<\/p>\n<p><iframe loading=\"lazy\" src=\"https:\/\/www.youtube.com\/embed\/bmWm6I3aAqw\" width=\"560\" height=\"315\" frameborder=\"0\" allowfullscreen=\"allowfullscreen\"><\/iframe><\/p>\n<div id=\"suadiversao_300x250_01\" data-google-query-id=\"CLnAnJWB9NwCFZFFNwodXEYMOw\">\n<div id=\"google_ads_iframe_\/44585206\/c24h_suadiversao_300x250_01_0__container__\">\u201cT\u00f4 muito feliz com a presen\u00e7a dele, que sempre foi uma inspira\u00e7\u00e3o pra mim. Um artista fino que escolheu o sil\u00eancio como caminho\u201d, elogia Luedji. Al\u00e9m de interagir com a anfitri\u00e3, Tigan\u00e1 canta \u00e0 capela e refor\u00e7a o clima do show composto por harmonias suaves e pela voz marcante da artista que abandonou o Direito e o futuro como funcion\u00e1ria p\u00fablica para viver da m\u00fasica.<\/div>\n<\/div>\n<div class=\"teads-inread sm-screen\"><\/div>\n<p class=\"bodytext\">Minimalista, Luedji d\u00e1 voz a letras autorais intensas que exaltam a negritude, denunciam o racismo e refor\u00e7am a busca por identidade e pertencimento. Acompanhada por melodias que misturam batuque baiano com congo e bat\u00e1 cubano, a cantora se destaca pela suavidade da interpreta\u00e7\u00e3o. Essa marca, por\u00e9m, nem sempre foi aceita pela artista que teve d\u00favidas se esse era mesmo o caminho a ser seguido.<\/p>\n<p class=\"bodytext\">\u201cFiquei temerosa, no in\u00edcio. Em um mundo onde est\u00e1 todo mundo gritando, eu estava cantando baixinho. \u2018Ningu\u00e9m vai me ouvir\u2019\u201d, pensou Luedji na \u00e9poca em que decidiu gravar Um Corpo no Mundo. Mas foi com a voz crua que trilhou sua hist\u00f3ria. \u201cEscolhi ser verdadeira e honesta com a m\u00fasica. E parece que as pessoas estavam sedentas por algo que fosse real, fiquei surpresa e aliviada, porque estava com medo \u2018o que \u00e9 que eu t\u00f4 fazendo?\u2019\u201d, revela.<\/p>\n<table class=\"table\">\n<tbody>\n<tr>\n<td class=\"text-center\"><img loading=\"lazy\" decoding=\"async\" title=\"\" src=\"https:\/\/correio-cdn3.cworks.cloud\/fileadmin\/_processed_\/4\/6\/csm_16082018LF2053_1d208238ff.jpg\" alt=\"\" width=\"1000\" height=\"622\" \/><\/td>\n<\/tr>\n<tr>\n<td class=\"text-center\">Tigan\u00e1 Santana \u00e9 o convidado de Luedji Luna (Foto: Reprodu\u00e7\u00e3o Instagram)<\/td>\n<\/tr>\n<\/tbody>\n<\/table>\n<p class=\"bodytext\">Tudo come\u00e7ou quando saiu de Salvador, \u201cuma cidade quente e cheia de pretos\u201d, para morar em S\u00e3o Paulo, \u201cuma cidade fria onde a gente \u00e9 minoria \u00e9tnica\u201d. \u201cFiquei muito pensativa sobre esse novo lugar enquanto corpo negro no Brasil. \u00c9 um territ\u00f3rio que quer apagar esses corpos, seja com o genoc\u00eddio ou simbolicamente. Se estou no territ\u00f3rio que n\u00e3o \u00e9 meu, tenho que lutar o tempo todo. Ent\u00e3o qual \u00e9 o lugar desse corpo?\u201d, questiona Luedji. \u201cNo mundo\u201d, responde.<\/p>\n<p class=\"bodytext\"><strong>TCA<\/strong><br \/>\nDepois de arriscar tudo, Luedji colhe os frutos do seu trabalho de estreia menos de um ano depois. E justamente no teatro que faz parte de sua hist\u00f3ria desde pequena, quando frequentava com a m\u00e3e. &#8220;Aquele palco tem uma impon\u00eancia por si s\u00f3. \u00c9 um palco por onde passaram artistas consagrados internacionalmente e \u00e9\u00a0muito simb\u00f3lico pra mim estar ocupando esse lugar. Diz muito que estou certa das minhas escolhas, por mais que pare\u00e7am arriscadas e fujam um pouco do padr\u00e3o&#8221;, comemora Luedji.<\/p>\n<p class=\"bodytext\">A artista come\u00e7ou a escrever uma coisa ou outra ainda na inf\u00e2ncia, mas foi a partir dos 17 anos que levou a\u00a0composi\u00e7\u00e3o a s\u00e9rio. A inspira\u00e7\u00e3o vem das experi\u00eancias pessoais ou de pessoas que passaram por sua vida e o resultado aparece em letras cr\u00edticas, cheias de leveza e poesia.<\/p>\n<p><iframe loading=\"lazy\" src=\"https:\/\/www.youtube.com\/embed\/myn8MXR1cek\" width=\"560\" height=\"315\" frameborder=\"0\" allowfullscreen=\"allowfullscreen\"><\/iframe><\/p>\n<p class=\"bodytext\">&#8220;Acho que \u00e9 reflexo de como escolhi estar no mundo:\u00a0ser mulher negra.\u00a0Esse corpo traz muita carga, muita mem\u00f3ria, muito trauma, muita dor. At\u00e9 que comecei a mudar a chave e passei a aceitar a dor, olhar pra dor, curar essa dor. N\u00e3o d\u00e1 pra fazer isso de outro jeito sen\u00e3o com leveza&#8221;, garante.<\/p>\n<p class=\"bodytext\">Al\u00e9m de dois clipes do disco que ser\u00e3o lan\u00e7ados at\u00e9 o final do ano, Luedji trabalha em novas composi\u00e7\u00f5es e provoca: &#8220;quem sabe at\u00e9 2020 n\u00e3o vem um disco novo?&#8221;. Mas por enquanto, refor\u00e7a, Um Corpo no Mundo &#8220;ainda tem muito que caminhar&#8221;.<\/p>\n<p class=\"bodytext\"><strong>Servi\u00e7o<\/strong><br \/>\nO qu\u00ea: Luedji Luna estreia a turn\u00ea Um Corpo no Mundo<br \/>\nOnde: Teatro Castro Alves (Campo Grande | 3003-0595)<br \/>\nQuando: Sexta-feira (17), \u00e0s\u00a020h<br \/>\nIngressos (esgotados): R$ 60 | R$ 30 (A a P), R$ 40 | R$ 20 (Q a Z) e R$ 30 | R$ 15 (Z1 a Z11).<\/p>\n<p class=\"bodytext\"><em>Texto: Laura Fernandes\u00a0<\/em><\/p>\n","protected":false},"excerpt":{"rendered":"<p>Se voc\u00ea ainda n\u00e3o conhece o trabalho da cantora baiana Luedji Luna, 31 anos, precisa parar um segundo para escutar essa artista de voz doce e [&hellip;]<\/p>\n","protected":false},"author":2,"featured_media":16525,"comment_status":"open","ping_status":"open","sticky":false,"template":"","format":"image","meta":{"footnotes":""},"categories":[80,26],"tags":[1723],"class_list":["post-16524","post","type-post","status-publish","format-image","has-post-thumbnail","hentry","category-home","category-me-inspiro","tag-luedji-luna","post_format-post-format-image"],"_links":{"self":[{"href":"https:\/\/blogs.correio24horas.com.br\/mesalte\/wp-json\/wp\/v2\/posts\/16524","targetHints":{"allow":["GET"]}}],"collection":[{"href":"https:\/\/blogs.correio24horas.com.br\/mesalte\/wp-json\/wp\/v2\/posts"}],"about":[{"href":"https:\/\/blogs.correio24horas.com.br\/mesalte\/wp-json\/wp\/v2\/types\/post"}],"author":[{"embeddable":true,"href":"https:\/\/blogs.correio24horas.com.br\/mesalte\/wp-json\/wp\/v2\/users\/2"}],"replies":[{"embeddable":true,"href":"https:\/\/blogs.correio24horas.com.br\/mesalte\/wp-json\/wp\/v2\/comments?post=16524"}],"version-history":[{"count":1,"href":"https:\/\/blogs.correio24horas.com.br\/mesalte\/wp-json\/wp\/v2\/posts\/16524\/revisions"}],"predecessor-version":[{"id":16526,"href":"https:\/\/blogs.correio24horas.com.br\/mesalte\/wp-json\/wp\/v2\/posts\/16524\/revisions\/16526"}],"wp:featuredmedia":[{"embeddable":true,"href":"https:\/\/blogs.correio24horas.com.br\/mesalte\/wp-json\/wp\/v2\/media\/16525"}],"wp:attachment":[{"href":"https:\/\/blogs.correio24horas.com.br\/mesalte\/wp-json\/wp\/v2\/media?parent=16524"}],"wp:term":[{"taxonomy":"category","embeddable":true,"href":"https:\/\/blogs.correio24horas.com.br\/mesalte\/wp-json\/wp\/v2\/categories?post=16524"},{"taxonomy":"post_tag","embeddable":true,"href":"https:\/\/blogs.correio24horas.com.br\/mesalte\/wp-json\/wp\/v2\/tags?post=16524"}],"curies":[{"name":"wp","href":"https:\/\/api.w.org\/{rel}","templated":true}]}}