{"id":16519,"date":"2018-08-17T07:54:27","date_gmt":"2018-08-17T10:54:27","guid":{"rendered":"http:\/\/blogs.correio24horas.com.br\/mesalte\/?p=16519"},"modified":"2018-08-17T08:10:16","modified_gmt":"2018-08-17T11:10:16","slug":"claudia-leitte-e-valesca-popozuda-fazem-festas-juntas-em-brasilia","status":"publish","type":"post","link":"https:\/\/blogs.correio24horas.com.br\/mesalte\/claudia-leitte-e-valesca-popozuda-fazem-festas-juntas-em-brasilia\/","title":{"rendered":"Claudia Leitte e Valesca Popozuda fazem festas juntas em Bras\u00edlia"},"content":{"rendered":"<p>A capital do Brasil vai ganhar cores em setembro.\u00a0Bloco de Carnaval e selo de festas, a marca Blow Out\u00a0aporta em\u00a0Bras\u00edlia no dia 29 de setembro\u00a0com as\u00a0cantoras Claudia Leitte e Valesca Popozuda.<\/p>\n<p>O evento, promovido pelo Grupo San Sebastian, dos empres\u00e1rios baianos Jos\u00e9 Augusto Vasconcelos e Andr\u00e9 Gagliano, montar\u00e1 um verdadeiro Carnaval fora de \u00e9poca na Arena Lounge do Est\u00e1dio Nacional Man\u00e9 Garrincha, a partir das 22h.<br \/>\n<img loading=\"lazy\" decoding=\"async\" class=\"aligncenter size-large wp-image-16522\" src=\"https:\/\/blogs.correio24h.com.br\/mesalte\/wp-content\/uploads\/2018\/08\/ze-e-magal-1024x682.jpg\" alt=\"ze e magal\" width=\"1024\" height=\"682\" srcset=\"https:\/\/blogs.correio24h.com.br\/mesalte\/wp-content\/uploads\/2018\/08\/ze-e-magal-1024x682.jpg 1024w, https:\/\/blogs.correio24h.com.br\/mesalte\/wp-content\/uploads\/2018\/08\/ze-e-magal-300x200.jpg 300w, https:\/\/blogs.correio24h.com.br\/mesalte\/wp-content\/uploads\/2018\/08\/ze-e-magal-768x512.jpg 768w, https:\/\/blogs.correio24h.com.br\/mesalte\/wp-content\/uploads\/2018\/08\/ze-e-magal-219x146.jpg 219w, https:\/\/blogs.correio24h.com.br\/mesalte\/wp-content\/uploads\/2018\/08\/ze-e-magal-50x33.jpg 50w, https:\/\/blogs.correio24h.com.br\/mesalte\/wp-content\/uploads\/2018\/08\/ze-e-magal-113x75.jpg 113w, https:\/\/blogs.correio24h.com.br\/mesalte\/wp-content\/uploads\/2018\/08\/ze-e-magal.jpg 1280w\" sizes=\"auto, (max-width: 1024px) 100vw, 1024px\" \/><\/p>\n<p>O evento faz parte da turn\u00ea nacional de Claudia Leitte que j\u00e1 passou Fortaleza, Natal e S\u00e3o Paulo. Outras seis capitais receber\u00e3o a festa at\u00e9 o Carnaval de 2019 &#8211; inclusive, Salvador (data ainda n\u00e3o definida) , quando o Blow Out promete continuar entre os blocos mais vendidos do circuito Barra-Ondina, em Salvador. No Distrito Federal, a festa ter\u00e1 parceria com o clube Victoria Haus e contar\u00e1 com show tamb\u00e9m de Valesca Popozuda.<\/p>\n<p>O show no trio el\u00e9trico ser\u00e1 dividido em atos, um com hits dos 10 anos de carreira de Claudia Leitte e outro com novos sucessos, como Lacradora, Baldin de Gelo, Pode Ter e Carnaval. A festa trar\u00e1 ainda um line-up de DJs.<\/p>\n<p>SERVI\u00c7O:<br \/>\nBlow Out com Claudia Leitte<br \/>\n29 de setembro, 22h<br \/>\nArena Lounge &#8211; Est\u00e1dio Nacional de Bras\u00edlia<br \/>\nAtra\u00e7\u00f5es: Claudia Leitte, Valesca Popozuda e DJs Diogo Goyaz, Felipe Lira, Enrry Senna e Fabio Marx<br \/>\nIngressos: R$ 50 (Pista Salvador), R$ 100 (Front Stage Victoria Haus) e R$ 180 (Lounge Open Bar)<br \/>\nVendas: <a href=\"https:\/\/www.sanfolia.com\/blow-out-brasilia\" target=\"_blank\">https:\/\/www.sanfolia.com\/blow-out-brasilia<\/a><\/p>\n","protected":false},"excerpt":{"rendered":"<p>A capital do Brasil vai ganhar cores em setembro.\u00a0Bloco de Carnaval e selo de festas, a marca Blow Out\u00a0aporta em\u00a0Bras\u00edlia no dia 29 de setembro\u00a0com as\u00a0cantoras [&hellip;]<\/p>\n","protected":false},"author":1,"featured_media":16521,"comment_status":"open","ping_status":"open","sticky":false,"template":"","format":"image","meta":{"footnotes":""},"categories":[80,16],"tags":[],"class_list":["post-16519","post","type-post","status-publish","format-image","has-post-thumbnail","hentry","category-home","category-me-jogo","post_format-post-format-image"],"_links":{"self":[{"href":"https:\/\/blogs.correio24horas.com.br\/mesalte\/wp-json\/wp\/v2\/posts\/16519","targetHints":{"allow":["GET"]}}],"collection":[{"href":"https:\/\/blogs.correio24horas.com.br\/mesalte\/wp-json\/wp\/v2\/posts"}],"about":[{"href":"https:\/\/blogs.correio24horas.com.br\/mesalte\/wp-json\/wp\/v2\/types\/post"}],"author":[{"embeddable":true,"href":"https:\/\/blogs.correio24horas.com.br\/mesalte\/wp-json\/wp\/v2\/users\/1"}],"replies":[{"embeddable":true,"href":"https:\/\/blogs.correio24horas.com.br\/mesalte\/wp-json\/wp\/v2\/comments?post=16519"}],"version-history":[{"count":2,"href":"https:\/\/blogs.correio24horas.com.br\/mesalte\/wp-json\/wp\/v2\/posts\/16519\/revisions"}],"predecessor-version":[{"id":16523,"href":"https:\/\/blogs.correio24horas.com.br\/mesalte\/wp-json\/wp\/v2\/posts\/16519\/revisions\/16523"}],"wp:featuredmedia":[{"embeddable":true,"href":"https:\/\/blogs.correio24horas.com.br\/mesalte\/wp-json\/wp\/v2\/media\/16521"}],"wp:attachment":[{"href":"https:\/\/blogs.correio24horas.com.br\/mesalte\/wp-json\/wp\/v2\/media?parent=16519"}],"wp:term":[{"taxonomy":"category","embeddable":true,"href":"https:\/\/blogs.correio24horas.com.br\/mesalte\/wp-json\/wp\/v2\/categories?post=16519"},{"taxonomy":"post_tag","embeddable":true,"href":"https:\/\/blogs.correio24horas.com.br\/mesalte\/wp-json\/wp\/v2\/tags?post=16519"}],"curies":[{"name":"wp","href":"https:\/\/api.w.org\/{rel}","templated":true}]}}