{"id":16512,"date":"2018-08-15T17:57:13","date_gmt":"2018-08-15T20:57:13","guid":{"rendered":"http:\/\/blogs.correio24horas.com.br\/mesalte\/?p=16512"},"modified":"2018-08-15T17:58:08","modified_gmt":"2018-08-15T20:58:08","slug":"problema-seu","status":"publish","type":"post","link":"https:\/\/blogs.correio24horas.com.br\/mesalte\/problema-seu\/","title":{"rendered":"Problema Seu marca nova fase na carreira de Pabllo Vittar; ou\u00e7a"},"content":{"rendered":"<p>A cantora e drag queen Pabllo Vittar deu in\u00edcio a nova fase da carreira com o lan\u00e7amento da faixa Problema Seu em todas as plataformas digitais nesta quarta-feira (15). A m\u00fasica tem refer\u00eancias do pagode baiano\u00a0com uma pegada pop.<\/p>\n<p><iframe loading=\"lazy\" src=\"https:\/\/open.spotify.com\/embed\/track\/0sMgOV0KurBXvZ4G5AJj4X\" width=\"300\" height=\"380\" frameborder=\"0\"><\/iframe><\/p>\n<p>Problema Seu\u00a0\u00e9 o primeiro single do segundo \u00e1lbum da carreira da artista, que ser\u00e1 sucessor do \u00e1lbum Vai Passar Mal, que teve faixas como\u00a0K.O., Corpo Sensual e Ent\u00e3o Vai<em>.\u00a0<\/em>Ainda nesta\u00a0quarta (15) a can\u00e7\u00e3o ganhar\u00e1 um clipe no YouTube, que ser\u00e1 lan\u00e7ado em um evento em S\u00e3o Paulo. A cantora j\u00e1 adiantou que usar\u00e1 quatro looks diferentes no clipe.<\/p>\n<p>Confira abaixo um teaser do v\u00eddeo:<\/p>\n<p><iframe loading=\"lazy\" src=\"https:\/\/www.youtube.com\/embed\/69ELZZo1TlU\" width=\"560\" height=\"315\" frameborder=\"0\" allowfullscreen=\"allowfullscreen\"><\/iframe><\/p>\n","protected":false},"excerpt":{"rendered":"<p>A cantora e drag queen Pabllo Vittar deu in\u00edcio a nova fase da carreira com o lan\u00e7amento da faixa Problema Seu em todas as plataformas digitais [&hellip;]<\/p>\n","protected":false},"author":3,"featured_media":16513,"comment_status":"open","ping_status":"open","sticky":false,"template":"","format":"image","meta":{"footnotes":""},"categories":[28,80],"tags":[827,1722],"class_list":["post-16512","post","type-post","status-publish","format-image","has-post-thumbnail","hentry","category-farofa-digital","category-home","tag-pabllo-vittar","tag-problema-seu","post_format-post-format-image"],"_links":{"self":[{"href":"https:\/\/blogs.correio24horas.com.br\/mesalte\/wp-json\/wp\/v2\/posts\/16512","targetHints":{"allow":["GET"]}}],"collection":[{"href":"https:\/\/blogs.correio24horas.com.br\/mesalte\/wp-json\/wp\/v2\/posts"}],"about":[{"href":"https:\/\/blogs.correio24horas.com.br\/mesalte\/wp-json\/wp\/v2\/types\/post"}],"author":[{"embeddable":true,"href":"https:\/\/blogs.correio24horas.com.br\/mesalte\/wp-json\/wp\/v2\/users\/3"}],"replies":[{"embeddable":true,"href":"https:\/\/blogs.correio24horas.com.br\/mesalte\/wp-json\/wp\/v2\/comments?post=16512"}],"version-history":[{"count":2,"href":"https:\/\/blogs.correio24horas.com.br\/mesalte\/wp-json\/wp\/v2\/posts\/16512\/revisions"}],"predecessor-version":[{"id":16515,"href":"https:\/\/blogs.correio24horas.com.br\/mesalte\/wp-json\/wp\/v2\/posts\/16512\/revisions\/16515"}],"wp:featuredmedia":[{"embeddable":true,"href":"https:\/\/blogs.correio24horas.com.br\/mesalte\/wp-json\/wp\/v2\/media\/16513"}],"wp:attachment":[{"href":"https:\/\/blogs.correio24horas.com.br\/mesalte\/wp-json\/wp\/v2\/media?parent=16512"}],"wp:term":[{"taxonomy":"category","embeddable":true,"href":"https:\/\/blogs.correio24horas.com.br\/mesalte\/wp-json\/wp\/v2\/categories?post=16512"},{"taxonomy":"post_tag","embeddable":true,"href":"https:\/\/blogs.correio24horas.com.br\/mesalte\/wp-json\/wp\/v2\/tags?post=16512"}],"curies":[{"name":"wp","href":"https:\/\/api.w.org\/{rel}","templated":true}]}}