{"id":16508,"date":"2018-08-15T17:54:31","date_gmt":"2018-08-15T20:54:31","guid":{"rendered":"http:\/\/blogs.correio24horas.com.br\/mesalte\/?p=16508"},"modified":"2018-08-15T18:02:15","modified_gmt":"2018-08-15T21:02:15","slug":"musicos-da-attooxxa-fazem-participacao-em-festa-na-amsterdam","status":"publish","type":"post","link":"https:\/\/blogs.correio24horas.com.br\/mesalte\/musicos-da-attooxxa-fazem-participacao-em-festa-na-amsterdam\/","title":{"rendered":"M\u00fasicos da \u00c0TT\u00d8\u00d8XX\u00c1 fazem participa\u00e7\u00e3o em festa na Amsterdam"},"content":{"rendered":"<p>A mistura que \u00e9 a cara dos agitos do Coletivo OXE71 est\u00e1 de volta \u00e0 Amsterdam Rio Vermelho, nesta sexta-feira\u00a0(12) a partir das 23h. Na pista de dan\u00e7a da festa De Quebradinha, est\u00e3o confirmados Rafa Dias e Raoni, da \u00c0TT\u00d8\u00d8XX\u00c1, DJ Assis e Gabi da Oxe.<\/p>\n<p>No s\u00e1bado\u00a0(18) o maior portal POP do Brasil, o Portal POPLine, retorna a Salvador trazendo o melhor do pop para a pista de dan\u00e7a da Amsterdam. O agito ser\u00e1 comandado pelo DJ carioca Pedro Myguel, que movimenta as pistas de dan\u00e7a da casa ao lado dos DJs locais Bela, Deco, Ober, Yuri, Pablo, Rodrigo, Duda, Rapha, Jo\u00e3o e Cleidson.<\/p>\n<p>SERVI\u00c7O:<br \/>\nDe Quebradinha<br \/>\n17 de agosto (sexta-feira), 23<br \/>\nDJs: Rafa Dias e RAONI, da \u00c0TT\u00d8\u00d8XX\u00c1, DJ Assis e Gabi da Oxe<br \/>\nIngressos: R$ 15\/R$ 20<\/p>\n<p>Vendas: <a href=\"https:\/\/www.sympla.com.br\/amsterdamrv\" target=\"_blank\">Sympla<\/a><\/p>\n<p>POPLine<br \/>\n18 de agosto (s\u00e1bado), 23h<br \/>\nDJs: Pedro Myguel (RJ), Bela, Deco, Ober, Yuri, Pablo, Rodrigo, Duda, Rapha, Jo\u00e3o e Cleidson<br \/>\nIngressos: R$ 20<br \/>\nVendas: <a href=\"https:\/\/www.sympla.com.br\/amsterdamrv\" target=\"_blank\">Sympla<\/a><\/p>\n","protected":false},"excerpt":{"rendered":"<p>A mistura que \u00e9 a cara dos agitos do Coletivo OXE71 est\u00e1 de volta \u00e0 Amsterdam Rio Vermelho, nesta sexta-feira\u00a0(12) a partir das 23h. Na pista [&hellip;]<\/p>\n","protected":false},"author":1,"featured_media":16509,"comment_status":"open","ping_status":"open","sticky":false,"template":"","format":"image","meta":{"footnotes":""},"categories":[80,16],"tags":[],"class_list":["post-16508","post","type-post","status-publish","format-image","has-post-thumbnail","hentry","category-home","category-me-jogo","post_format-post-format-image"],"_links":{"self":[{"href":"https:\/\/blogs.correio24horas.com.br\/mesalte\/wp-json\/wp\/v2\/posts\/16508","targetHints":{"allow":["GET"]}}],"collection":[{"href":"https:\/\/blogs.correio24horas.com.br\/mesalte\/wp-json\/wp\/v2\/posts"}],"about":[{"href":"https:\/\/blogs.correio24horas.com.br\/mesalte\/wp-json\/wp\/v2\/types\/post"}],"author":[{"embeddable":true,"href":"https:\/\/blogs.correio24horas.com.br\/mesalte\/wp-json\/wp\/v2\/users\/1"}],"replies":[{"embeddable":true,"href":"https:\/\/blogs.correio24horas.com.br\/mesalte\/wp-json\/wp\/v2\/comments?post=16508"}],"version-history":[{"count":2,"href":"https:\/\/blogs.correio24horas.com.br\/mesalte\/wp-json\/wp\/v2\/posts\/16508\/revisions"}],"predecessor-version":[{"id":16518,"href":"https:\/\/blogs.correio24horas.com.br\/mesalte\/wp-json\/wp\/v2\/posts\/16508\/revisions\/16518"}],"wp:featuredmedia":[{"embeddable":true,"href":"https:\/\/blogs.correio24horas.com.br\/mesalte\/wp-json\/wp\/v2\/media\/16509"}],"wp:attachment":[{"href":"https:\/\/blogs.correio24horas.com.br\/mesalte\/wp-json\/wp\/v2\/media?parent=16508"}],"wp:term":[{"taxonomy":"category","embeddable":true,"href":"https:\/\/blogs.correio24horas.com.br\/mesalte\/wp-json\/wp\/v2\/categories?post=16508"},{"taxonomy":"post_tag","embeddable":true,"href":"https:\/\/blogs.correio24horas.com.br\/mesalte\/wp-json\/wp\/v2\/tags?post=16508"}],"curies":[{"name":"wp","href":"https:\/\/api.w.org\/{rel}","templated":true}]}}