{"id":16497,"date":"2018-08-15T17:25:58","date_gmt":"2018-08-15T20:25:58","guid":{"rendered":"http:\/\/blogs.correio24horas.com.br\/mesalte\/?p=16497"},"modified":"2018-08-15T17:28:18","modified_gmt":"2018-08-15T20:28:18","slug":"grupo-baiano-san-sebastian-comandara-festa-em-maior-festival-eletronico-na-grecia","status":"publish","type":"post","link":"https:\/\/blogs.correio24horas.com.br\/mesalte\/grupo-baiano-san-sebastian-comandara-festa-em-maior-festival-eletronico-na-grecia\/","title":{"rendered":"Grupo baiano San Sebastian comandar\u00e1 festa em maior festival\u00a0eletr\u00f4nico na Gr\u00e9cia"},"content":{"rendered":"<p>O grupo San Sebastian est\u00e1 bombando e vai carimbar o passaporte mais uma vez. No dia\u00a025 de agosto acontecer\u00e1 a festa San Island Pool Party em Mykonos na Gr\u00e9cia.\u00a0A festa ter\u00e1 no line up nomes como Abel, Anne Loiuse e Mod. Ano passado o grupo j\u00e1 havia participado do evento, mas esse ano tem um gostinho especial.<\/p>\n<p>&#8220;Esse ano n\u00f3s vamos fazer festa no principal dia do evento. \u00c9 uma conquista muito importante para o grupo San Sebastian&#8221;, afirmou Jos\u00e9 Augusto Vasconcelos, diretor do grupo ao lado de Andr\u00e9 Gagliano.<\/p>\n<p>Na \u00faltima semana de agosto, Mykonos vive uma apoteose. A festa da San acontece dentro doXlsior Festival, que reune mais de 30 mil pessoas dos quatro cantos do planeta em festas tem\u00e1ticas que acontecem em v\u00e1rios cen\u00e1rios da ilha: pool party, beach party, festa do branco e a famosa We Party s\u00e3o alguns cl\u00e1ssicos.<\/p>\n<p>Verdadeiras superprodu\u00e7\u00f5es, as baladas contam com artistas do primeiro escal\u00e3o &#8211; especialemtne ligados \u00e0 cena gays &#8211; cenografia cinematogr\u00e1fica e sistema de som de \u00faltima gera\u00e7\u00e3o.<\/p>\n<p>O nome da festa que ser\u00e1 produzido pela San Sebastian remete ao festival San Island Weekend promovido pelo grupo nos \u00faltimos dois anos em Morro de S\u00e3o Paulo que teve Ivete Sangalo com grande estrela. Em 2019, o festival acontecer\u00e1 em Trancoso com<a href=\"https:\/\/www.sanislandweekend.com\/\" target=\"_blank\"> Ivete e Claudia Leitte.<\/a><\/p>\n","protected":false},"excerpt":{"rendered":"<p>O grupo San Sebastian est\u00e1 bombando e vai carimbar o passaporte mais uma vez. No dia\u00a025 de agosto acontecer\u00e1 a festa San Island Pool Party em [&hellip;]<\/p>\n","protected":false},"author":1,"featured_media":16499,"comment_status":"open","ping_status":"open","sticky":false,"template":"","format":"image","meta":{"footnotes":""},"categories":[28,80],"tags":[],"class_list":["post-16497","post","type-post","status-publish","format-image","has-post-thumbnail","hentry","category-farofa-digital","category-home","post_format-post-format-image"],"_links":{"self":[{"href":"https:\/\/blogs.correio24horas.com.br\/mesalte\/wp-json\/wp\/v2\/posts\/16497","targetHints":{"allow":["GET"]}}],"collection":[{"href":"https:\/\/blogs.correio24horas.com.br\/mesalte\/wp-json\/wp\/v2\/posts"}],"about":[{"href":"https:\/\/blogs.correio24horas.com.br\/mesalte\/wp-json\/wp\/v2\/types\/post"}],"author":[{"embeddable":true,"href":"https:\/\/blogs.correio24horas.com.br\/mesalte\/wp-json\/wp\/v2\/users\/1"}],"replies":[{"embeddable":true,"href":"https:\/\/blogs.correio24horas.com.br\/mesalte\/wp-json\/wp\/v2\/comments?post=16497"}],"version-history":[{"count":3,"href":"https:\/\/blogs.correio24horas.com.br\/mesalte\/wp-json\/wp\/v2\/posts\/16497\/revisions"}],"predecessor-version":[{"id":16501,"href":"https:\/\/blogs.correio24horas.com.br\/mesalte\/wp-json\/wp\/v2\/posts\/16497\/revisions\/16501"}],"wp:featuredmedia":[{"embeddable":true,"href":"https:\/\/blogs.correio24horas.com.br\/mesalte\/wp-json\/wp\/v2\/media\/16499"}],"wp:attachment":[{"href":"https:\/\/blogs.correio24horas.com.br\/mesalte\/wp-json\/wp\/v2\/media?parent=16497"}],"wp:term":[{"taxonomy":"category","embeddable":true,"href":"https:\/\/blogs.correio24horas.com.br\/mesalte\/wp-json\/wp\/v2\/categories?post=16497"},{"taxonomy":"post_tag","embeddable":true,"href":"https:\/\/blogs.correio24horas.com.br\/mesalte\/wp-json\/wp\/v2\/tags?post=16497"}],"curies":[{"name":"wp","href":"https:\/\/api.w.org\/{rel}","templated":true}]}}