{"id":16484,"date":"2018-08-12T12:46:52","date_gmt":"2018-08-12T15:46:52","guid":{"rendered":"http:\/\/blogs.correio24horas.com.br\/mesalte\/?p=16484"},"modified":"2018-08-12T13:06:06","modified_gmt":"2018-08-12T16:06:06","slug":"do-ex-a-falsiane-valesca-manda-recado-para-todos-em-suas-cancoes","status":"publish","type":"post","link":"https:\/\/blogs.correio24horas.com.br\/mesalte\/do-ex-a-falsiane-valesca-manda-recado-para-todos-em-suas-cancoes\/","title":{"rendered":"Do ex a falsiane: Valesca manda recado para todos em suas can\u00e7\u00f5es"},"content":{"rendered":"<p>A marra \u00e9 a cl\u00e1ssica do estere\u00f3tipo que conhecemos dos cariocas. Do sucesso emergente na \u00e9poca das Gaiola das Popozudas j\u00e1 se passaram 17 anos e Valesca dos Santos ganhou for\u00e7a e representatividade. Ontem, na San, em Salvador, mostrou que continua firme nos seus prop\u00f3sitos de levar a voz do morro para o mundo sem deixar em segundo plano a for\u00e7a da mulher.<\/p>\n<p>Corpo livre de regras e uma mulher que fala e canta o que quer. Essas s\u00e3o as express\u00f5es mais latentes que ficaram da apresenta\u00e7\u00e3o que lotaram o espa\u00e7o no Rio Vermelho.<\/p>\n<p>Valesca tem m\u00fasica pra tudo: da fossa ao recado pros ex ningu\u00e9m passa inc\u00f3lume.\u00a0 O p\u00fablico, obviamente, vai ao del\u00edrio a cada xurria que ela dispara no palco. Ela diz um monte de verdade a cada letra que parece que encontra sempre um cora\u00e7\u00e3o pra receber a mensagem (pelo bem ou pelo mal). Do ex \u00e0 falsiane sobra para todo mundo.<\/p>\n<p>Por falar em recado, em conversa com o Me Salte antes do show, Valesca ressaltou a import\u00e2ncia de que seus f\u00e3s\u00a0 tenham consci\u00eancia pol\u00edtica firme.<\/p>\n<p><em>Acesse o instagram do Me Salte e veja v\u00eddeos do show<\/em><\/p>\n<p>&#8220;Temos que saber votar. Esse \u00e9 o nosso principal instrumento para cuidar no nosso pa\u00eds. N\u00e3o podemos desperdi\u00e7ar isso&#8221;, afirmou a carioca.<\/p>\n<p>Valesca n\u00e3o animou a noite sozinha. As DJs do selo Menina Veneno tamb\u00e9m marcaram presen\u00e7a na noite bombada que s\u00f3 terminou com o dia amanhecendo: Nai Sena, Ferloma \u2013 duo de Paloma Saavedra e Fernanda Sestelo -, Carolina Medrado, Ana Julieta, Karmaleoa e Bruna Rios.<\/p>\n","protected":false},"excerpt":{"rendered":"<p>A marra \u00e9 a cl\u00e1ssica do estere\u00f3tipo que conhecemos dos cariocas. Do sucesso emergente na \u00e9poca das Gaiola das Popozudas j\u00e1 se passaram 17 anos e [&hellip;]<\/p>\n","protected":false},"author":1,"featured_media":16485,"comment_status":"open","ping_status":"open","sticky":false,"template":"","format":"image","meta":{"footnotes":""},"categories":[28,80],"tags":[],"class_list":["post-16484","post","type-post","status-publish","format-image","has-post-thumbnail","hentry","category-farofa-digital","category-home","post_format-post-format-image"],"_links":{"self":[{"href":"https:\/\/blogs.correio24horas.com.br\/mesalte\/wp-json\/wp\/v2\/posts\/16484","targetHints":{"allow":["GET"]}}],"collection":[{"href":"https:\/\/blogs.correio24horas.com.br\/mesalte\/wp-json\/wp\/v2\/posts"}],"about":[{"href":"https:\/\/blogs.correio24horas.com.br\/mesalte\/wp-json\/wp\/v2\/types\/post"}],"author":[{"embeddable":true,"href":"https:\/\/blogs.correio24horas.com.br\/mesalte\/wp-json\/wp\/v2\/users\/1"}],"replies":[{"embeddable":true,"href":"https:\/\/blogs.correio24horas.com.br\/mesalte\/wp-json\/wp\/v2\/comments?post=16484"}],"version-history":[{"count":5,"href":"https:\/\/blogs.correio24horas.com.br\/mesalte\/wp-json\/wp\/v2\/posts\/16484\/revisions"}],"predecessor-version":[{"id":16491,"href":"https:\/\/blogs.correio24horas.com.br\/mesalte\/wp-json\/wp\/v2\/posts\/16484\/revisions\/16491"}],"wp:featuredmedia":[{"embeddable":true,"href":"https:\/\/blogs.correio24horas.com.br\/mesalte\/wp-json\/wp\/v2\/media\/16485"}],"wp:attachment":[{"href":"https:\/\/blogs.correio24horas.com.br\/mesalte\/wp-json\/wp\/v2\/media?parent=16484"}],"wp:term":[{"taxonomy":"category","embeddable":true,"href":"https:\/\/blogs.correio24horas.com.br\/mesalte\/wp-json\/wp\/v2\/categories?post=16484"},{"taxonomy":"post_tag","embeddable":true,"href":"https:\/\/blogs.correio24horas.com.br\/mesalte\/wp-json\/wp\/v2\/tags?post=16484"}],"curies":[{"name":"wp","href":"https:\/\/api.w.org\/{rel}","templated":true}]}}